{"id":56254,"date":"2022-11-15T05:51:08","date_gmt":"2022-11-15T05:51:08","guid":{"rendered":"https:\/\/haberulus.net\/?p=56254"},"modified":"2022-11-15T05:51:08","modified_gmt":"2022-11-15T05:51:08","slug":"cin-ekonomisinde-daralma-isaretleri","status":"publish","type":"post","link":"https:\/\/haberulus.net\/?p=56254","title":{"rendered":"\u00c7in ekonomisinde daralma i\u015faretleri"},"content":{"rendered":"<p>\u00c7in ekonomisi, \u00fclke genelinde s\u00fcren Covid s\u0131f\u0131r politikas\u0131n\u0131n talebi etkilemesi ve faaliyetleri kesintiye u\u011fratmas\u0131 nedeniyle ekim ay\u0131nda zay\u0131flad\u0131.<\/p>\n<p>Ulusal \u0130statistik B\u00fcrosu bug\u00fcn yapt\u0131\u011f\u0131 a\u00e7\u0131klamada, perakende sat\u0131\u015flar\u0131n bir \u00f6nceki y\u0131la g\u00f6re y\u00fczde 0,5 d\u00fc\u015ferek may\u0131s ay\u0131ndan bu yana ilk kez d\u00fc\u015ft\u00fc\u011f\u00fcn\u00fc s\u00f6yledi. Tahminler y\u00fczde 0,7 b\u00fcy\u00fcme y\u00f6n\u00fcndeydi.<\/p>\n<p>Sanayi \u00fcretimindeki b\u00fcy\u00fcme y\u00fczde 5 olarak ger\u00e7ekle\u015fti. B\u00f6ylece sanayi \u00fcretimindeki b\u00fcy\u00fcme eyl\u00fcldeki y\u00fczde 6,3\u2019ten gerilemi\u015f oldu. \u00c7in\u2019de anket bazl\u0131 kentsel i\u015fsizlik oran\u0131 ekim ay\u0131nda da y\u00fczde 5,5 seviyesinde ger\u00e7ekle\u015firken 16-24 ya\u015f aras\u0131nda i\u015fsizlik oran\u0131 y\u00fczde 17,9 oldu.<\/p>\n<p><b>B\u00dcY\u00dcME HEDEFLER\u0130 TUTMAYAB\u0130L\u0130R<\/b><\/p>\n<p>H\u00fck\u00fcmet, s\u0131f\u0131r covid politikas\u0131n\u0131n ekonomik y\u00fck\u00fcn\u00fc azaltmak ve emlak piyasas\u0131n\u0131 kurtarmak i\u00e7in son g\u00fcnlerde \u00e7e\u015fitli ad\u0131mlar atmaya ba\u015flad\u0131.<\/p>\n<p>Bununla birlikte, i\u015f d\u00fcnyas\u0131 ve t\u00fcketici g\u00fcvenindeki d\u00fc\u015f\u00fc\u015f g\u00f6z \u00f6n\u00fcne al\u0131nd\u0131\u011f\u0131nda, \u00f6nlemlerin b\u00fcy\u00fcmede \u00f6nemli bir art\u0131\u015f sa\u011flay\u0131p sa\u011flamayaca\u011f\u0131 soru i\u015fareti.<\/p>\n<p>Tahminlere g\u00f6re \u00c7in\u2019in y\u0131ll\u0131k GSY\u0130H b\u00fcy\u00fcmesinin bu y\u0131l y\u00fczde 3,3\u2019e gerilemesi bekleniyor. \u00c7in h\u00fck\u00fcmetinin bu y\u0131l i\u00e7in b\u00fcy\u00fcme hedefi y\u00fczde 5,5 d\u00fczeyindeydi. Ancak bug\u00fcne kadar gelen veriler bu oran\u0131n yakalanmas\u0131n\u0131n olas\u0131 olmad\u0131\u011f\u0131n\u0131 g\u00f6steriyor.<\/p>\n","protected":false},"excerpt":{"rendered":"<p>\u00c7in ekonomisi, \u00fclke genelinde s\u00fcren Covid s\u0131f\u0131r politikas\u0131n\u0131n talebi etkilemesi ve faaliyetleri kesintiye u\u011fratmas\u0131 nedeniyle ekim ay\u0131nda &#8230;<\/p>\n","protected":false},"author":1,"featured_media":56255,"comment_status":"closed","ping_status":"open","sticky":false,"template":"","format":"standard","meta":{"footnotes":""},"categories":[25],"tags":[645],"class_list":["post-56254","post","type-post","status-publish","format-standard","has-post-thumbnail","hentry","category-ekonomi","tag-buyume"],"_links":{"self":[{"href":"https:\/\/haberulus.net\/index.php?rest_route=\/wp\/v2\/posts\/56254","targetHints":{"allow":["GET"]}}],"collection":[{"href":"https:\/\/haberulus.net\/index.php?rest_route=\/wp\/v2\/posts"}],"about":[{"href":"https:\/\/haberulus.net\/index.php?rest_route=\/wp\/v2\/types\/post"}],"author":[{"embeddable":true,"href":"https:\/\/haberulus.net\/index.php?rest_route=\/wp\/v2\/users\/1"}],"replies":[{"embeddable":true,"href":"https:\/\/haberulus.net\/index.php?rest_route=%2Fwp%2Fv2%2Fcomments&post=56254"}],"version-history":[{"count":1,"href":"https:\/\/haberulus.net\/index.php?rest_route=\/wp\/v2\/posts\/56254\/revisions"}],"predecessor-version":[{"id":56256,"href":"https:\/\/haberulus.net\/index.php?rest_route=\/wp\/v2\/posts\/56254\/revisions\/56256"}],"wp:featuredmedia":[{"embeddable":true,"href":"https:\/\/haberulus.net\/index.php?rest_route=\/wp\/v2\/media\/56255"}],"wp:attachment":[{"href":"https:\/\/haberulus.net\/index.php?rest_route=%2Fwp%2Fv2%2Fmedia&parent=56254"}],"wp:term":[{"taxonomy":"category","embeddable":true,"href":"https:\/\/haberulus.net\/index.php?rest_route=%2Fwp%2Fv2%2Fcategories&post=56254"},{"taxonomy":"post_tag","embeddable":true,"href":"https:\/\/haberulus.net\/index.php?rest_route=%2Fwp%2Fv2%2Ftags&post=56254"}],"curies":[{"name":"wp","href":"https:\/\/api.w.org\/{rel}","templated":true}]}}