{"id":56287,"date":"2022-11-15T06:21:06","date_gmt":"2022-11-15T06:21:06","guid":{"rendered":"https:\/\/haberulus.net\/?p=56287"},"modified":"2022-11-15T06:21:06","modified_gmt":"2022-11-15T06:21:06","slug":"ab-ve-iran-arasinda-yaptirim-gorusmesi","status":"publish","type":"post","link":"https:\/\/haberulus.net\/?p=56287","title":{"rendered":"AB ve \u0130ran aras\u0131nda yapt\u0131r\u0131m g\u00f6r\u00fc\u015fmesi"},"content":{"rendered":"<p>\u0130ran D\u0131\u015fi\u015fleri Bakan\u0131 H\u00fcseyin Emir Abdullahiyan ile Avrupa Birli\u011fi (AB) D\u0131\u015f \u0130li\u015fkiler ve G\u00fcvenlik Politikas\u0131 Y\u00fcksek Temsilcisi Josep Borrell, \u201cyapt\u0131r\u0131mlar\u0131n kald\u0131r\u0131lmas\u0131na y\u00f6nelik m\u00fczakereleri\u201d g\u00f6r\u00fc\u015ft\u00fc.<\/p>\n<p>D\u0131\u015fi\u015fleri Bakanl\u0131\u011f\u0131n\u0131n sitesinde yay\u0131mlanan a\u00e7\u0131klamaya g\u00f6re, telefonda g\u00f6r\u00fc\u015fen Abdullahiyan ile Borrell, n\u00fckleer \u00e7al\u0131\u015fmalar nedeniyle \u0130ran&#8217;a uygulanan yapt\u0131r\u0131mlar\u0131n kald\u0131r\u0131lmas\u0131na y\u00f6nelik m\u00fczakereleri ve Uluslararas\u0131 Atom Enerjisi Ajans\u0131 (UAEA) ile \u0130ran aras\u0131ndaki i\u015f birli\u011fini el ald\u0131. A\u00e7\u0131klamada, g\u00f6r\u00fc\u015fmenin detaylar\u0131na ili\u015fkin bilgi verilmedi.<\/p>\n<p>\u0130ran D\u0131\u015fi\u015fleri Bakanl\u0131\u011f\u0131 S\u00f6zc\u00fcs\u00fc Nas\u0131r Kenani ise yapt\u0131\u011f\u0131 a\u00e7\u0131klamada, \u0130ran&#8217;dan bir heyetin Viyana&#8217;ya giderek UAEA yetkilileriyle g\u00f6r\u00fc\u015ft\u00fc\u011f\u00fcn\u00fc, UAEA&#8217;dan bir heyetin de g\u00f6r\u00fc\u015fmelere devam etmek \u00fczere \u0130ran\u2019a gelmesi konusunda mutab\u0131k kal\u0131nd\u0131\u011f\u0131n\u0131 aktard\u0131.<\/p>\n<p><strong>\u0130RAN VE ALMANYA ARASINDA KR\u0130Z<\/strong><\/p>\n<p>Bu arada \u0130ran, Almanya Ba\u015fbakan\u0131 Olaf Scholz&#8217;un \u0130ran&#8217;a y\u00f6nelik a\u00e7\u0131klamalar\u0131na tepki olarak, \u00fclkenin Tahran B\u00fcy\u00fckel\u00e7isi\u2019ni D\u0131\u015fi\u015fleri Bakanl\u0131\u011f\u0131\u2019na \u00e7a\u011f\u0131rd\u0131\u011f\u0131n\u0131 bildirdi.<\/p>\n<p>\u0130ran D\u0131\u015fi\u015fleri Bakanl\u0131\u011f\u0131\u2019n\u0131n sitesinde yay\u0131mlanan a\u00e7\u0131klamada, Almanya\u2019n\u0131n Tahran B\u00fcy\u00fckel\u00e7isi Hans Udo Muzel\u2019in, Almanya Ba\u015fbakan\u0131 Scholz&#8217;un \u0130ran&#8217;a y\u00f6nelik \u201cm\u00fcdahaleci ve sorumsuzca\u201d a\u00e7\u0131klamalar\u0131na tepki olarak D\u0131\u015fi\u015fleri Bakanl\u0131\u011f\u0131\u2019na \u00e7a\u011fr\u0131ld\u0131\u011f\u0131 duyuruldu. A\u00e7\u0131klamada, Alman yetkilinin \u201csorumsuzca a\u00e7\u0131klamalar\u0131n\u0131n\u201d k\u0131nand\u0131\u011f\u0131, \u201cAlmanya\u2019n\u0131n, \u00fclkenin i\u00e7 i\u015flerine y\u00f6nelik y\u0131k\u0131c\u0131 yakla\u015f\u0131mlar\u0131n\u0131n \u015fiddetle protesto edildi\u011fi\u201d aktar\u0131ld\u0131. (AA)<\/p>\n","protected":false},"excerpt":{"rendered":"<p>\u0130ran D\u0131\u015fi\u015fleri Bakan\u0131 H\u00fcseyin Emir Abdullahiyan ile Avrupa Birli\u011fi (AB) D\u0131\u015f \u0130li\u015fkiler ve G\u00fcvenlik Politikas\u0131 Y\u00fcksek Temsilcisi Josep Borrell &#8230;<\/p>\n","protected":false},"author":1,"featured_media":56288,"comment_status":"closed","ping_status":"open","sticky":false,"template":"","format":"standard","meta":{"footnotes":""},"categories":[24],"tags":[809,5518,46,2204],"class_list":["post-56287","post","type-post","status-publish","format-standard","has-post-thumbnail","hentry","category-dunya","tag-almanya","tag-disisleri-bakanligi","tag-iran","tag-yonelik"],"_links":{"self":[{"href":"https:\/\/haberulus.net\/index.php?rest_route=\/wp\/v2\/posts\/56287","targetHints":{"allow":["GET"]}}],"collection":[{"href":"https:\/\/haberulus.net\/index.php?rest_route=\/wp\/v2\/posts"}],"about":[{"href":"https:\/\/haberulus.net\/index.php?rest_route=\/wp\/v2\/types\/post"}],"author":[{"embeddable":true,"href":"https:\/\/haberulus.net\/index.php?rest_route=\/wp\/v2\/users\/1"}],"replies":[{"embeddable":true,"href":"https:\/\/haberulus.net\/index.php?rest_route=%2Fwp%2Fv2%2Fcomments&post=56287"}],"version-history":[{"count":1,"href":"https:\/\/haberulus.net\/index.php?rest_route=\/wp\/v2\/posts\/56287\/revisions"}],"predecessor-version":[{"id":56289,"href":"https:\/\/haberulus.net\/index.php?rest_route=\/wp\/v2\/posts\/56287\/revisions\/56289"}],"wp:featuredmedia":[{"embeddable":true,"href":"https:\/\/haberulus.net\/index.php?rest_route=\/wp\/v2\/media\/56288"}],"wp:attachment":[{"href":"https:\/\/haberulus.net\/index.php?rest_route=%2Fwp%2Fv2%2Fmedia&parent=56287"}],"wp:term":[{"taxonomy":"category","embeddable":true,"href":"https:\/\/haberulus.net\/index.php?rest_route=%2Fwp%2Fv2%2Fcategories&post=56287"},{"taxonomy":"post_tag","embeddable":true,"href":"https:\/\/haberulus.net\/index.php?rest_route=%2Fwp%2Fv2%2Ftags&post=56287"}],"curies":[{"name":"wp","href":"https:\/\/api.w.org\/{rel}","templated":true}]}}