{"id":5633,"date":"2022-07-10T10:21:03","date_gmt":"2022-07-10T10:21:03","guid":{"rendered":"https:\/\/haberulus.net\/?p=5633"},"modified":"2022-07-10T10:21:03","modified_gmt":"2022-07-10T10:21:03","slug":"mhp-genel-baskan-yardimcisi-karakayadan-bomba-iddia-meral-aksener-6li-masadan-ayrilacak","status":"publish","type":"post","link":"https:\/\/haberulus.net\/?p=5633","title":{"rendered":"MHP Genel Ba\u015fkan Yard\u0131mc\u0131s\u0131 Karakaya&#8217;dan bomba iddia: Meral Ak\u015fener, 6&#8217;l\u0131 masadan ayr\u0131lacak"},"content":{"rendered":"<p> <strong>Mhp<\/strong> Genel Ba\u015fkan Yard\u0131mc\u0131s\u0131 Mevl\u00fct Karakaya ba\u015fkanl\u0131\u011f\u0131ndaki Milliyet\u00e7i Hareket Partisi (MHP) heyeti, Yalova Milletvekili Meliha Akyol ba\u015fkanl\u0131\u011f\u0131ndaki AK Parti heyeti ile bayramla\u015ft\u0131.<\/p>\n<p><b>&#8220;CHP&#8217;N\u0130N HDP \u0130LE YAKINLI\u011eI \u0130Y\u0130 PART\u0130&#8217;DE RAHATSIZLIK YARATMI\u015e&#8221;<\/b><\/p>\n<p>Sohbet s\u0131ras\u0131nda alt\u0131l\u0131 masan\u0131n durumunun ne olaca\u011f\u0131n\u0131 bilemediklerini belirten Karakaya, &#8220;Benim sahadan g\u00f6rd\u00fc\u011f\u00fcm \u00f6zellikle \u0130Y\u0130 Parti&#8217;nin bu yap\u0131 i\u00e7erisinde CHP&#8217;nin HDP ile olan yak\u0131nl\u0131\u011f\u0131, \u0130Y\u0130 Parti&#8217;ye oy verecek kesimde de ciddi bir rahats\u0131zl\u0131k dile getirmi\u015f.<\/p>\n<p><b>&#8220;ADAY BULAMADAN BA\u015eKA \u015eEYLER OLACAK G\u0130B\u0130&#8221;<\/b><\/p>\n<p>&#8216;Ne olacak peki&#8217; diye sordu\u011fumuzda Meral han\u0131m alt\u0131l\u0131 masaya iyi bir iyilik yapacak diyorlar. &#8216;Nas\u0131l bir iyilik olacak bu?&#8217; Yani b\u00fcy\u00fck bir ihtimalle o yap\u0131dan ayr\u0131lacak diye s\u00f6ylentiler var. Aday bulamadan herhalde ba\u015fka \u015feyler olacak gibi&#8221; diye konu\u015ftu.<\/p>\n","protected":false},"excerpt":{"rendered":"<p>Mhp Genel Ba\u015fkan Yard\u0131mc\u0131s\u0131 Mevl\u00fct Karakaya ba\u015fkanl\u0131\u011f\u0131ndaki Milliyet\u00e7i Hareket Partisi (MHP) heyeti, Yalova Milletvekili Meliha Akyol &#8230;<\/p>\n","protected":false},"author":1,"featured_media":5634,"comment_status":"open","ping_status":"open","sticky":false,"template":"","format":"standard","meta":{"footnotes":""},"categories":[28],"tags":[442],"class_list":["post-5633","post","type-post","status-publish","format-standard","has-post-thumbnail","hentry","category-politika","tag-parti"],"_links":{"self":[{"href":"https:\/\/haberulus.net\/index.php?rest_route=\/wp\/v2\/posts\/5633","targetHints":{"allow":["GET"]}}],"collection":[{"href":"https:\/\/haberulus.net\/index.php?rest_route=\/wp\/v2\/posts"}],"about":[{"href":"https:\/\/haberulus.net\/index.php?rest_route=\/wp\/v2\/types\/post"}],"author":[{"embeddable":true,"href":"https:\/\/haberulus.net\/index.php?rest_route=\/wp\/v2\/users\/1"}],"replies":[{"embeddable":true,"href":"https:\/\/haberulus.net\/index.php?rest_route=%2Fwp%2Fv2%2Fcomments&post=5633"}],"version-history":[{"count":1,"href":"https:\/\/haberulus.net\/index.php?rest_route=\/wp\/v2\/posts\/5633\/revisions"}],"predecessor-version":[{"id":5635,"href":"https:\/\/haberulus.net\/index.php?rest_route=\/wp\/v2\/posts\/5633\/revisions\/5635"}],"wp:featuredmedia":[{"embeddable":true,"href":"https:\/\/haberulus.net\/index.php?rest_route=\/wp\/v2\/media\/5634"}],"wp:attachment":[{"href":"https:\/\/haberulus.net\/index.php?rest_route=%2Fwp%2Fv2%2Fmedia&parent=5633"}],"wp:term":[{"taxonomy":"category","embeddable":true,"href":"https:\/\/haberulus.net\/index.php?rest_route=%2Fwp%2Fv2%2Fcategories&post=5633"},{"taxonomy":"post_tag","embeddable":true,"href":"https:\/\/haberulus.net\/index.php?rest_route=%2Fwp%2Fv2%2Ftags&post=5633"}],"curies":[{"name":"wp","href":"https:\/\/api.w.org\/{rel}","templated":true}]}}