{"id":56618,"date":"2022-11-15T13:06:09","date_gmt":"2022-11-15T13:06:09","guid":{"rendered":"https:\/\/haberulus.net\/?p=56618"},"modified":"2022-11-15T13:06:09","modified_gmt":"2022-11-15T13:06:09","slug":"cevre-aktivistleri-gustav-klimtin-eserine-saldirdi","status":"publish","type":"post","link":"https:\/\/haberulus.net\/?p=56618","title":{"rendered":"\u00c7evre aktivistleri Gustav Klimt\u2019in eserine sald\u0131rd\u0131"},"content":{"rendered":"<p>Kendilerine \u201cSon Jenerasyon\u201d ad\u0131n\u0131 veren bir grup \u201c\u00e7evre aktivisti\u201d fark\u0131ndal\u0131k sa\u011flamak i\u00e7in Avusturyal\u0131 \u00fcnl\u00fc ressam Gustav Klimt\u2019in \u201c\u00d6l\u00fcm ve Ya\u015fam\u201d isimli tablosuna sald\u0131rd\u0131.<\/p>\n<p>Avusturya\u2019n\u0131n ba\u015fkenti Viyana\u2019daki Leopold M\u00fczesi\u2019nde sergilenen eserin yan\u0131na giden g\u00f6stericiler tabloya siyah bir s\u0131v\u0131 d\u00f6kt\u00fc. Tablonun b\u00fcy\u00fck bir k\u0131sm\u0131 lekelenirken g\u00fcvenlik g\u00fc\u00e7leri eylemcileri yaka pa\u00e7a yakalay\u0131p etkisiz hale getirdi.<br \/><img decoding=\"async\" src=\"https:\/\/i01.sozcucdn.com\/wp-content\/uploads\/2022\/11\/15\/cevre-lastgeneration.jpg\" alt=\"\" title=\"\"><\/p>\n<p>M\u00fcze s\u00f6zc\u00fcs\u00fc Klaus Pokorny, \u201cRestorasyon \u00e7al\u0131\u015fanlar\u0131 incelemelerini s\u00fcrd\u00fcr\u00fcyor. Tablodaki hasar inceleniyor\u201d dedi. Yetkililer eserin hasar g\u00f6rm\u00fc\u015f olma ihtimali bulundu\u011funu a\u00e7\u0131klad\u0131.<\/p>\n<p>Avusturyal\u0131 ve Alman \u00e7evre aktivistlerinin olu\u015fturdu\u011fu \u201cSon Jenerasyon\u201d isimli grup da sald\u0131r\u0131y\u0131 \u00fcstlendi. Tablonun \u00fczerine siyah bir s\u0131v\u0131 f\u0131rlatan g\u00f6stericiler, \u201cFosil yak\u0131tlar\u0131 b\u0131rak\u0131n. K\u00fcresel cehenneme do\u011fru gidiyoruz\u201d diye slogan att\u0131.<\/p>\n<div><img decoding=\"async\" src=\"https:\/\/i01.sozcucdn.com\/wp-content\/uploads\/2022\/11\/15\/klimt-sonnesil.jpg\" alt=\"\" title=\"\"><\/p>\n<p>Yetkililer s\u0131v\u0131 maddenin ne kadar\u0131n\u0131n tabloya bula\u015ft\u0131\u011f\u0131n\u0131 tespit etmek i\u00e7in \u00e7al\u0131\u015fmaya ba\u015flad\u0131.<\/p>\n<\/div>\n<p>Leopold M\u00fczesi\u2019ne giri\u015fler sal\u0131 g\u00fcnleri Avusturyal\u0131 petrol ve gaz \u015firketi OMV\u2019nin sponsorlu\u011funda \u00fccretsiz olarak ger\u00e7ekle\u015fiyor. \u00c7evre aktivistleri son haftalarda Avrupa\u2019n\u0131n farkl\u0131 \u00fclkelerinde benzer sald\u0131r\u0131lar ger\u00e7ekle\u015ftiriyor.<\/p>\n<p>Ge\u00e7en aylarda \u0130spanya\u2019n\u0131n ba\u015fkenti Madrid\u2019de bir Francisco Goya\u2019n\u0131n tablosuna kendilerini yap\u0131\u015ft\u0131ran g\u00f6stericiler, Londra ve Roma\u2019da Vincent van Gogh\u2019un tablolar\u0131na \u00e7orba f\u0131rlatm\u0131\u015f, Claude Monet\u2019nin bir eserine de patates atm\u0131\u015flard\u0131.<\/p>\n","protected":false},"excerpt":{"rendered":"<p>Kendilerine \u201cSon Jenerasyon\u201d ad\u0131n\u0131 veren bir grup \u201c\u00e7evre aktivisti\u201d fark\u0131ndal\u0131k sa\u011flamak i\u00e7in Avusturyal\u0131 \u00fcnl\u00fc ressam Gustav Klimt\u2019in \u201c\u00d6l\u00fcm ve &#8230;<\/p>\n","protected":false},"author":1,"featured_media":56619,"comment_status":"closed","ping_status":"open","sticky":false,"template":"","format":"standard","meta":{"footnotes":""},"categories":[27],"tags":[],"class_list":["post-56618","post","type-post","status-publish","format-standard","has-post-thumbnail","hentry","category-kultur-sanat"],"_links":{"self":[{"href":"https:\/\/haberulus.net\/index.php?rest_route=\/wp\/v2\/posts\/56618","targetHints":{"allow":["GET"]}}],"collection":[{"href":"https:\/\/haberulus.net\/index.php?rest_route=\/wp\/v2\/posts"}],"about":[{"href":"https:\/\/haberulus.net\/index.php?rest_route=\/wp\/v2\/types\/post"}],"author":[{"embeddable":true,"href":"https:\/\/haberulus.net\/index.php?rest_route=\/wp\/v2\/users\/1"}],"replies":[{"embeddable":true,"href":"https:\/\/haberulus.net\/index.php?rest_route=%2Fwp%2Fv2%2Fcomments&post=56618"}],"version-history":[{"count":1,"href":"https:\/\/haberulus.net\/index.php?rest_route=\/wp\/v2\/posts\/56618\/revisions"}],"predecessor-version":[{"id":56620,"href":"https:\/\/haberulus.net\/index.php?rest_route=\/wp\/v2\/posts\/56618\/revisions\/56620"}],"wp:featuredmedia":[{"embeddable":true,"href":"https:\/\/haberulus.net\/index.php?rest_route=\/wp\/v2\/media\/56619"}],"wp:attachment":[{"href":"https:\/\/haberulus.net\/index.php?rest_route=%2Fwp%2Fv2%2Fmedia&parent=56618"}],"wp:term":[{"taxonomy":"category","embeddable":true,"href":"https:\/\/haberulus.net\/index.php?rest_route=%2Fwp%2Fv2%2Fcategories&post=56618"},{"taxonomy":"post_tag","embeddable":true,"href":"https:\/\/haberulus.net\/index.php?rest_route=%2Fwp%2Fv2%2Ftags&post=56618"}],"curies":[{"name":"wp","href":"https:\/\/api.w.org\/{rel}","templated":true}]}}