{"id":56846,"date":"2022-12-03T02:36:06","date_gmt":"2022-12-03T02:36:06","guid":{"rendered":"https:\/\/haberulus.net\/?p=56846"},"modified":"2022-12-03T02:36:06","modified_gmt":"2022-12-03T02:36:06","slug":"16-isid-militanini-vatandasimiz-yaptik","status":"publish","type":"post","link":"https:\/\/haberulus.net\/?p=56846","title":{"rendered":"16 I\u015e\u0130D militan\u0131n\u0131 vatanda\u015f\u0131m\u0131z yapt\u0131k"},"content":{"rendered":"<p><strong>Dinci<\/strong> ter\u00f6r \u00f6rg\u00fct\u00fc I\u015e\u0130D&#8217;e mensup 16 ki\u015finin T\u00fcrkiye Cumhuriyeti vatanda\u015f\u0131 yap\u0131ld\u0131\u011f\u0131 anla\u015f\u0131ld\u0131. T\u00fcrkiye&#8217;de bir\u00e7ok kanl\u0131 sald\u0131r\u0131ya imza atan ter\u00f6r \u00f6rg\u00fct\u00fcn\u00fcn \u00fcyelerinin vatanda\u015fl\u0131\u011fa kabul\u00fc tepki do\u011furdu.<\/p>\n<p><strong>\u0130Y\u0130 PART\u0130&#8217;N\u0130N \u00d6NERGES\u0130<\/strong><\/p>\n<p>7 Nisan 2021 g\u00fcn\u00fc Resmi Gazete&#8217;de yay\u0131nlanan bir kararla 86 ki\u015finin mal varl\u0131\u011f\u0131 dinci ter\u00f6r \u00f6rg\u00fct\u00fc \u0130\u015e\u0130D \u00fcyesi olduklar\u0131 gerek\u00e7esiyle donduruldu. Bunlardan 12&#8217;sinin T\u00fcrkiye Cumhuriyeti vatanda\u015fl\u0131\u011f\u0131na al\u0131nd\u0131\u011f\u0131, 8&#8217;inin Suriye, birinin L\u00fcbnan, birinin Irak, birinin de \u00c7in Halk Cumhuriyeti do\u011fumlu oldu\u011fu belirlendi. 1 Aral\u0131k 2022&#8217;de ise 17 \u0130\u015e\u0130D \u00fcyesi ile 4 \u015firketin mal varl\u0131klar\u0131 donduruldu. 17 ki\u015fiden Suriye do\u011fumlu olan 4&#8217;\u00fcn\u00fcn vatanda\u015f yap\u0131ld\u0131\u011f\u0131 ortaya \u00e7\u0131kt\u0131.<\/p>\n<p>\u0130Y\u0130 Parti, \u201c\u0130\u015e\u0130D \u00f6rg\u00fct\u00fcyle iltisakl\u0131 ki\u015filerin T\u00fcrkiye&#8217;de \u015firket kurmas\u0131 ve vatanda\u015fl\u0131k almas\u0131&#8221; konusunda Meclis Ara\u015ft\u0131rma \u00f6nergesi verdi. \u00d6nerge ele al\u0131n\u0131rken konu\u015fan \u0130Y\u0130 Parti Kayseri Milletvekili Dursun Ata\u015f, \u201c\u00d6rg\u00fctle ba\u011flant\u0131l\u0131 ki\u015filere T\u00fcrk vatanda\u015fl\u0131\u011f\u0131 verilmi\u015f. Elek haline gelen s\u0131n\u0131rlardan ge\u00e7ip \u00fclkeye giren ka\u00e7ak g\u00f6\u00e7menler ve iktidar\u0131n para kar\u015f\u0131l\u0131\u011f\u0131 da\u011f\u0131tt\u0131\u011f\u0131 vatanda\u015fl\u0131klar \u00fclkemizi b\u00fcy\u00fck risklere sokuyor. \u00d6yle bir zafiyet var ki, \u0130\u00e7i\u015fleri Bakanl\u0131\u011f\u0131 vatanda\u015fl\u0131k verdi\u011fi ki\u015filerin ter\u00f6r \u00f6rg\u00fct\u00fc mensubu oldu\u011funu dahi tespit edemiyor&#8221; dedi.<\/p>\n<div><img decoding=\"async\" src=\"https:\/\/i01.sozcucdn.com\/wp-content\/uploads\/2022\/12\/02\/10-tekinbingol.jpg\" alt=\"\" title=\"\"><\/p>\n<p>Tekin Bing\u00f6l<\/p>\n<\/div>\n<p><strong>SINIRLAR ELEK OLDU<\/strong><\/p>\n<p>CHP Ankara Milletvekili Tekin Bing\u00f6l de \u201cGar&#8217;\u0131, Suru\u00e7&#8217;u, \u0130stanbul&#8217;u kana bulayan ter\u00f6r \u00f6rg\u00fct\u00fcn\u00fcn \u00fcyelerine vatanda\u015fl\u0131k veriliyor. Laleli&#8217;de\u00a0 Aksaray&#8217;da d\u00fckkan a\u00e7\u0131p ticaret yap\u0131yorlar. Ticaretten men edilen, mal varl\u0131\u011f\u0131 dondurulan \u015firketler ise halen ayn\u0131 adreste \u015firket unvan\u0131n\u0131 de\u011fi\u015ftirerek ticaret yap\u0131yorlar&#8221; ifadesini kulland\u0131. TBMM Adalet Komisyonu Ba\u015fkan\u0131 ve AKP \u0130stanbul Milletvekili Abdullah G\u00fcler ise ele\u015ftirilere \u201cVatanda\u015fl\u0131\u011fa ge\u00e7mi\u015f olabilir, sonradan su\u00e7a kar\u0131\u015fabilir, gere\u011fini yap\u0131yoruz\u201d dedi.<\/p>\n","protected":false},"excerpt":{"rendered":"<p>T\u00fcrk vatanda\u015fl\u0131\u011f\u0131na al\u0131nd\u0131\u011f\u0131 tespit edilen I\u015e\u0130D mensubu 16 ki\u015finin \u00fclkedeki mal varl\u0131klar\u0131 donduruldu. Muhalefet \u201cS\u0131n\u0131rlar\u0131m\u0131z elek oldu\u201d ele\u015ftirisini getirdi.<\/p>\n","protected":false},"author":1,"featured_media":56847,"comment_status":"closed","ping_status":"open","sticky":false,"template":"","format":"standard","meta":{"footnotes":""},"categories":[26],"tags":[2929,87,826],"class_list":["post-56846","post","type-post","status-publish","format-standard","has-post-thumbnail","hentry","category-gundem","tag-teror-orgutu","tag-turk","tag-vatandas"],"_links":{"self":[{"href":"https:\/\/haberulus.net\/index.php?rest_route=\/wp\/v2\/posts\/56846","targetHints":{"allow":["GET"]}}],"collection":[{"href":"https:\/\/haberulus.net\/index.php?rest_route=\/wp\/v2\/posts"}],"about":[{"href":"https:\/\/haberulus.net\/index.php?rest_route=\/wp\/v2\/types\/post"}],"author":[{"embeddable":true,"href":"https:\/\/haberulus.net\/index.php?rest_route=\/wp\/v2\/users\/1"}],"replies":[{"embeddable":true,"href":"https:\/\/haberulus.net\/index.php?rest_route=%2Fwp%2Fv2%2Fcomments&post=56846"}],"version-history":[{"count":1,"href":"https:\/\/haberulus.net\/index.php?rest_route=\/wp\/v2\/posts\/56846\/revisions"}],"predecessor-version":[{"id":56848,"href":"https:\/\/haberulus.net\/index.php?rest_route=\/wp\/v2\/posts\/56846\/revisions\/56848"}],"wp:featuredmedia":[{"embeddable":true,"href":"https:\/\/haberulus.net\/index.php?rest_route=\/wp\/v2\/media\/56847"}],"wp:attachment":[{"href":"https:\/\/haberulus.net\/index.php?rest_route=%2Fwp%2Fv2%2Fmedia&parent=56846"}],"wp:term":[{"taxonomy":"category","embeddable":true,"href":"https:\/\/haberulus.net\/index.php?rest_route=%2Fwp%2Fv2%2Fcategories&post=56846"},{"taxonomy":"post_tag","embeddable":true,"href":"https:\/\/haberulus.net\/index.php?rest_route=%2Fwp%2Fv2%2Ftags&post=56846"}],"curies":[{"name":"wp","href":"https:\/\/api.w.org\/{rel}","templated":true}]}}