{"id":56849,"date":"2022-12-03T02:36:09","date_gmt":"2022-12-03T02:36:09","guid":{"rendered":"https:\/\/haberulus.net\/?p=56849"},"modified":"2022-12-03T02:36:09","modified_gmt":"2022-12-03T02:36:09","slug":"2023teki-hedef-yerel-secimlerden-fazla-oy","status":"publish","type":"post","link":"https:\/\/haberulus.net\/?p=56849","title":{"rendered":"2023\u2019teki hedef yerel se\u00e7imlerden fazla oy"},"content":{"rendered":"<p><strong>Konak <\/strong>Belediye Ba\u015fkan\u0131 Abd\u00fcl Batur, S\u00d6ZC\u00dc Gazetesi&#8217;ni ziyaret etti ve 2023&#8217;te yap\u0131lacak genel se\u00e7ime de\u011findi. CHP&#8217;li Batur, 6&#8217;l\u0131 masan\u0131n alaca\u011f\u0131 sonucun \u00fclkenin gelece\u011fi a\u00e7\u0131s\u0131ndan \u00e7ok \u00f6nemli olaca\u011f\u0131na i\u015faret etti. \u201cEn \u00f6nemlisi bu se\u00e7im\u201d diyen Abd\u00fcl Batur, \u201c\u015eu anda yerel se\u00e7imi d\u00fc\u015f\u00fcnmemek laz\u0131m. B\u00fct\u00fcn partililere s\u00f6yl\u00fcyorum, \u2018yerel se\u00e7imi unutun bir kere\u2026&#8217; Genel se\u00e7imle ilgili bir s\u0131k\u0131nt\u0131 olursa, yerel se\u00e7imin hi\u00e7bir anlam\u0131 kalmayacak. Taslak haz\u0131rlad\u0131lar. B\u00fct\u00fcn il\u00e7eleri kapatacaklar, \u015fube m\u00fcd\u00fcrl\u00fcklerine \u00e7evirecekler, 81 ki\u015fiyle muhatap olacaklar\u2026 Tek ki\u015finin y\u00f6netece\u011fi bir sistem kuracaklar\u201d ifadelerini kulland\u0131.<\/p>\n<p><img decoding=\"async\" src=\"https:\/\/i01.sozcucdn.com\/wp-content\/uploads\/2022\/12\/02\/14-konak.jpg\" alt=\"\" title=\"\"><\/p>\n<p><strong>\u2018KONAK&#8217;TA REKOR KIRDIK&#8217;<\/strong><\/p>\n<p>Ba\u015fkan Abd\u00fcl Batur, 2019 y\u0131l\u0131ndaki yerel se\u00e7imlerinin sonu\u00e7lar\u0131n\u0131 an\u0131msatarak, \u201cBiz Konak&#8217;ta oy rekoru k\u0131rd\u0131k. Y\u00fczde 50&#8217;yi ge\u00e7memi\u015ftik \u015fimdiye kadar. En son y\u00fczde 65 oy ald\u0131k. Hedefimiz, 2023 genel se\u00e7imlerinde 2019 yerel se\u00e7imlerinden daha fazla oy almak. Onun i\u00e7in u\u011fra\u015f\u0131yoruz, \u00f6rg\u00fct olarak onun i\u00e7in \u00e7al\u0131\u015f\u0131yoruz. Al\u0131r\u0131z da\u2026\u201d \u015feklinde konu\u015ftu.<\/p>\n<div><img decoding=\"async\" src=\"https:\/\/i01.sozcucdn.com\/wp-content\/uploads\/2022\/12\/02\/14-ziyaret-1.jpg\" alt=\"\" title=\"\"><\/p>\n<p>Konak Belediye Ba\u015fkan\u0131 Abd\u00fcl Batur (sa\u011fda), S\u00d6ZC\u00dc&#8217;y\u00fc ziyaret etti. Genel Yay\u0131n Y\u00f6netmenimiz Metin Y\u0131lmaz&#8217;a Konak&#8217;\u0131n \u00e7ehresini nas\u0131l de\u011fi\u015ftirdiklerini anlatt\u0131. Batur&#8217;u, yay\u0131n y\u00f6netmenlerimiz Ne\u015fet \u015eenizel ve Serdal Sara\u00e7 a\u011f\u0131rlad\u0131.<\/p>\n<\/div>\n<p><strong>\u2018KENT\u0130 YEN\u0130LEYECE\u011e\u0130Z&#8217;<\/strong><\/p>\n<p>Konak&#8217;ta en b\u00fcy\u00fck s\u0131k\u0131nt\u0131lar\u0131ndan birinin bina envanterinin \u00e7ok eski olmas\u0131 oldu\u011funu belirten Batur, kent yenileme \u00e7al\u0131\u015fmalar\u0131na \u00f6ncelik verdiklerinin alt\u0131n\u0131 \u00e7izdi. Ba\u015fkan Batur \u201cKentin silueti de\u011fi\u015fecek. Ye\u015fil alan, sosyal tesis alan\u0131 standartlara geldi. Kentliyi \u00fczmeden, d\u00f6n\u00fc\u015f\u00fcm\u00fc yerinde sa\u011flayacak \u015fekilde planlar\u0131m\u0131z\u0131 yapt\u0131k. Parselasyon a\u015famas\u0131na ge\u00e7tik. Y\u0131lba\u015f\u0131nda planlar ask\u0131ya \u00e7\u0131kacak ve bu d\u00f6nem en az\u0131ndan s\u00f6zle\u015fmelerine ba\u015flamak istiyoruz. Kenti yenilemekte kararl\u0131y\u0131z\u201d diye konu\u015ftu.<\/p>\n","protected":false},"excerpt":{"rendered":"<p>S\u00d6ZC\u00dc\u2019y\u00fc ziyaret eden CHP\u2019li Ba\u015fkan, \u201cGenel se\u00e7imi kaybedersek yerelin anlam\u0131 kalmayacak. Taslaklar\u0131 haz\u0131r. \u0130l\u00e7e belediyelerini kapatacaklar\u201d dedi.<\/p>\n","protected":false},"author":1,"featured_media":56850,"comment_status":"closed","ping_status":"open","sticky":false,"template":"","format":"standard","meta":{"footnotes":""},"categories":[26],"tags":[9658,2167,1935],"class_list":["post-56849","post","type-post","status-publish","format-standard","has-post-thumbnail","hentry","category-gundem","tag-batur","tag-kent","tag-yerel"],"_links":{"self":[{"href":"https:\/\/haberulus.net\/index.php?rest_route=\/wp\/v2\/posts\/56849","targetHints":{"allow":["GET"]}}],"collection":[{"href":"https:\/\/haberulus.net\/index.php?rest_route=\/wp\/v2\/posts"}],"about":[{"href":"https:\/\/haberulus.net\/index.php?rest_route=\/wp\/v2\/types\/post"}],"author":[{"embeddable":true,"href":"https:\/\/haberulus.net\/index.php?rest_route=\/wp\/v2\/users\/1"}],"replies":[{"embeddable":true,"href":"https:\/\/haberulus.net\/index.php?rest_route=%2Fwp%2Fv2%2Fcomments&post=56849"}],"version-history":[{"count":1,"href":"https:\/\/haberulus.net\/index.php?rest_route=\/wp\/v2\/posts\/56849\/revisions"}],"predecessor-version":[{"id":56851,"href":"https:\/\/haberulus.net\/index.php?rest_route=\/wp\/v2\/posts\/56849\/revisions\/56851"}],"wp:featuredmedia":[{"embeddable":true,"href":"https:\/\/haberulus.net\/index.php?rest_route=\/wp\/v2\/media\/56850"}],"wp:attachment":[{"href":"https:\/\/haberulus.net\/index.php?rest_route=%2Fwp%2Fv2%2Fmedia&parent=56849"}],"wp:term":[{"taxonomy":"category","embeddable":true,"href":"https:\/\/haberulus.net\/index.php?rest_route=%2Fwp%2Fv2%2Fcategories&post=56849"},{"taxonomy":"post_tag","embeddable":true,"href":"https:\/\/haberulus.net\/index.php?rest_route=%2Fwp%2Fv2%2Ftags&post=56849"}],"curies":[{"name":"wp","href":"https:\/\/api.w.org\/{rel}","templated":true}]}}