{"id":56873,"date":"2022-12-03T06:06:05","date_gmt":"2022-12-03T06:06:05","guid":{"rendered":"https:\/\/haberulus.net\/?p=56873"},"modified":"2022-12-03T06:06:05","modified_gmt":"2022-12-03T06:06:05","slug":"iyi-partili-suat-saridan-metro-tahsilati-tepkisi-belediye-butcesine-darbe","status":"publish","type":"post","link":"https:\/\/haberulus.net\/?p=56873","title":{"rendered":"\u0130Y\u0130 Parti\u2019li Suat Sar\u0131\u2019dan metro tahsilat\u0131 tepkisi: Belediye b\u00fct\u00e7esine darbe"},"content":{"rendered":"<p>Ula\u015f\u0131m uzman\u0131 ve \u0130BB Meclisi \u0130Y\u0130 Parti Grup S\u00f6zc\u00fcs\u00fc Dr. Suat Sar\u0131, Ula\u015ft\u0131rma ve Altyap\u0131 Bakanl\u0131\u011f\u0131&#8217;n\u0131n \u0130BB&#8217;ye devretti\u011fi metro hatlar\u0131nda, 2019 yerel se\u00e7imlerinden \u00f6nce metro yap\u0131m maliyetinin bakanl\u0131\u011fa geri \u00f6demesinin bilet gelirlerinin y\u00fczde 15&#8217;inin tahsil edilerek yap\u0131ld\u0131\u011f\u0131n\u0131 hat\u0131rlatt\u0131.<\/p>\n<p>2019 may\u0131s ay\u0131nda \u00e7\u0131kan kararname ile belediyenin \u0130ller Bankas\u0131ndan her ay ald\u0131\u011f\u0131 \u00f6demenin y\u00fczde 5&#8217;inin kayna\u011f\u0131ndan kesilmeye ba\u015fland\u0131\u011f\u0131na dikkat \u00e7eken Sar\u0131 \u201cBu \u015fu demek; Ekim 2022&#8217;de bakanl\u0131\u011f\u0131n \u0130BB&#8217;ye devretti\u011fi Pendik Tav\u015fantepe- Sabiha G\u00f6k\u00e7en Havaliman\u0131 metro hatt\u0131 7,4 km\u00a0 ve yap\u0131m maliyeti 4,4 milyar TL. Bu hattaki ayl\u0131k 685 bin yolcunun Kas\u0131m 2022 bilet gelirinin y\u00fczde 15&#8217;i 308 bin TL ediyor. Oysa ki \u0130BB Ekim ay\u0131nda yeni genelgeye g\u00f6re 196 milyon TL \u00f6dedi. Belediye b\u00fct\u00e7esine darbe adeta. \u0130stanbul, \u0130stanbul olal\u0131 b\u00f6yle zul\u00fcm g\u00f6rmedi\u201d dedi.<\/p>\n<p><strong>\u201c635 KAT ARTTIRILDI\u201d<\/strong><\/p>\n<p>Sar\u0131 \u015funlar\u0131 kaydetti:<\/p>\n<p>\u201c\u0130BB&#8217;de intikam al\u0131n\u0131rcas\u0131na, bu y\u0131l sonuna kadar her ay 195 milyon 692 bin TL fazla tahsilat yap\u0131lacak. Bu 2019 \u00f6ncesi uygulamaya g\u00f6re 635 kat artt\u0131r\u0131lan bir rakam oluyor. Y\u0131lba\u015f\u0131ndan sonra \u0130BB&#8217;nin \u0130ller Bankas\u0131&#8217;ndan alaca\u011f\u0131 paydan bu hat i\u00e7in, ayl\u0131k 374 milyon TL kesilecek. Bakanl\u0131k metronun yap\u0131m bedelinin geri \u00f6demesini\u00a0 \u0130BB&#8217;den yakla\u015f\u0131k 8 bin 800 ayda tahsil edecek iken bu yeni genelge ile \u0130BB&#8217;den metro yap\u0131m bedelinin geri \u00f6deme tahsilat\u0131 12 ayda tamamlanm\u0131\u015f olacak.\u201d<\/p>\n<p><strong>\u201cBA\u015eAK\u015eEH\u0130R METRO HATTINDA DA BENZER\u0130 YA\u015eANACAK\u201d<\/strong><\/p>\n<p>Sar\u0131, yak\u0131nda Bakanl\u0131k taraf\u0131ndan \u0130BB&#8217;ye devredilecek Ba\u015fak\u015fehir- \u00c7am Sakura Metro hatt\u0131nda da benzeri durum ya\u015fanaca\u011f\u0131n\u0131 belirterek \u201cBu hat 6,2 km. Bu hatt\u0131n da \u0130BB&#8217;ye devri ger\u00e7ekle\u015fti\u011finde yakla\u015f\u0131k ayl\u0131k 300 milyon TL, \u0130BB&#8217;nin \u0130ller Bankas\u0131 pay\u0131ndan kesinti olacak. Her iki hat i\u00e7in y\u0131lba\u015f\u0131ndan itibaren yap\u0131lacak toplam kesinti ayl\u0131k 674 milyon TL&#8217;ye ula\u015fm\u0131\u015f olacak. Bu ise \u0130BB&#8217;nin 2023&#8217;de\u00a0 \u0130ller Bankas\u0131&#8217;ndan alaca\u011f\u0131 75 milyar TL\u00a0 pay\u0131n\u00a0 y\u0131l baz\u0131nda y\u00fczde 10 kesilmesi demek oluyor\u201d dedi.<\/p>\n","protected":false},"excerpt":{"rendered":"<p>\u0130Y\u0130 Parti&#8217;li Meclis \u00dcyesi ve ula\u015f\u0131m uzman\u0131 Dr. Suat Sar\u0131, Ula\u015ft\u0131rma Bakanl\u0131\u011f\u0131\u2019n\u0131n \u0130BB\u2019ye devretti\u011fi Pendik- Sabiha G\u00f6k\u00e7en Havaliman\u0131 metro hatt\u0131 i\u00e7in bakanl\u0131\u011fa yap\u0131lan geri \u00f6demedeki farka dikkat \u00e7ekti. 2019 \u00f6ncesindeki uygulamaya g\u00f6re ayl\u0131k 308 bin TL yap\u0131lacak \u00f6demenin yeni genelge ile ayl\u0131k 196 milyon TL\u2019ye \u00e7\u0131kar\u0131ld\u0131\u011f\u0131na dikkat \u00e7eken Sar\u0131 \u201cBelediye b\u00fct\u00e7esine darbe adeta\u201d dedi.<\/p>\n","protected":false},"author":1,"featured_media":56874,"comment_status":"closed","ping_status":"open","sticky":false,"template":"","format":"standard","meta":{"footnotes":""},"categories":[26],"tags":[4002,548,240,95],"class_list":["post-56873","post","type-post","status-publish","format-standard","has-post-thumbnail","hentry","category-gundem","tag-hat","tag-ibb","tag-metro","tag-milyon"],"_links":{"self":[{"href":"https:\/\/haberulus.net\/index.php?rest_route=\/wp\/v2\/posts\/56873","targetHints":{"allow":["GET"]}}],"collection":[{"href":"https:\/\/haberulus.net\/index.php?rest_route=\/wp\/v2\/posts"}],"about":[{"href":"https:\/\/haberulus.net\/index.php?rest_route=\/wp\/v2\/types\/post"}],"author":[{"embeddable":true,"href":"https:\/\/haberulus.net\/index.php?rest_route=\/wp\/v2\/users\/1"}],"replies":[{"embeddable":true,"href":"https:\/\/haberulus.net\/index.php?rest_route=%2Fwp%2Fv2%2Fcomments&post=56873"}],"version-history":[{"count":1,"href":"https:\/\/haberulus.net\/index.php?rest_route=\/wp\/v2\/posts\/56873\/revisions"}],"predecessor-version":[{"id":56875,"href":"https:\/\/haberulus.net\/index.php?rest_route=\/wp\/v2\/posts\/56873\/revisions\/56875"}],"wp:featuredmedia":[{"embeddable":true,"href":"https:\/\/haberulus.net\/index.php?rest_route=\/wp\/v2\/media\/56874"}],"wp:attachment":[{"href":"https:\/\/haberulus.net\/index.php?rest_route=%2Fwp%2Fv2%2Fmedia&parent=56873"}],"wp:term":[{"taxonomy":"category","embeddable":true,"href":"https:\/\/haberulus.net\/index.php?rest_route=%2Fwp%2Fv2%2Fcategories&post=56873"},{"taxonomy":"post_tag","embeddable":true,"href":"https:\/\/haberulus.net\/index.php?rest_route=%2Fwp%2Fv2%2Ftags&post=56873"}],"curies":[{"name":"wp","href":"https:\/\/api.w.org\/{rel}","templated":true}]}}