{"id":56876,"date":"2022-12-03T06:06:06","date_gmt":"2022-12-03T06:06:06","guid":{"rendered":"https:\/\/haberulus.net\/?p=56876"},"modified":"2022-12-03T06:06:06","modified_gmt":"2022-12-03T06:06:06","slug":"vatandas-ihtiyactan-ne-var-ne-yok-satiyor","status":"publish","type":"post","link":"https:\/\/haberulus.net\/?p=56876","title":{"rendered":"Vatanda\u015f ihtiya\u00e7tan ne var ne yok sat\u0131yor"},"content":{"rendered":"<p>\u0130ktidar\u0131n uygulad\u0131\u011f\u0131 ekonomi politikalar\u0131 sonucunda T\u00fcrkiye \u00e7ok uzun y\u0131llard\u0131r ya\u015famad\u0131\u011f\u0131 bir ekonomik krizle bo\u011fu\u015fuyor.<\/p>\n<p>Resmi rakamlara g\u00f6re bile enflasyon y\u00fczde 100\u2019e yakla\u015ft\u0131, d\u00f6viz kurlar\u0131ndaki hareketlilik durdurulam\u0131yor, hayat pahal\u0131l\u0131\u011f\u0131 her ge\u00e7en g\u00fcn rekor k\u0131r\u0131yor\u2026 Bu durum, t\u00fcm sekt\u00f6rleri olumsuz etkiliyor.<\/p>\n<p>D\u00f6vize direkt olarak ba\u011fl\u0131 olan \u00fcr\u00fcnlerdeki fiyatlar ise korkun\u00e7 seviyelere \u00e7\u0131km\u0131\u015f durumda. Bunlar\u0131n ba\u015f\u0131nda ise telefon, bilgisayar ve teknolojik ev e\u015fyalar\u0131 geliyor.<\/p>\n<p>G\u00fcn\u00fcm\u00fczde bir istek de\u011fil, ihtiya\u00e7 olan bu \u00fcr\u00fcnlerin s\u0131f\u0131rlar\u0131na yana\u015fmak m\u00fcmk\u00fcn de\u011fil\u2026 Bu durum, eski e\u015fyalar\u0131n tamirine veya ikinci ele olan y\u00f6nelimi art\u0131r\u0131yor.<\/p>\n<p>Esnaf, son d\u00f6nemde bu alanlara y\u00f6nelimin artt\u0131\u011f\u0131n\u0131 dile getiriyor ancak piyasadaki ve i\u015flerindeki genel durgunlu\u011fa ise dikkat \u00e7ekiyor.<\/p>\n<p>\u00d6zellikle ikinci el ev e\u015fyas\u0131 satanlar bu durgunlu\u011fu derinden hissettiklerini vurguluyor.<\/p>\n<p>Bunun nedeni olarak da insanlar\u0131n y\u00fcksek kira bedellerinden dolay\u0131 e\u015fya yenilemedi\u011fini, \u00f6\u011frencilerin eve \u00e7\u0131kamad\u0131\u011f\u0131n\u0131 hatta insanlar\u0131n bu gerek\u00e7eyle \u0130stanbul\u2019a gelmemesi oldu\u011funu s\u00f6yl\u00fcyorlar.<\/p>\n<p>Ayr\u0131ca S\u00d6ZC\u00dc\u2019ye konu\u015fan esnaf, ihtiya\u00e7tan dolay\u0131 evindeki e\u015fyalar\u0131 satan ki\u015filer oldu\u011funu da anlatt\u0131.<\/p>\n<p>Vatanda\u015flar\u0131n borcunu, kiras\u0131n\u0131 veya \u00e7ocu\u011funun okul taksidini \u00f6deyebilmek i\u00e7in evindeki televizyonu, buzdolab\u0131n\u0131 satt\u0131\u011f\u0131n\u0131; fatura \u00fczerinden taksitle cihaz al\u0131p, cihaz\u0131 bir esnafa satarak nakit paraya \u00e7evirmeye \u00e7al\u0131\u015ft\u0131\u011f\u0131n\u0131 dile getirdiler.<\/p>\n<p>Mikrofon uzatt\u0131\u011f\u0131m\u0131z esnaf ve vatanda\u015flar, gelinen son noktay\u0131 \u015fu s\u00f6zlerle aktard\u0131:<\/p>\n<p><strong>\u201cB\u0130Z BUZDOLAPSIZ YA\u015eIYORUZ\u201d<\/strong><\/p>\n<p><strong>Vesim Akpolat:<\/strong> \u201cHi\u00e7bir \u015fey al\u0131nm\u0131yor maalesef, memleket u\u00e7mu\u015f resmen. \u0130kinci elcilerdeki fiyatlar bile 5-6 bin lira olmu\u015f. \u0130nsanlar k\u0131t kanaat ge\u00e7iniyor. \u015eu anda biz buzdolaps\u0131z ya\u015f\u0131yoruz, \u00e7ocu\u011fum hasta tedavisi i\u00e7in A\u011fr\u0131\u2019dan buraya getirdim ancak \u00e7ocu\u011fumu misafirli\u011fe b\u0131rak\u0131yorum. Kendim de bekar evlerinde kal\u0131yorum. Hamall\u0131k yaparak nas\u0131l ge\u00e7imini sa\u011flayabilirsin? Memleket d\u00fc\u015ft\u00fc, bu d\u00fczene bir son vermeleri laz\u0131m. \u00c7\u0131rp\u0131n\u0131yoruz, Allah sonumuzu hay\u0131r etsin. Bir seneden beri b\u00f6yle. Bu d\u00fczenin de\u011fi\u015fmesi laz\u0131m, tek adam rejimine son verilmedik\u00e7e olmaz.\u201d<\/p>\n<p><strong>\u201cO\u011eLUM YA\u015eINDAYKEN SIFIR ALIRDIM, O\u011eLUM \u0130SE \u0130K\u0130NC\u0130 EL ALAB\u0130L\u0130YOR\u2026\u201d<\/strong><\/p>\n<p><strong>Fatih Keskin:<\/strong> \u201cBen burada o\u011fullar\u0131m\u0131n yan\u0131nda kal\u0131yorum, s\u0131f\u0131r e\u015fya alam\u0131yoruz. \u015eimdi ikinci elcilerdeki fiyatlar da baya y\u00fckseldi. O\u011flumun yan\u0131na destek olmak i\u00e7in geldik, evindeki e\u015fyalar ikinci el. S\u0131f\u0131r\u0131n\u0131 alam\u0131yorsun. Spot\u00e7ulara ikinci el e\u015fya satanlar\u0131 duyuyorum, b\u00f6yle olmamas\u0131 gerekir. Zengin olan daha zengin, fakir olan daha fakir oldu. Orta direk kalmad\u0131, bunlardan \u00f6nce orta s\u0131n\u0131f vard\u0131. Ben o\u011flumun ya\u015f\u0131ndayken s\u0131f\u0131r al\u0131yordum. O\u011flum ise \u015fu an ikinci el kullan\u0131yor\u2026\u201d<\/p>\n<p><strong>\u201cBU DURUMU YA\u015eAYAN \u00c7OK \u0130NSAN VAR\u201d<\/strong><\/p>\n<p><strong>Oktay Temel:<\/strong> \u201cGe\u00e7inemiyor insanlar. Ben de onlardan biriyim. \u0130kinci el e\u015fyalarda da bir olan 3-4 oldu, asgari \u00fccret yerinde duruyor. Asgari \u00fccretin \u015fu an 10 bin lira olmas\u0131 bile bir \u015fey de\u011fi\u015ftirmiyor. E\u015fyalar\u0131n\u0131 ikinci elcilere satan var, \u00f6nceden al\u0131m g\u00fcc\u00fc varm\u0131\u015f alm\u0131\u015f. \u015eimdi satmak istemiyor ama mecbur\u2026 Ekonomi bitik durumda, h\u00fck\u00fcmetin bir an \u00f6nce de\u011fi\u015fmesi laz\u0131m.\u201d<\/p>\n<div><img decoding=\"async\" src=\"https:\/\/i01.sozcucdn.com\/wp-content\/uploads\/2022\/12\/03\/ccad45e4-e04e-406c-83c3-00f5370ee344.jpg\" alt=\"\" title=\"\"><\/p>\n<p>Oktay Temel<\/p>\n<\/div>\n<p><strong>\u201cEKONOM\u0130ST OLMAYA GEREK YOK\u201d<\/strong><\/p>\n<p><strong>R\u00fcya Alican:<\/strong> \u201c\u0130nsanlar\u0131n \u00e7ok zor durumda oldu\u011funu g\u00f6rmek i\u00e7in kitap okumaya gerek yok, ekonomist olmaya gerek yok. \u00c7ocuklar\u0131n ihtiyac\u0131 oluyor, 6 ay \u00f6nce ald\u0131\u011f\u0131m bilgisayar \u015fu an 50-60 bin lira olmu\u015f durumda. Okul i\u00e7in almak zorunday\u0131z, nas\u0131l alaca\u011f\u0131z? Herkesin kendi standartlar\u0131na g\u00f6re \u00f6teledi\u011fi ihtiya\u00e7lar\u0131 oldu\u011funu d\u00fc\u015f\u00fcn\u00fcyorum.\u201d<\/p>\n<div><img decoding=\"async\" src=\"https:\/\/i01.sozcucdn.com\/wp-content\/uploads\/2022\/12\/03\/97c7a4d6-f477-4437-a66b-508d2bdb1420.jpg\" alt=\"\" title=\"\"><\/p>\n<p>R\u00fcya Alican<\/p>\n<\/div>\n<p><strong>\u201c\u00c7OCUKLARIM \u0130\u00c7\u0130N M\u00dcCADELE ED\u0130YORUM\u201d<\/strong><\/p>\n<p><strong>Nimet Pay:<\/strong> \u201cBodrum katta ya\u015f\u0131yoruz\u2026 E\u015fyalar\u0131m eski\u2026 Ne diyece\u011fimizi art\u0131k bilemiyoruz. Hayattan mutlu de\u011filim, bir k\u0131z\u0131m var evlendirip memlekete gidece\u011fim, \u00e7ocuklar\u0131m i\u00e7in burada m\u00fccadele ediyorum yoksa durulacak yer de\u011fil.\u201d<\/p>\n<p><strong>\u201cYEN\u0130S\u0130N\u0130 ALAMAYIP ESK\u0130S\u0130N\u0130 TAM\u0130R ETT\u0130RENLER\u0130N SAYISI ARTTI\u201d<\/strong><\/p>\n<p><strong>S\u0131f\u0131r ve ikinci el telefon satan esnaf Ya\u015far Nabavi<\/strong>: \u201c\u015eu anda s\u0131f\u0131r cihazlar\u0131n fiyatlar\u0131 \u00e7ok y\u00fcksek oldu\u011fundan dolay\u0131 ikinci ele \u00e7ok y\u00f6neliyorlar. \u0130kinci eli de alamay\u0131p eski cihaz\u0131n\u0131 tamire getirenlerin say\u0131s\u0131 da artt\u0131. Her g\u00fcn 4-5 ki\u015fi fatura \u00fczerinden taksitle cihaz al\u0131p bize getirip satarak nakit paraya \u00e7evirmeye \u00e7al\u0131\u015f\u0131yor. Veya bankadan kredi \u00e7ekip cihaz al\u0131yorlar, getirip burada nakite \u00e7evirmek i\u00e7in sat\u0131yorlar\u2026 Kimisi evinin kiras\u0131n\u0131 \u00f6demek i\u00e7in, kimisi \u00e7ocu\u011funun okul taksidini \u00f6demek i\u00e7in cihaz satmaya geliyorlar\u2026<\/p>\n<p><strong>\u201cARTIK ET\u0130KET YAPI\u015eTIRAMIYORUZ\u201d<\/strong><\/p>\n<p>Cihazlara bak\u0131p alamadan eli bo\u015f \u00e7\u0131kan da \u00e7ok ki\u015fi oluyor. Verdi\u011fimiz fiyatlara \u00e7ok \u015fa\u015f\u0131ranlar oluyor. Biz de bazen verdi\u011fimiz fiyatlara utan\u0131yoruz. Ne yaz\u0131k ki elimizden bir \u015fey gelmiyor\u2026 Eskiden cihazlar\u0131n \u00fczerine fiyat etiketi koyard\u0131k, m\u00fc\u015fteriler geldi\u011fi zaman kendi b\u00fct\u00e7elerine g\u00f6re cihaz bakarlard\u0131. \u015eu an fiyatlar g\u00fcndelik de\u011fi\u015fti\u011fi i\u00e7in art\u0131k fiyat etiketi yap\u0131\u015ft\u0131ram\u0131yoruz. Eskiden toptanc\u0131lardan bir liste gelirdi, bir ay o fiyat listesiyle devam ederdik. \u015eu an her 24 saatte bir g\u00fcncel liste geliyor. Hatta bazen g\u00fcnde 2 liste geldi\u011fi oluyor\u2026\u201d<\/p>\n<p><img decoding=\"async\" src=\"https:\/\/i01.sozcucdn.com\/wp-content\/uploads\/2022\/12\/03\/f78577e9-aceb-4de5-97e5-b57dd5b60a7d.jpg\" alt=\"\" title=\"\"><\/p>\n<p><strong>\u201cDOLARDAK\u0130 ARTI\u015eTAN SONRA \u0130NSANLAR ELEKTRON\u0130K C\u0130HAZLARDA \u0130K\u0130NC\u0130 ELE Y\u00d6NELD\u0130\u201d<\/strong><\/p>\n<p>S\u0131f\u0131r ve ikinci el bilgisayar satan esnaf Mustafa G\u00f6z: \u201c\u00d6zellikle dolar kurundaki art\u0131\u015ftan sonra insanlar ikinci ele y\u00f6neldi. S\u0131f\u0131r ile ikinci el cihaz aras\u0131ndaki fiyat makas\u0131 da iyice a\u00e7\u0131ld\u0131. \u00d6nceden bu kadar fiyat fark\u0131 yoktu. \u0130kinci el cihazlar\u0131 TL baz\u0131nda ald\u0131\u011f\u0131m\u0131z i\u00e7in satarken de TL bazl\u0131 sat\u0131yoruz, o y\u00fczden ikinci elde dolar kurunu \u00e7ok fazla g\u00f6z \u00f6n\u00fcne alm\u0131yoruz. \u00d6yle olunca ikinci el \u00e7ok talep g\u00f6r\u00fcyor. Son d\u00f6nemde yeni cihaz alamay\u0131p eskisini tamit ettiren ki\u015fi say\u0131s\u0131 da \u00e7ok artt\u0131.\u201d<\/p>\n<p><strong>\u201cSIFIRIN YANINA YAKLA\u015eILMIYOR AMA \u0130K\u0130NC\u0130 EL F\u0130YATLARI DA UCUZ DE\u011e\u0130L<\/strong>\u201d<\/p>\n<p>\u0130kinci el beyaz e\u015fya ve ev e\u015fyas\u0131 satan esnaf Mehmet Demez: \u201cS\u0131f\u0131rlar\u0131n fiyatlar\u0131 zaten u\u00e7tu gitti\u2026 S\u0131f\u0131r\u0131n yan\u0131na yakla\u015f\u0131lmaz ama ikinci el fiyatlar\u0131 da ucuz de\u011fil\u2026 B\u00f6yle giderse insanlar art\u0131k ikinci el de alamaz. Borcunu, kredisini, kiras\u0131n\u0131, \u00e7ocu\u011funun okul taksidini \u00f6demek i\u00e7in evindeki e\u015fyay\u0131 satmaya getiren de oluyor. Beyaz e\u015fyad\u0131r, televizyondur\u2026 Ge\u00e7enlerde birisi \u2018Ben televizyonumu satmak istiyorum\u2019 dedi.\u201d<\/p>\n<p><strong>\u201c\u0130NSANLAR SIFIR ALAMIYOR\u201d<\/strong><\/p>\n<p>\u0130kinci el beyaz e\u015fya ve ev e\u015fyas\u0131 satan esnaf Bahattin Bozkurt: \u201c\u0130kinci ele olduk\u00e7a talep var. \u00c7\u00fcnk\u00fc s\u0131f\u0131ra g\u00f6re \u00e7ok ucuz. S\u0131f\u0131r alam\u0131yor insanlar.\u201d<\/p>\n","protected":false},"excerpt":{"rendered":"<p>D\u00f6viz kurlar\u0131ndaki dengesizlik, y\u00fcksek enflasyon ve fiyat art\u0131\u015f\u0131ndaki \u00f6ng\u00f6r\u00fclemezlik piyasalar\u0131 alt\u00fcst etmeye devam ediyor. Gelinen son nokta y\u00fcrek s\u0131zlat\u0131yor. \u00c7\u00fcnk\u00fc baz\u0131 vatanda\u015flar borcunu, kiras\u0131n\u0131 veya \u00e7ocu\u011funun okul taksidini \u00f6deyebilmek i\u00e7in evindeki televizyonu, buzdolab\u0131n\u0131 sat\u0131yor..<\/p>\n","protected":false},"author":1,"featured_media":56877,"comment_status":"closed","ping_status":"open","sticky":false,"template":"","format":"standard","meta":{"footnotes":""},"categories":[26],"tags":[4019,4342,5643,3011,4369],"class_list":["post-56876","post","type-post","status-publish","format-standard","has-post-thumbnail","hentry","category-gundem","tag-cihaz","tag-esya","tag-ikinci-el","tag-insanlar","tag-sifir"],"_links":{"self":[{"href":"https:\/\/haberulus.net\/index.php?rest_route=\/wp\/v2\/posts\/56876","targetHints":{"allow":["GET"]}}],"collection":[{"href":"https:\/\/haberulus.net\/index.php?rest_route=\/wp\/v2\/posts"}],"about":[{"href":"https:\/\/haberulus.net\/index.php?rest_route=\/wp\/v2\/types\/post"}],"author":[{"embeddable":true,"href":"https:\/\/haberulus.net\/index.php?rest_route=\/wp\/v2\/users\/1"}],"replies":[{"embeddable":true,"href":"https:\/\/haberulus.net\/index.php?rest_route=%2Fwp%2Fv2%2Fcomments&post=56876"}],"version-history":[{"count":1,"href":"https:\/\/haberulus.net\/index.php?rest_route=\/wp\/v2\/posts\/56876\/revisions"}],"predecessor-version":[{"id":56878,"href":"https:\/\/haberulus.net\/index.php?rest_route=\/wp\/v2\/posts\/56876\/revisions\/56878"}],"wp:featuredmedia":[{"embeddable":true,"href":"https:\/\/haberulus.net\/index.php?rest_route=\/wp\/v2\/media\/56877"}],"wp:attachment":[{"href":"https:\/\/haberulus.net\/index.php?rest_route=%2Fwp%2Fv2%2Fmedia&parent=56876"}],"wp:term":[{"taxonomy":"category","embeddable":true,"href":"https:\/\/haberulus.net\/index.php?rest_route=%2Fwp%2Fv2%2Fcategories&post=56876"},{"taxonomy":"post_tag","embeddable":true,"href":"https:\/\/haberulus.net\/index.php?rest_route=%2Fwp%2Fv2%2Ftags&post=56876"}],"curies":[{"name":"wp","href":"https:\/\/api.w.org\/{rel}","templated":true}]}}