{"id":57021,"date":"2022-12-03T10:06:07","date_gmt":"2022-12-03T10:06:07","guid":{"rendered":"https:\/\/haberulus.net\/?p=57021"},"modified":"2022-12-03T10:06:07","modified_gmt":"2022-12-03T10:06:07","slug":"macron-musk-gorusmesinin-detaylari-ortaya-cikti","status":"publish","type":"post","link":"https:\/\/haberulus.net\/?p=57021","title":{"rendered":"Macron-Musk g\u00f6r\u00fc\u015fmesinin detaylar\u0131 ortaya \u00e7\u0131kt\u0131"},"content":{"rendered":"<p>Fransa Cumhurba\u015fkan\u0131 Emmanuel Macron, ABD ziyareti kapsam\u0131nda New Orleans kentinde Twitter\u0131n yeni sahibi ve milyarder teknoloji giri\u015fimcisi Elon Musk ile g\u00f6r\u00fc\u015ft\u00fc. Macron g\u00f6r\u00fc\u015fmeyi a\u00e7\u0131k ve d\u00fcr\u00fcst olarak nitelendirdi, ayr\u0131ca Twitter\u2019\u0131n Christchurch \u00c7a\u011fr\u0131s\u0131 \u00e7al\u0131\u015fmalar\u0131nda yer almaya devam edece\u011fini belirtti.<\/p>\n<p>Elon Musk\u0131n Twitter\u0131 almas\u0131ndan sonra i\u00e7erik denetleyicilerin i\u015ften \u00e7\u0131kart\u0131lmas\u0131yla ortaya \u00e7\u0131kan i\u00e7erik denetleme a\u00e7\u0131\u011f\u0131 konusunda ele\u015ftirilerin oda\u011f\u0131 olmu\u015f, ge\u00e7en hafta Yeni Zelanda\u2019da meydana gelen Christchurch Cami ter\u00f6r sald\u0131r\u0131s\u0131n\u0131n g\u00f6r\u00fcnt\u00fcleri tekrar Twitter\u2019a y\u00fcklenmi\u015f ve ancak Yeni Zelanda h\u00fck\u00fcmetinin uyar\u0131s\u0131yla tespit edilerek kald\u0131r\u0131lm\u0131\u015ft\u0131.<\/p>\n<p><strong>\u201cKU\u015e \u00c7OCUKLARIMIZI KORUYACAK MI?\u201d D\u0130YE SORMU\u015eTU<\/strong><\/p>\n<p>\u00d6te yandan Macron, 10 Kas\u0131mda Elon Musk\u2019\u0131 etiketleyerek, \u201c\u00c7ocuklar\u0131m\u0131z\u0131 sosyal a\u011flarda ve internette daha iyi korumam\u0131z gerekiyor! \u0130nternette \u00e7ocuklar\u0131m\u0131z\u0131 korumak i\u00e7in kullan\u0131c\u0131 ya\u015f\u0131n\u0131 daha iyi do\u011frulamam\u0131z, cinsel sald\u0131rganlar\u0131 daha iyi ke\u015ffedip durdurmam\u0131z ve zorbal\u0131\u011f\u0131 daha iyi tespit edip ele almam\u0131z gerekiyor. \u0130\u00e7eri\u011fi kald\u0131rmada daha yeterli olmam\u0131z gerekiyor. Ortaklar\u0131m\u0131zla birlikte, bug\u00fcn \u00c7ocuklar \u00c7evrimi\u00e7i Koruma Laboratuvar\u0131\u2019n\u0131 ba\u015flat\u0131yoruz. Fransa, Estonya, Yeni Zelanda, Amazon, Dailymotion, Meta, Microsoft, Alphabet, Snap, TikTok ve Qwant buna kat\u0131ld\u0131. \u0130steyen herkes bize kat\u0131lmal\u0131! Ku\u015f \u00e7ocuklar\u0131m\u0131z\u0131 koruyacak m\u0131?\u201d a\u00e7\u0131klamas\u0131n\u0131 yapm\u0131\u015f ve Elon Musk Frans\u0131zca \u201cKesinlikle\u201d cevab\u0131n\u0131 vermi\u015fti.<\/p>\n<p>ABD ziyareti kapsam\u0131nda New Orleans\u2019a giden Macron, d\u00fcn Elon Musk ile g\u00f6r\u00fc\u015fme ger\u00e7ekle\u015ftirdi ve g\u00f6r\u00fc\u015fmeyi a\u00e7\u0131k ve d\u00fcr\u00fcst olarak nitelendirdi.<\/p>\n<p>G\u00f6r\u00fc\u015fme sonras\u0131nda, \u201cFransa ve Avrupa\u2019y\u0131 karbondan ar\u0131nd\u0131rma ve yeniden sanayile\u015ftirme tutkumuz do\u011frultusunda, bug\u00fcn Elon Musk ile \u00f6zellikle elektrikli ara\u00e7 ve pil \u00fcretimi olmak \u00fczere gelece\u011fin ye\u015fil end\u00fcstriyel projeleri hakk\u0131nda konu\u015ftum. Bu \u00f6\u011fleden sonra Elon Musk ile bulu\u015ftum ve a\u00e7\u0131k ve d\u00fcr\u00fcst bir \u015fekilde konu\u015ftuk\u201d dedi.<\/p>\n<p>Macron, i\u00e7erik denetiminin g\u00fc\u00e7lendirilmesi ve \u015feffaf kullan\u0131m ko\u015fullar\u0131 hakk\u0131nda g\u00f6r\u00fc\u015ft\u00fc\u011f\u00fcn\u00fc belirterek Twitter\u2019\u0131n AB d\u00fczenlemelerine uymak i\u00e7in \u00e7abalamas\u0131 gerekti\u011fini ifade etti.<\/p>\n<p>Yeni Zelanda ve Fransa liderli\u011finde 120den fazla devlet, sosyal medya platformu ve STK bir araya gelerek Christchurch Caminde meydana gelen ter\u00f6r sald\u0131r\u0131s\u0131n\u0131n internet \u00fczerinden 17 dakika boyunca yay\u0131nlanmas\u0131 \u00fczerine Christchurch \u00c7a\u011fr\u0131s\u0131 adl\u0131 bir toplulu\u011fu kurmu\u015f, Twitter ise bu toplulu\u011fun bir par\u00e7as\u0131 olarak yer alm\u0131\u015ft\u0131.<\/p>\n<p>Twitter\u2019\u0131n el de\u011fi\u015ftirmesiyle yeni y\u00f6netimin bu toplulukta yer al\u0131p yer almayaca\u011f\u0131 soru i\u015fareti do\u011furmu\u015ftu. Ancak Macron\u2019un d\u00fcnk\u00fc a\u00e7\u0131klamalar\u0131nda Twitter\u2019\u0131n, Christchurch \u00c7a\u011fr\u0131s\u0131nda \u00e7al\u0131\u015fmaya devam edece\u011fini teyit etti.<\/p>\n","protected":false},"excerpt":{"rendered":"<p>Resmi temaslar kapsam\u0131nda ABD&#8217;de bulunan Fransa Cumhurba\u015fkan\u0131 Macron ile Elon Musk&#8217;\u0131n g\u00f6r\u00fc\u015fmesinin detaylar\u0131 belli oldu.<\/p>\n","protected":false},"author":1,"featured_media":57022,"comment_status":"closed","ping_status":"open","sticky":false,"template":"","format":"standard","meta":{"footnotes":""},"categories":[24],"tags":[9677,331,3789,1283,228],"class_list":["post-57021","post","type-post","status-publish","format-standard","has-post-thumbnail","hentry","category-dunya","tag-christchurch","tag-cocuklar","tag-elon-musk","tag-macron","tag-twitter"],"_links":{"self":[{"href":"https:\/\/haberulus.net\/index.php?rest_route=\/wp\/v2\/posts\/57021","targetHints":{"allow":["GET"]}}],"collection":[{"href":"https:\/\/haberulus.net\/index.php?rest_route=\/wp\/v2\/posts"}],"about":[{"href":"https:\/\/haberulus.net\/index.php?rest_route=\/wp\/v2\/types\/post"}],"author":[{"embeddable":true,"href":"https:\/\/haberulus.net\/index.php?rest_route=\/wp\/v2\/users\/1"}],"replies":[{"embeddable":true,"href":"https:\/\/haberulus.net\/index.php?rest_route=%2Fwp%2Fv2%2Fcomments&post=57021"}],"version-history":[{"count":1,"href":"https:\/\/haberulus.net\/index.php?rest_route=\/wp\/v2\/posts\/57021\/revisions"}],"predecessor-version":[{"id":57023,"href":"https:\/\/haberulus.net\/index.php?rest_route=\/wp\/v2\/posts\/57021\/revisions\/57023"}],"wp:featuredmedia":[{"embeddable":true,"href":"https:\/\/haberulus.net\/index.php?rest_route=\/wp\/v2\/media\/57022"}],"wp:attachment":[{"href":"https:\/\/haberulus.net\/index.php?rest_route=%2Fwp%2Fv2%2Fmedia&parent=57021"}],"wp:term":[{"taxonomy":"category","embeddable":true,"href":"https:\/\/haberulus.net\/index.php?rest_route=%2Fwp%2Fv2%2Fcategories&post=57021"},{"taxonomy":"post_tag","embeddable":true,"href":"https:\/\/haberulus.net\/index.php?rest_route=%2Fwp%2Fv2%2Ftags&post=57021"}],"curies":[{"name":"wp","href":"https:\/\/api.w.org\/{rel}","templated":true}]}}