{"id":57105,"date":"2022-12-03T12:36:07","date_gmt":"2022-12-03T12:36:07","guid":{"rendered":"https:\/\/haberulus.net\/?p=57105"},"modified":"2022-12-03T12:36:07","modified_gmt":"2022-12-03T12:36:07","slug":"39-uluslararasi-istanbul-kitap-fuari-acildi","status":"publish","type":"post","link":"https:\/\/haberulus.net\/?p=57105","title":{"rendered":"\u201c39. Uluslararas\u0131 \u0130stanbul Kitap Fuar\u0131\u201d a\u00e7\u0131ld\u0131"},"content":{"rendered":"<div>\n<div><span><span><span>T\u00fcm Fuarc\u0131l\u0131k Yap\u0131m A\u015e (T\u00dcYAP) taraf\u0131ndan T\u00fcrkiye Yay\u0131nc\u0131lar Birli\u011fi i\u015fbirli\u011fiyle d\u00fczenlenen \u201cUluslararas\u0131 \u0130stanbul Kitap Fuar\u0131\u201d, Kovid-19 salg\u0131n\u0131n\u0131n ard\u0131ndan 39. kez kap\u0131lar\u0131n\u0131 a\u00e7t\u0131.<\/p>\n<p>Bu y\u0131l \u201cKitap\u00a0\u015eehre D\u00f6n\u00fcyor\u201d slogan\u0131yla T\u00dcYAP \u0130stanbul Fuar ve Kongre Merkezi\u2019nde ger\u00e7ekle\u015ftirilen fuar\u0131n a\u00e7\u0131l\u0131\u015f\u0131nda konu\u015fan T\u00fcrkiye Yay\u0131nc\u0131lar Birli\u011fi Ba\u015fkan\u0131 Kenan Kocat\u00fcrk, Kovid-19 salg\u0131n\u0131nda insanlar\u0131n evlerine kapand\u0131\u011f\u0131 s\u00fcre\u00e7te\u00a0kitaplar\u0131 ke\u015ffetti\u011fini ve edebiyat\u0131n ileti\u015fim g\u00fcc\u00fcne tan\u0131k olduklar\u0131n\u0131 s\u00f6yledi.<\/p>\n<p>Kocat\u00fcrk, D\u00fcnya Fikri M\u00fclkiyet \u00d6rg\u00fct\u00fc ile Uluslararas\u0131 Yay\u0131nc\u0131lar Birli\u011finin yay\u0131nlad\u0131klar\u0131 rapora g\u00f6re 2021\u2019de \u00fcretilen 95 bin 112 ba\u015fl\u0131k say\u0131s\u0131yla d\u00fcnyada yay\u0131nc\u0131l\u0131k sekt\u00f6r\u00fcnde T\u00fcrkiye\u2019nin 5. s\u0131rada yer ald\u0131\u011f\u0131n\u0131 aktararak, \u201cBu veri bizim ne kadar ba\u011f\u0131ms\u0131z, ne kadar dinamik ve bu kadar t\u00fcrlere yat\u0131r\u0131m yapan yay\u0131nc\u0131l\u0131\u011f\u0131m\u0131z\u0131n oldu\u011funu g\u00f6steriyor. T\u00fcrkiye\u2019de s\u0131k\u0131nt\u0131lara ra\u011fmen sekt\u00f6r olarak da d\u00fcnyada 10. s\u0131raday\u0131z.\u201d dedi.<\/p>\n<p><strong>\u201cYAYINCILIK TAR\u0130H\u0130 EN ZOR G\u00dcNLER\u0130N\u0130 YA\u015eIYOR\u201d<\/strong><\/p>\n<p>D\u00f6viz kurundaki ve ka\u011f\u0131t end\u00fcstrisindeki ham madde fiyatlar\u0131n\u0131n da art\u0131\u015f\u0131n\u0131n yay\u0131nc\u0131l\u0131k sekt\u00f6r\u00fcn\u00fc zorlad\u0131\u011f\u0131na dikkati \u00e7eken Kocat\u00fcrk, \u201cTarihte yay\u0131nc\u0131l\u0131k sekt\u00f6r\u00fc bug\u00fcn en zor g\u00fcnlerini ya\u015far hale geldi. D\u00f6viz baz\u0131nda y\u00fczde 100, maliyetler anlam\u0131nda y\u00fczde 300 giderleri artm\u0131\u015f bir sekt\u00f6r\u00fcm\u00fcz var.\u201d diye konu\u015ftu.<\/p>\n<p>Kocat\u00fcrk, konu\u015fmas\u0131nda ayr\u0131ca sekt\u00f6r olarak K\u00fclt\u00fcr ve Turizm Bakanl\u0131\u011f\u0131ndan beklentilerini dile getirerek,\u00a0kitaplara eri\u015fim konusunu ele ald\u0131.<\/p>\n<p>T\u00dcYAP K\u00fclt\u00fcr Fuarlar\u0131 Dan\u0131\u015fma Kurulu Ba\u015fkan\u0131 Do\u011fan H\u0131zlan da bir yazar\u0131 tan\u0131mak i\u00e7in b\u00fct\u00fcn eserlerini okuman\u0131n gerekti\u011fine i\u015faret ederek, okurlar\u0131n fuarda bu f\u0131rsat\u0131 bulabilece\u011fini, yazarlar\u0131n t\u00fcm eserlerine rahat\u00e7a ula\u015fabilece\u011fini ifade etti.<\/p>\n<p>H\u0131zlan, okurlar\u0131n ayr\u0131ca fuar arac\u0131l\u0131\u011f\u0131yla yeni yazarlarla da tan\u0131\u015fma f\u0131rsat\u0131 bulabilece\u011fini s\u00f6yleyerek, \u201cBu tela\u015fl\u0131 ya\u015famda \u00e7ok az insan k\u00fct\u00fcphaneye,\u00a0kitap\u00e7\u0131ya gidiyor. Ancak gazetelerin, dergilerin \u00e7\u0131kard\u0131\u011f\u0131\u00a0kitap\u00a0ekleri var. Onlardan takip edebiliyorlar.\u201d de\u011ferlendirmesini yapt\u0131.<\/p>\n<p>Kamu kurum ve kuru\u015flar\u0131n\u0131n daha \u00e7ok yay\u0131nc\u0131lar\u0131 ve yazarlar\u0131 uluslararas\u0131 camiada tan\u0131tmas\u0131 gerekti\u011fini vurgulayan H\u0131zlan, bu \u00e7al\u0131\u015fmalar\u0131n yurt d\u0131\u015f\u0131nda ba\u015far\u0131l\u0131 \u015fekilde yap\u0131ld\u0131\u011f\u0131n\u0131 anlatt\u0131.<\/p>\n<p>T\u00dcYAP Fuarc\u0131l\u0131k Grubu Y\u00f6netim Kurulu Ba\u015fkan\u0131 B\u00fclent \u0130nal, bu y\u0131l binin \u00fczerine yay\u0131nevinin fuara kat\u0131ld\u0131\u011f\u0131 bilgisini vererek, \u201cD\u00fcnyan\u0131n bir\u00e7ok yerinden gelen yay\u0131nevleriyle, yazarlarla bir araya geldi\u011fimiz 9 g\u00fcnl\u00fck bir \u015f\u00f6len. Fuarda 13 \u00fclkenin yay\u0131nevi ile kar\u015f\u0131l\u0131kl\u0131 i\u015f birlikleri olu\u015fturulacak. Ayr\u0131ca 320 etkinlik ve 2 bin 200 imza g\u00fcn\u00fc d\u00fczenlenecek.\u201d dedi.<\/p>\n<p><\/span><\/span><\/span><\/p>\n<div><img decoding=\"async\" src=\"https:\/\/i01.sozcucdn.com\/wp-content\/uploads\/2022\/12\/03\/aa-20221203-29630257-29630256-39_uluslararasi_istanbul_kitap_fuari_acildi.jpg\" alt=\"\" title=\"\"><\/p>\n<p>.<\/p>\n<\/div>\n<p><span><span><\/p>\n<p><strong>11 ARALIK\u2019A KADAR\u00a0<\/strong><\/p>\n<p>\u201c39. Uluslararas\u0131 \u0130stanbul\u00a0Kitap\u00a0Fuar\u0131\u201d, 11 Aral\u0131k\u2019a kadar\u00a0kitapseverlerle bulu\u015facak.<\/p>\n<p>Okurlar\u0131n pek \u00e7ok yay\u0131nevini bir arada bulma ve sevdikleri yazarlarla tan\u0131\u015fma f\u0131rsat\u0131 bulacaklar\u0131 fuara, yurt i\u00e7i ve yurt d\u0131\u015f\u0131ndan bine yak\u0131n yay\u0131nevi ile sivil toplum kurulu\u015fu kat\u0131l\u0131m sa\u011flayacak.<\/p>\n<p>\u201cKitab\u0131n B\u00fcy\u00fcl\u00fc D\u00fcnyas\u0131\u201d temas\u0131yla da ger\u00e7ekle\u015ftirilecek fuarda fantastik edebiyata, bilim kurguya ve b\u00fcy\u00fcl\u00fc ger\u00e7ek\u00e7ilik ak\u0131m\u0131na odaklan\u0131lacak.<\/p>\n<p>\u0130stanbul\u00a0Kitap\u00a0Fuar\u0131\u2019nda, K\u00fclt\u00fcr ve Turizm Bakanl\u0131\u011f\u0131nca y\u00fcr\u00fct\u00fclen \u201cK\u00fclt\u00fcr ve Turizm Bakanl\u0131\u011f\u0131 T\u00fcrk K\u00fclt\u00fcr, Sanat ve Edebiyat Eserlerinin D\u0131\u015fa A\u00e7\u0131l\u0131m\u0131n\u0131 Destekleme Projesi\u201d (TEDA) kapsam\u0131nda yerli ve yabanc\u0131 yay\u0131nevleri aras\u0131nda ikili i\u015f g\u00f6r\u00fc\u015fmeleri yap\u0131lacak.<\/p>\n<p>Fuarda ayr\u0131ca Yunanistan, Arnavutluk, Kuzey Makedonya, S\u0131rbistan, H\u0131rvatistan ve Kosova\u2019n\u0131n da i\u00e7erisinde bulundu\u011fu odak pazar \u00fclkelerinden yetkililer, kat\u0131l\u0131mc\u0131 yay\u0131nevleri temsilcileriyle birebir g\u00f6r\u00fc\u015fmeler ger\u00e7ekle\u015ftirecek, telif al\u0131\u015fveri\u015finde bulunacak.<\/p>\n<p>Almanya, \u0130ran, Birle\u015fik Arap Emirlikleri (BAE) ve Romanya\u2019dan yay\u0131nevleri de fuar\u0131n uluslararas\u0131 salonunda yer alacak.<\/p>\n<p>Fuar, panel, s\u00f6yle\u015fi, at\u00f6lye \u00e7al\u0131\u015fmalar\u0131 ve \u00e7ocuk etkinliklerinden olu\u015fan 300\u2019\u00fc a\u015fk\u0131n k\u00fclt\u00fcr etkinli\u011fine ev sahipli\u011fi yapacak. D\u00fczenlenecek etkinlikler ve imza g\u00fcnlerinde yazarlar, okurlar\u0131yla bulu\u015fma f\u0131rsat\u0131 bulabilecek. AA<\/p>\n<p><\/span><\/span><\/p>\n<\/div>\n<\/div>\n","protected":false},"excerpt":{"rendered":"<p>Okurlar\u0131n pek \u00e7ok yay\u0131nevini bir arada bulma ve sevdikleri yazarlarla tan\u0131\u015fma f\u0131rsat\u0131 bulacaklar\u0131 Uluslararas\u0131 \u0130stanbul Kitap Fuar\u0131 a\u00e7\u0131ld\u0131. Fuara, yurt i\u00e7i ve yurt d\u0131\u015f\u0131ndan bine yak\u0131n yay\u0131nevi ile sivil toplum kurulu\u015fu kat\u0131l\u0131yor.<\/p>\n","protected":false},"author":1,"featured_media":57106,"comment_status":"closed","ping_status":"open","sticky":false,"template":"","format":"standard","meta":{"footnotes":""},"categories":[27],"tags":[5389,3331,2144,1837,87],"class_list":["post-57105","post","type-post","status-publish","format-standard","has-post-thumbnail","hentry","category-kultur-sanat","tag-fuar","tag-kitap","tag-kultur","tag-sektor","tag-turk"],"_links":{"self":[{"href":"https:\/\/haberulus.net\/index.php?rest_route=\/wp\/v2\/posts\/57105","targetHints":{"allow":["GET"]}}],"collection":[{"href":"https:\/\/haberulus.net\/index.php?rest_route=\/wp\/v2\/posts"}],"about":[{"href":"https:\/\/haberulus.net\/index.php?rest_route=\/wp\/v2\/types\/post"}],"author":[{"embeddable":true,"href":"https:\/\/haberulus.net\/index.php?rest_route=\/wp\/v2\/users\/1"}],"replies":[{"embeddable":true,"href":"https:\/\/haberulus.net\/index.php?rest_route=%2Fwp%2Fv2%2Fcomments&post=57105"}],"version-history":[{"count":1,"href":"https:\/\/haberulus.net\/index.php?rest_route=\/wp\/v2\/posts\/57105\/revisions"}],"predecessor-version":[{"id":57107,"href":"https:\/\/haberulus.net\/index.php?rest_route=\/wp\/v2\/posts\/57105\/revisions\/57107"}],"wp:featuredmedia":[{"embeddable":true,"href":"https:\/\/haberulus.net\/index.php?rest_route=\/wp\/v2\/media\/57106"}],"wp:attachment":[{"href":"https:\/\/haberulus.net\/index.php?rest_route=%2Fwp%2Fv2%2Fmedia&parent=57105"}],"wp:term":[{"taxonomy":"category","embeddable":true,"href":"https:\/\/haberulus.net\/index.php?rest_route=%2Fwp%2Fv2%2Fcategories&post=57105"},{"taxonomy":"post_tag","embeddable":true,"href":"https:\/\/haberulus.net\/index.php?rest_route=%2Fwp%2Fv2%2Ftags&post=57105"}],"curies":[{"name":"wp","href":"https:\/\/api.w.org\/{rel}","templated":true}]}}