{"id":57198,"date":"2022-12-03T16:51:05","date_gmt":"2022-12-03T16:51:05","guid":{"rendered":"https:\/\/haberulus.net\/?p=57198"},"modified":"2022-12-03T16:51:05","modified_gmt":"2022-12-03T16:51:05","slug":"erdogandan-enflasyon-aciklamasi","status":"publish","type":"post","link":"https:\/\/haberulus.net\/?p=57198","title":{"rendered":"Erdo\u011fan\u2019dan enflasyon a\u00e7\u0131klamas\u0131"},"content":{"rendered":"<p>Erdo\u011fan, AKP \u015eanl\u0131urfa Geni\u015fletilmi\u015f \u0130l Dan\u0131\u015fmas\u0131 Meclisi Toplant\u0131s\u0131\u2019nda konu\u015ftu. Erdo\u011fan, \u015fu ifadeleri kulland\u0131;<\/p>\n<p>*T\u00fcrkiye\u2019nin kendi ekonomi program\u0131na kafa yormak yerine ithal ekonomi komiserlerine bel ba\u011flayanlar bu \u00fclkenin gelece\u011fine \u0131\u015f\u0131k tutamaz.<\/p>\n<p>*Pamuk \u00fcreticilerimizin mazot ve g\u00fcbre deste\u011fini dekarda 76 liradan y\u00fczde 257 art\u0131\u015fla 271 liraya \u00e7\u0131kar\u0131yoruz.<\/p>\n<p>Pamuk \u00fcreticilerimize kilogram ba\u015f\u0131na d\u00fc\u015fen fark \u00f6demesi deste\u011fini 1 lira 10 kuru\u015ftan 1 lira 60 kuru\u015fa y\u00fckseltiyoruz.<\/p>\n<p>*Ya\u011fl\u0131 ay\u00e7i\u00e7e\u011finde mazot ve g\u00fcbre deste\u011fini dekar ba\u015f\u0131na 37 liradan y\u00fczde 195 art\u0131\u015fla 109 liraya, fark \u00f6demesini kilogramda 50\u2019den 70 kuru\u015fa y\u00fckseltiyoruz.<\/p>\n<p>*K\u00fctl\u00fc pamukta toplam destek kilo ba\u015f\u0131na 2 lira 14 kuru\u015f, dekar ba\u015f\u0131na 1071 liraya, ay\u00e7i\u00e7e\u011finde kilo ba\u015f\u0131na 1 lira 11 kuru\u015f, dekar ba\u015f\u0131na 297 liraya ula\u015f\u0131yor.<\/p>\n<p>*Bu y\u0131l 2 milyon 750 bin ton k\u00fctl\u00fc pamuk ve 550 bin ton ay\u00e7i\u00e7e\u011fi \u00fcretimiyle t\u00fcm zamanlar\u0131n rekorunun k\u0131r\u0131lmas\u0131n\u0131 bekliyoruz.<\/p>\n<p><strong>ENFLASYON A\u00c7IKLAMASI<\/strong><\/p>\n<p>*Enflasyonun yak\u0131nda h\u0131zla a\u015fa\u011f\u0131ya do\u011fru ini\u015fine \u015fahitlik ederek bu s\u0131k\u0131nt\u0131 \u00fczerine kurulan kirli senaryolar\u0131n y\u0131rt\u0131l\u0131p at\u0131ld\u0131\u011f\u0131n\u0131 hep beraber g\u00f6rece\u011fiz.<\/p>\n","protected":false},"excerpt":{"rendered":"<p>Cumhurba\u015fkan\u0131 ve AKP Genel Ba\u015fkan\u0131 Erdo\u011fan, &#8220;Enflasyonun yak\u0131nda h\u0131zla a\u015fa\u011f\u0131ya do\u011fru ini\u015fine \u015fahitlik ederek bu s\u0131k\u0131nt\u0131 \u00fczerine kurulan kirli senaryolar\u0131n y\u0131rt\u0131l\u0131p at\u0131ld\u0131\u011f\u0131n\u0131 hep beraber g\u00f6rece\u011fiz.&#8221; dedi. \u00d6te yandan Erdo\u011fan, pamuk ve ay\u00e7i\u00e7e\u011fi \u00fcreticilerine yap\u0131lacak deste\u011fi de a\u00e7\u0131klad\u0131.<\/p>\n","protected":false},"author":1,"featured_media":57199,"comment_status":"closed","ping_status":"open","sticky":false,"template":"","format":"standard","meta":{"footnotes":""},"categories":[26],"tags":[9694,8165,78],"class_list":["post-57198","post","type-post","status-publish","format-standard","has-post-thumbnail","hentry","category-gundem","tag-1-lira","tag-basina","tag-lira"],"_links":{"self":[{"href":"https:\/\/haberulus.net\/index.php?rest_route=\/wp\/v2\/posts\/57198","targetHints":{"allow":["GET"]}}],"collection":[{"href":"https:\/\/haberulus.net\/index.php?rest_route=\/wp\/v2\/posts"}],"about":[{"href":"https:\/\/haberulus.net\/index.php?rest_route=\/wp\/v2\/types\/post"}],"author":[{"embeddable":true,"href":"https:\/\/haberulus.net\/index.php?rest_route=\/wp\/v2\/users\/1"}],"replies":[{"embeddable":true,"href":"https:\/\/haberulus.net\/index.php?rest_route=%2Fwp%2Fv2%2Fcomments&post=57198"}],"version-history":[{"count":1,"href":"https:\/\/haberulus.net\/index.php?rest_route=\/wp\/v2\/posts\/57198\/revisions"}],"predecessor-version":[{"id":57200,"href":"https:\/\/haberulus.net\/index.php?rest_route=\/wp\/v2\/posts\/57198\/revisions\/57200"}],"wp:featuredmedia":[{"embeddable":true,"href":"https:\/\/haberulus.net\/index.php?rest_route=\/wp\/v2\/media\/57199"}],"wp:attachment":[{"href":"https:\/\/haberulus.net\/index.php?rest_route=%2Fwp%2Fv2%2Fmedia&parent=57198"}],"wp:term":[{"taxonomy":"category","embeddable":true,"href":"https:\/\/haberulus.net\/index.php?rest_route=%2Fwp%2Fv2%2Fcategories&post=57198"},{"taxonomy":"post_tag","embeddable":true,"href":"https:\/\/haberulus.net\/index.php?rest_route=%2Fwp%2Fv2%2Ftags&post=57198"}],"curies":[{"name":"wp","href":"https:\/\/api.w.org\/{rel}","templated":true}]}}