{"id":58210,"date":"2022-12-06T04:51:03","date_gmt":"2022-12-06T04:51:03","guid":{"rendered":"https:\/\/haberulus.net\/?p=58210"},"modified":"2022-12-06T04:51:03","modified_gmt":"2022-12-06T04:51:03","slug":"tbmmde-butce-gorusmelerinde-milletvekilleri-arasinda-arbede","status":"publish","type":"post","link":"https:\/\/haberulus.net\/?p=58210","title":{"rendered":"TBMM&#8217;de b\u00fct\u00e7e g\u00f6r\u00fc\u015fmelerinde milletvekilleri aras\u0131nda arbede"},"content":{"rendered":"<p>TBMM&#8217;de b\u00fct\u00e7e maratonu gergin ba\u015flad\u0131. Genel Kurul&#8217;daki g\u00f6r\u00fc\u015fmelerin ilk g\u00fcn\u00fcnde partiler ad\u0131na konu\u015fmalar ger\u00e7ekle\u015ftiriliyor.<\/p>\n<p>AK Parti Genel Ba\u015fkanvekili Numan Kurtulmu\u015f, 2023 Y\u0131l\u0131 Merkezi Y\u00f6netim B\u00fct\u00e7e Kanunu Teklifi g\u00f6r\u00fc\u015fmelerinde AK Parti grubu ad\u0131na TBMM Genel Kurulu&#8217;nda a\u00e7\u0131klamalarda bulundu.<\/p>\n<p>Kurtulmu\u015f, CHP ad\u0131na konu\u015fan Kemal K\u0131l\u0131\u00e7daro\u011flu&#8217;nun konu\u015fmas\u0131na tepki g\u00f6stererek &#8220;Madem Cumhurba\u015fkan\u0131 Recep Tayyip Erdo\u011fan&#8217;\u0131n halkta kar\u015f\u0131l\u0131\u011f\u0131 yoktur, buyurun er meydan\u0131na aday olun. Zaten K\u0131l\u0131\u00e7daro\u011flu&#8217;nun konu\u015fmas\u0131 bir b\u00fct\u00e7e g\u00f6r\u00fc\u015fmesi konu\u015fmas\u0131 de\u011fildi, adayl\u0131k konu\u015fmas\u0131yd\u0131&#8221; dedi.<\/p>\n<p>Milletvekilleri aras\u0131nda arbede \u00e7\u0131kt\u0131<\/p>\n<p>Bunun \u00fczerine CHP s\u0131ralar\u0131ndan y\u00fckselen seslere TBMM Ba\u015fkan\u0131 Mustafa \u015eentop \u00fcst \u00fcste uyard\u0131 ancak vekiller aras\u0131nda arbede ya\u015fand\u0131.<\/p>\n<p>AK Parti Adana Milletvekili Ahmet Zenbilci ile CHP \u0130zmir Milletvekili Atilla Sertel aras\u0131nda tart\u0131\u015fma \u00e7\u0131kt\u0131. Di\u011fer milletvekilleri tart\u0131\u015fmay\u0131 ay\u0131rmak \u00fczere iki milletvekilinin yan\u0131na gitti.<\/p>\n<p>Bu s\u0131rada AK Parti \u0130stanbul Milletvekili Akif \u00c7a\u011fatay K\u0131l\u0131\u00e7 ile CHP Sivas Milletvekili Ula\u015f Karasu aras\u0131nda da tart\u0131\u015fma \u00e7\u0131kt\u0131.<\/p>\n<p>Di\u011fer milletvekillerinin araya girmesiyle tart\u0131\u015fma b\u00fcy\u00fcmeden yat\u0131\u015ft\u0131r\u0131ld\u0131.<\/p>\n","protected":false},"excerpt":{"rendered":"<p>TBMM&#8217;de b\u00fct\u00e7e g\u00f6r\u00fc\u015fmelerinde AK Parti Genel Ba\u015fkanvekili Numan Kurtulmu\u015f&#8217;un konu\u015fma yapt\u0131\u011f\u0131 s\u0131rada milletvekilleri aras\u0131nda kavga \u00e7\u0131kt\u0131.<\/p>\n","protected":false},"author":1,"featured_media":58211,"comment_status":"closed","ping_status":"open","sticky":false,"template":"","format":"standard","meta":{"footnotes":""},"categories":[28],"tags":[1486,442],"class_list":["post-58210","post","type-post","status-publish","format-standard","has-post-thumbnail","hentry","category-politika","tag-milletvekili","tag-parti"],"_links":{"self":[{"href":"https:\/\/haberulus.net\/index.php?rest_route=\/wp\/v2\/posts\/58210","targetHints":{"allow":["GET"]}}],"collection":[{"href":"https:\/\/haberulus.net\/index.php?rest_route=\/wp\/v2\/posts"}],"about":[{"href":"https:\/\/haberulus.net\/index.php?rest_route=\/wp\/v2\/types\/post"}],"author":[{"embeddable":true,"href":"https:\/\/haberulus.net\/index.php?rest_route=\/wp\/v2\/users\/1"}],"replies":[{"embeddable":true,"href":"https:\/\/haberulus.net\/index.php?rest_route=%2Fwp%2Fv2%2Fcomments&post=58210"}],"version-history":[{"count":1,"href":"https:\/\/haberulus.net\/index.php?rest_route=\/wp\/v2\/posts\/58210\/revisions"}],"predecessor-version":[{"id":58212,"href":"https:\/\/haberulus.net\/index.php?rest_route=\/wp\/v2\/posts\/58210\/revisions\/58212"}],"wp:featuredmedia":[{"embeddable":true,"href":"https:\/\/haberulus.net\/index.php?rest_route=\/wp\/v2\/media\/58211"}],"wp:attachment":[{"href":"https:\/\/haberulus.net\/index.php?rest_route=%2Fwp%2Fv2%2Fmedia&parent=58210"}],"wp:term":[{"taxonomy":"category","embeddable":true,"href":"https:\/\/haberulus.net\/index.php?rest_route=%2Fwp%2Fv2%2Fcategories&post=58210"},{"taxonomy":"post_tag","embeddable":true,"href":"https:\/\/haberulus.net\/index.php?rest_route=%2Fwp%2Fv2%2Ftags&post=58210"}],"curies":[{"name":"wp","href":"https:\/\/api.w.org\/{rel}","templated":true}]}}