{"id":58264,"date":"2022-12-06T06:51:07","date_gmt":"2022-12-06T06:51:07","guid":{"rendered":"https:\/\/haberulus.net\/?p=58264"},"modified":"2022-12-06T06:51:07","modified_gmt":"2022-12-06T06:51:07","slug":"putinin-giydigi-montun-fiyati-dudak-ucuklatti","status":"publish","type":"post","link":"https:\/\/haberulus.net\/?p=58264","title":{"rendered":"Putin\u2019in giydi\u011fi montun fiyat\u0131 dudak u\u00e7uklatt\u0131"},"content":{"rendered":"<p>Rusya ile Ukrayna aras\u0131ndaki sava\u015f devam ederken d\u00fcn Rusya Devlet Ba\u015fkan\u0131 Vladimir Putin\u2019den dikkat \u00e7ekici bir hamle geldi.<\/p>\n<p>8 Ekim\u2019de vurulan ve bir k\u0131sm\u0131 hasar g\u00f6ren K\u0131r\u0131m K\u00f6pr\u00fcs\u00fc\u2019ne giden Putin burada a\u00e7\u0131klamalarda bulundu. Rusya ile ilhak etti\u011fi K\u0131r\u0131m aras\u0131ndaki k\u00f6pr\u00fc olarak bilinen ve Ekim ay\u0131nda s\u00fcrpriz bir \u015fekilde Ukrayna taraf\u0131ndan vurularak g\u00fcndem olan k\u00f6pr\u00fcde incelemelerde bulunan Putin\u2019in giydi\u011fi ceket ise sosyal medyada g\u00fcndem oldu.<\/p>\n<div><img decoding=\"async\" src=\"https:\/\/i01.sozcucdn.com\/wp-content\/uploads\/2022\/12\/06\/putin-reuters.jpg\"\/><\/p>\n<p>Putin\u2019in giydi\u011fi ceket tepki \u00e7ekti.<\/p>\n<\/div>\n<p>Rusya\u2019n\u0131n silah ve m\u00fchimmat ak\u0131\u015f\u0131n\u0131 kesmek i\u00e7in Ukrayna\u2019n\u0131n vurdu\u011fu k\u00f6pr\u00fcde incelemelerde bulunan Putin\u2019in \u00fczerindeki kap\u00fc\u015fonlu montun \u0130talyan markas\u0131 Loro Piana oldu\u011fu ve fiyat\u0131n\u0131n yakla\u015f\u0131k 3.100 dolar (yakla\u015f\u0131k 57 bin TL)\u00a0 oldu\u011fu ortaya \u00e7\u0131kt\u0131.<\/p>\n<p>Bir Rus vatanda\u015f\u0131n\u0131n ayl\u0131k asgari maa\u015f\u0131n\u0131n yakla\u015f\u0131k 12 kat\u0131 olan ceket o d\u00f6nemde de tepki \u00e7ekmi\u015fti.<\/p>\n<p>\u00d6te yandan Putin, k\u00f6pr\u00fc \u00fczerinde otomobil kullan\u0131rken de g\u00f6r\u00fcnt\u00fclendi. Fakat Putin\u2019in videolarda Mercedes marka bir ara\u00e7 kullan\u0131rken g\u00f6r\u00fcnt\u00fclenmesi de alay konusu oldu. Putin\u2019i ele\u015ftiren baz\u0131 sosyal medya kullan\u0131c\u0131lar\u0131, \u201cNeden Alman yap\u0131m\u0131 Mercedes yerine Rus yap\u0131m\u0131 bir ara\u00e7 kullanm\u0131yor\u201d yorumunu yapt\u0131.<\/p>\n","protected":false},"excerpt":{"rendered":"<p>Rusya ile Ukrayna aras\u0131ndaki sava\u015f 24 \u015eubat&#8217;tan beri devam ederken d\u00fcn kamuoyunun kar\u015f\u0131s\u0131na \u00e7\u0131karak K\u0131r\u0131m K\u00f6pr\u00fcs\u00fc&#8217;nde denetlemelerde bulunan Rus lider Putin&#8217;in giydi\u011fi ceket g\u00fcndem oldu.<\/p>\n","protected":false},"author":1,"featured_media":58265,"comment_status":"closed","ping_status":"open","sticky":false,"template":"","format":"standard","meta":{"footnotes":""},"categories":[24],"tags":[703,1282,69],"class_list":["post-58264","post","type-post","status-publish","format-standard","has-post-thumbnail","hentry","category-dunya","tag-kopru","tag-putin","tag-rus"],"_links":{"self":[{"href":"https:\/\/haberulus.net\/index.php?rest_route=\/wp\/v2\/posts\/58264","targetHints":{"allow":["GET"]}}],"collection":[{"href":"https:\/\/haberulus.net\/index.php?rest_route=\/wp\/v2\/posts"}],"about":[{"href":"https:\/\/haberulus.net\/index.php?rest_route=\/wp\/v2\/types\/post"}],"author":[{"embeddable":true,"href":"https:\/\/haberulus.net\/index.php?rest_route=\/wp\/v2\/users\/1"}],"replies":[{"embeddable":true,"href":"https:\/\/haberulus.net\/index.php?rest_route=%2Fwp%2Fv2%2Fcomments&post=58264"}],"version-history":[{"count":1,"href":"https:\/\/haberulus.net\/index.php?rest_route=\/wp\/v2\/posts\/58264\/revisions"}],"predecessor-version":[{"id":58266,"href":"https:\/\/haberulus.net\/index.php?rest_route=\/wp\/v2\/posts\/58264\/revisions\/58266"}],"wp:featuredmedia":[{"embeddable":true,"href":"https:\/\/haberulus.net\/index.php?rest_route=\/wp\/v2\/media\/58265"}],"wp:attachment":[{"href":"https:\/\/haberulus.net\/index.php?rest_route=%2Fwp%2Fv2%2Fmedia&parent=58264"}],"wp:term":[{"taxonomy":"category","embeddable":true,"href":"https:\/\/haberulus.net\/index.php?rest_route=%2Fwp%2Fv2%2Fcategories&post=58264"},{"taxonomy":"post_tag","embeddable":true,"href":"https:\/\/haberulus.net\/index.php?rest_route=%2Fwp%2Fv2%2Ftags&post=58264"}],"curies":[{"name":"wp","href":"https:\/\/api.w.org\/{rel}","templated":true}]}}