{"id":58270,"date":"2022-12-06T07:06:04","date_gmt":"2022-12-06T07:06:04","guid":{"rendered":"https:\/\/haberulus.net\/?p=58270"},"modified":"2022-12-06T07:06:04","modified_gmt":"2022-12-06T07:06:04","slug":"ak-partili-kulunk-1-5-yil-sonra-sessizligini-bozdu-sedat-pekerden-ayda-10-bin-dolar-alan-siyasetci-ben-degilim","status":"publish","type":"post","link":"https:\/\/haberulus.net\/?p=58270","title":{"rendered":"AK Partili K\u00fcl\u00fcnk, 1.5 y\u0131l sonra sessizli\u011fini bozdu: Sedat Peker&#8217;den ayda 10 bin dolar alan siyaset\u00e7i ben de\u011filim"},"content":{"rendered":"<p>Organize su\u00e7 \u00f6rg\u00fct\u00fc lideri Sedat Peker&#8217;den 10 bin dolar ald\u0131\u011f\u0131 ileri s\u00fcr\u00fclen AK Parti MKYK \u00fcyesi Metin K\u00fcl\u00fcnk, O\u011fuzhan U\u011fur&#8217;un Youtube kanal\u0131 Babala TV&#8217;de programa kat\u0131ld\u0131. Burada hakk\u0131ndaki iddialar\u0131 reddeden K\u00fcl\u00fcnk, &#8220;1.5 y\u0131ll\u0131k sessizli\u011fimi burada bozuyorum&#8221; dedi. Sedat Peker&#8217;den 10 bin dolar almad\u0131\u011f\u0131n\u0131 s\u00f6yleyen K\u00fcl\u00fcnk, &#8220;Milli ba\u011f\u0131ms\u0131zl\u0131k\u00e7\u0131 \u00e7izgide siyaset yapt\u0131\u011f\u0131 i\u00e7in kirli bir operasyonun hedefi oldu\u011funu&#8221; ileri s\u00fcrd\u00fc.<\/p>\n<p><b>&#8220;S\u0130YASAL YA\u015eAMDA 50&#8217;NC\u0130 YILIM&#8221;<\/b><\/p>\n<p>Metin K\u00fcl\u00fcnk, bir seyircinin sordu\u011fu, &#8220;Sedat Peker&#8217;den 10 bin dolar alan siyaset\u00e7i siz misiniz?&#8221; sorusuna \u015fu yan\u0131t\u0131 verdi; &#8220;10 bin dolar alan siyaset\u00e7i ben de\u011filim. Siyasal ya\u015famda 50&#8217;nci y\u0131l\u0131m. Bizim bir m\u00fccadele ahlak\u0131m\u0131z var. \u0130yilik engel tan\u0131maz temelinde bir paradigmam\u0131z var. \u00c7\u00fcnk\u00fc biz akl\u0131m\u0131z\u0131n ve ruhumuzun, y\u00fcre\u011fimizin huzur buldu\u011fu yerdeyiz. 81 ili dola\u015fabilirim, her yerde selam verecek, kap\u0131s\u0131n\u0131 bize a\u00e7acak, \u00e7ay\u0131n\u0131 i\u00e7ecek bir dostumuz mutlaka vard\u0131r. Bunun sebebi siyasete y\u00fckledi\u011fimiz misyon, siyasete bak\u0131\u015f a\u00e7\u0131m\u0131zd\u0131r. \u00c7\u00fcnk\u00fc bu u\u011furda biz y\u00fcr\u00fcrken ancak tarih bir \u015fey daha \u00f6\u011fretiyor.<\/p>\n<p><b>&#8220;1.5 YILDIR SUSTU\u011eUM B\u0130R KONUDA \u0130LK KEZ KONU\u015eUYORUM&#8221;<\/b><\/p>\n<p>Bar\u0131\u015ftan, huzurdan ve bu \u00e7izgide, milli ba\u011f\u0131ms\u0131zl\u0131k\u00e7\u0131 \u00e7izgide oldu\u011funuz zaman her t\u00fcrl\u00fc kirli operasyonun teredd\u00fcts\u00fcz hedefisiniz. Ayn\u0131 \u015fey yar\u0131n sizin i\u00e7inde ge\u00e7erli olabilir. 1.5 y\u0131ld\u0131r sustu\u011fum bir konuda burada ilk kez konu\u015fuyorum. Ailem 50 y\u0131ld\u0131r bilinen bir aile. Biz hi\u00e7 alan el olmad\u0131k. Hep veren el olduk. Yani biz, Metin K\u00fcl\u00fcnk, son 20 y\u0131lda ekonomik olarak var olmad\u0131k. Bizde varken AK Parti iktidar\u0131n\u0131 kar\u015f\u0131lad\u0131k biz. Hi\u00e7bir zaman da para odakl\u0131, g\u00fc\u00e7 odakl\u0131 olmad\u0131k.<\/p>\n<p><b>&#8220;MAA\u015eIMIN Y\u00dcZDE 90&#8217;I M\u0130LLET\u0130M\u0130N EMR\u0130NDE OLMU\u015eTUR&#8221;<\/b><\/p>\n<p>Bizim dostluklar\u0131m\u0131z pazarl\u0131ks\u0131zd\u0131r. Milletvekilli\u011fi d\u00f6neminde maa\u015f\u0131m\u0131n y\u00fczde 90&#8217;\u0131 milletimin emrinde olmu\u015ftur. Maa\u015f\u0131m\u0131n y\u00fczde 90&#8217;\u0131n\u0131 g\u00f6rmedim. Son 11 y\u0131lda hizmetine ko\u015ftu\u011fumuz insan\u0131m\u0131z\u0131n say\u0131s\u0131 500 bin. Ortalama g\u00fcnl\u00fck telefon g\u00f6r\u00fc\u015fmem 100&#8217;den a\u015fa\u011f\u0131 d\u00fc\u015fm\u00fcyor. Hi\u00e7birisi bana hal hat\u0131r sormak i\u00e7in aram\u0131yor. Dertlerine \u00e7are bulmak i\u00e7in ar\u0131yor. G\u00f6n\u00fcl almak derdindeyiz.&#8221;<\/p>\n","protected":false},"excerpt":{"rendered":"<p>Bir siyaset\u00e7inin su\u00e7 \u00f6rg\u00fct\u00fc lideri Sedat Peker&#8217;den ayda 10 bin dolar ald\u0131\u011f\u0131 iddias\u0131 kamuoyunda uzun s\u00fcredir tart\u0131\u015f\u0131l\u0131rken, bahsi ge\u00e7en ki\u015finin AK Partili Metin K\u00fcl\u00fcnk oldu\u011funa dair iddialar da ortaya at\u0131lm\u0131\u015ft\u0131. Konuya ili\u015fkin sessizli\u011fini 1.5 y\u0131l sonra kat\u0131ld\u0131\u011f\u0131 programda bozan AK Parti MKYK \u00fcyesi Metin K\u00fcl\u00fcnk, &#8220;10 bin dolar alan siyaset\u00e7i ben de\u011filim. Bar\u0131\u015ftan, huzurdan ve bu \u00e7izgide, milli ba\u011f\u0131ms\u0131zl\u0131k\u00e7\u0131 \u00e7izgide oldu\u011funuz zaman her t\u00fcrl\u00fc kirli operasyonun teredd\u00fcts\u00fcz hedefisiniz&#8221; dedi.<\/p>\n","protected":false},"author":1,"featured_media":58271,"comment_status":"closed","ping_status":"open","sticky":false,"template":"","format":"standard","meta":{"footnotes":""},"categories":[28],"tags":[9770,4069],"class_list":["post-58270","post","type-post","status-publish","format-standard","has-post-thumbnail","hentry","category-politika","tag-kulunk","tag-siyaset"],"_links":{"self":[{"href":"https:\/\/haberulus.net\/index.php?rest_route=\/wp\/v2\/posts\/58270","targetHints":{"allow":["GET"]}}],"collection":[{"href":"https:\/\/haberulus.net\/index.php?rest_route=\/wp\/v2\/posts"}],"about":[{"href":"https:\/\/haberulus.net\/index.php?rest_route=\/wp\/v2\/types\/post"}],"author":[{"embeddable":true,"href":"https:\/\/haberulus.net\/index.php?rest_route=\/wp\/v2\/users\/1"}],"replies":[{"embeddable":true,"href":"https:\/\/haberulus.net\/index.php?rest_route=%2Fwp%2Fv2%2Fcomments&post=58270"}],"version-history":[{"count":1,"href":"https:\/\/haberulus.net\/index.php?rest_route=\/wp\/v2\/posts\/58270\/revisions"}],"predecessor-version":[{"id":58272,"href":"https:\/\/haberulus.net\/index.php?rest_route=\/wp\/v2\/posts\/58270\/revisions\/58272"}],"wp:featuredmedia":[{"embeddable":true,"href":"https:\/\/haberulus.net\/index.php?rest_route=\/wp\/v2\/media\/58271"}],"wp:attachment":[{"href":"https:\/\/haberulus.net\/index.php?rest_route=%2Fwp%2Fv2%2Fmedia&parent=58270"}],"wp:term":[{"taxonomy":"category","embeddable":true,"href":"https:\/\/haberulus.net\/index.php?rest_route=%2Fwp%2Fv2%2Fcategories&post=58270"},{"taxonomy":"post_tag","embeddable":true,"href":"https:\/\/haberulus.net\/index.php?rest_route=%2Fwp%2Fv2%2Ftags&post=58270"}],"curies":[{"name":"wp","href":"https:\/\/api.w.org\/{rel}","templated":true}]}}