{"id":58339,"date":"2022-12-06T08:06:03","date_gmt":"2022-12-06T08:06:03","guid":{"rendered":"https:\/\/haberulus.net\/?p=58339"},"modified":"2022-12-06T08:06:03","modified_gmt":"2022-12-06T08:06:03","slug":"anadoluda-hava-durumu-sertlesmeye-basladi","status":"publish","type":"post","link":"https:\/\/haberulus.net\/?p=58339","title":{"rendered":"Anadolu\u2019da hava durumu sertle\u015fmeye ba\u015flad\u0131"},"content":{"rendered":"<p>Erzurum, Ardahan, Kars ile A\u011fr\u0131\u2019da kar ya\u011f\u0131\u015f\u0131, so\u011fuk hava, sis ve buzlanma etkili oluyor.<\/p>\n<p>Hava s\u0131cakl\u0131\u011f\u0131n\u0131n gece s\u0131f\u0131r\u0131n alt\u0131nda 3 derece \u00f6l\u00e7\u00fcld\u00fc\u011f\u00fc Erzurum\u2019da, kent merkezinde aral\u0131klarla kar ya\u011f\u0131\u015f\u0131 etkili oldu.<\/p>\n<p>Y\u00fcksek kesimleri karla kaplanan kentte, sabah saatlerinde yer yer sis etkili olurken, yollarda da buzlanma meydana geldi.<\/p>\n<p>Paland\u00f6ken Kayak Merkezi\u2019nde kar kal\u0131nl\u0131\u011f\u0131n\u0131n 14 santimetre \u00f6l\u00e7\u00fcld\u00fc\u011f\u00fc kentte, so\u011fuk hava hayat\u0131 olumsuz etkiledi.<\/p>\n<p>Baz\u0131 s\u00fcr\u00fcc\u00fcler so\u011fuk hava nedeniyle ara\u00e7lar\u0131n\u0131n camlar\u0131n\u0131 \u00f6rt\u00fcyle korudu.<\/p>\n<p><img decoding=\"async\" src=\"https:\/\/i01.sozcucdn.com\/wp-content\/uploads\/2022\/12\/06\/aa-20221206-29655473-29655469-ardahanda_kar_yagisi_etkili_oldu.jpg\" alt=\"\" title=\"\"><\/p>\n<p><strong>ARDAHAN<\/strong><\/p>\n<p>Ardahan\u2019\u0131n G\u00f6le il\u00e7esinde ise gece ba\u015flayan ve aral\u0131klarla devam eden kar etraf\u0131 beyaza b\u00fcr\u00fcd\u00fc.<\/p>\n<p>Y\u00fckseklerde ise kar yer yer tipiye d\u00f6n\u00fc\u015f\u00fcyor.<\/p>\n<p><strong>KARS<\/strong><\/p>\n<p>Kars\u2019ta da kar ya\u011f\u0131\u015f\u0131, so\u011fuk hava ve sis ya\u015fam\u0131 olumsuz etkiliyor.<\/p>\n<p>Kars-I\u011fd\u0131r ve Kars-G\u00f6le kara yolunda etkili olsan sis nedeniyle g\u00f6r\u00fc\u015f mesafesi 10 metreye kadar indi.<\/p>\n<p>S\u00fcr\u00fcc\u00fclerin zorland\u0131\u011f\u0131 yollarda polis ekipleri uyar\u0131larda bulundu.<\/p>\n<p>So\u011fuk havan\u0131n etkisiyle a\u011fa\u00e7 ve bitkilerde k\u0131ra\u011f\u0131 olu\u015ftu, baz\u0131 g\u00f6l ve dereler de buz tuttu.<\/p>\n<p>Sar\u0131kam\u0131\u015f il\u00e7esinde kar ya\u011f\u0131\u015f\u0131 sonras\u0131 etkili olan so\u011fuk hava nedeniyle bina \u00e7at\u0131lar\u0131nda buz sark\u0131tlar\u0131 olu\u015ftu.<\/p>\n<p>Baz\u0131 besiciler de so\u011fuk havaya kar\u015f\u0131n koyunlar\u0131n\u0131 otlatmaya \u00e7al\u0131\u015ft\u0131.<\/p>\n<p>Kars\u2019tan hareket edip Ankara istikametine giden Do\u011fu Ekspresi ise yol g\u00fczergah\u0131nda g\u00fczel g\u00f6r\u00fcnt\u00fc olu\u015fturdu.<\/p>\n<p><strong>A\u011eRI<\/strong><\/p>\n<p>A\u011fr\u0131\u2019da da sabaha do\u011fru ba\u015flayan kar ya\u011f\u0131\u015f\u0131yla k\u00f6yler ve da\u011flar karla kapland\u0131.<\/p>\n<p>So\u011fuk havan\u0131n etkisiyle ara\u00e7 camlar\u0131 buz tuttu. (AA)<\/p>\n","protected":false},"excerpt":{"rendered":"<p>Erzurum, Ardahan, Kars ile A\u011fr\u0131&#8217;da kar ya\u011f\u0131\u015f\u0131, so\u011fuk hava, sis ve buzlanma etkili oluyor. Hava durumu do\u011fuda g\u00fcnl\u00fck ya\u015fam\u0131 zorla\u015ft\u0131r\u0131rken, beyaz \u00f6rt\u00fc g\u00fczel g\u00f6r\u00fcnt\u00fcler olu\u015fturdu.<\/p>\n","protected":false},"author":1,"featured_media":58340,"comment_status":"closed","ping_status":"open","sticky":false,"template":"","format":"standard","meta":{"footnotes":""},"categories":[26],"tags":[2226,3089,1563,236,3758],"class_list":["post-58339","post","type-post","status-publish","format-standard","has-post-thumbnail","hentry","category-gundem","tag-buz","tag-etkili","tag-kar","tag-kars","tag-soguk-hava"],"_links":{"self":[{"href":"https:\/\/haberulus.net\/index.php?rest_route=\/wp\/v2\/posts\/58339","targetHints":{"allow":["GET"]}}],"collection":[{"href":"https:\/\/haberulus.net\/index.php?rest_route=\/wp\/v2\/posts"}],"about":[{"href":"https:\/\/haberulus.net\/index.php?rest_route=\/wp\/v2\/types\/post"}],"author":[{"embeddable":true,"href":"https:\/\/haberulus.net\/index.php?rest_route=\/wp\/v2\/users\/1"}],"replies":[{"embeddable":true,"href":"https:\/\/haberulus.net\/index.php?rest_route=%2Fwp%2Fv2%2Fcomments&post=58339"}],"version-history":[{"count":1,"href":"https:\/\/haberulus.net\/index.php?rest_route=\/wp\/v2\/posts\/58339\/revisions"}],"predecessor-version":[{"id":58341,"href":"https:\/\/haberulus.net\/index.php?rest_route=\/wp\/v2\/posts\/58339\/revisions\/58341"}],"wp:featuredmedia":[{"embeddable":true,"href":"https:\/\/haberulus.net\/index.php?rest_route=\/wp\/v2\/media\/58340"}],"wp:attachment":[{"href":"https:\/\/haberulus.net\/index.php?rest_route=%2Fwp%2Fv2%2Fmedia&parent=58339"}],"wp:term":[{"taxonomy":"category","embeddable":true,"href":"https:\/\/haberulus.net\/index.php?rest_route=%2Fwp%2Fv2%2Fcategories&post=58339"},{"taxonomy":"post_tag","embeddable":true,"href":"https:\/\/haberulus.net\/index.php?rest_route=%2Fwp%2Fv2%2Ftags&post=58339"}],"curies":[{"name":"wp","href":"https:\/\/api.w.org\/{rel}","templated":true}]}}