{"id":59171,"date":"2022-12-07T10:51:12","date_gmt":"2022-12-07T10:51:12","guid":{"rendered":"https:\/\/haberulus.net\/?p=59171"},"modified":"2022-12-07T10:51:12","modified_gmt":"2022-12-07T10:51:12","slug":"tuncelide-koruma-altindaki-samualar-goruntulendi","status":"publish","type":"post","link":"https:\/\/haberulus.net\/?p=59171","title":{"rendered":"Tunceli\u2019de koruma alt\u0131ndaki \u015famualar g\u00f6r\u00fcnt\u00fclendi"},"content":{"rendered":"<p>Tunceli\u2019de faaliyet y\u00fcr\u00fcten Zirve Da\u011fc\u0131l\u0131k ve Do\u011fa Sporlar\u0131 Kul\u00fcb\u00fc \u00fcyesi 8 da\u011fc\u0131, Ovac\u0131k il\u00e7esindeki Munzur Da\u011flar\u0131\u2019n\u0131n 3 bin 130 rak\u0131ml\u0131 Raan Zirvesi\u2019ne gezi d\u00fczenledi.<\/p>\n<p>Kar kal\u0131nl\u0131\u011f\u0131n\u0131n yar\u0131m metreyi a\u015ft\u0131\u011f\u0131 rotada t\u0131rman\u0131\u015f yapan da\u011fc\u0131lar, 6,5 saatin sonunda zirveye ula\u015fmay\u0131 ba\u015fard\u0131.<\/p>\n<p>Da\u011fc\u0131lar, yolculuklar\u0131 s\u0131ras\u0131nda da karla kapl\u0131 arazide nesli koruma alt\u0131nda bulunan \u015famua olarak da bilinen 10 \u00e7engel boynuzlu da\u011f ke\u00e7isine rastlad\u0131.<\/p>\n<p><img decoding=\"async\" src=\"https:\/\/i01.sozcucdn.com\/wp-content\/uploads\/2022\/12\/07\/tunceli1.1_21934247.jpg\" alt=\"\" title=\"\"><\/p>\n<p>Bir s\u00fcre da\u011f ke\u00e7ilerini izleyen da\u011fc\u0131lar, hayvanlar\u0131n karda yiyecek bulma m\u00fccadelesini kameralar\u0131yla kay\u0131t alt\u0131na ald\u0131.<\/p>\n<p>Ke\u00e7ileri g\u00f6r\u00fcnt\u00fcleyen da\u011fc\u0131 Hasan Aktu\u011f, \u201cDa\u011fc\u0131 arkada\u015flar\u0131m\u0131zla zorlu t\u0131rman\u0131\u015f yaparken \u00e7engel boynuzlu da\u011f ke\u00e7ilerine rastlad\u0131k. Karla kapl\u0131 arazide kar\u0131nlar\u0131n\u0131 doyurmak i\u00e7in yiyecek ar\u0131yorlard\u0131\u201d dedi.<\/p>\n<p>Aktu\u011f, ke\u00e7ileri g\u00f6r\u00fcnt\u00fclemekten b\u00fcy\u00fck keyif ald\u0131\u011f\u0131n\u0131 belirterek, yaban hayat\u0131n\u0131n gelecek ku\u015faklara aktar\u0131lmas\u0131 i\u00e7in korunmas\u0131 gerekti\u011fini vurgulad\u0131. (AA)<\/p>\n","protected":false},"excerpt":{"rendered":"<p>Tunceli&#8217;de D\u00fcnya Do\u011fa Koruma Birli\u011fi&#8217;nin (IUCN) yay\u0131nlad\u0131\u011f\u0131 Nesli T\u00fckenme Tehlikesi Alt\u0131nda Olan T\u00fcrlerin K\u0131rm\u0131z\u0131 Listesi&#8217;nde bulunan \u00e7engel boynuzlu da\u011f ke\u00e7ileri (\u015famualar) bir grup da\u011fc\u0131 taraf\u0131ndan g\u00f6r\u00fcnt\u00fclendi.<\/p>\n","protected":false},"author":1,"featured_media":59172,"comment_status":"closed","ping_status":"open","sticky":false,"template":"","format":"standard","meta":{"footnotes":""},"categories":[33],"tags":[2826,1563],"class_list":["post-59171","post","type-post","status-publish","format-standard","has-post-thumbnail","hentry","category-yasam","tag-dag","tag-kar"],"_links":{"self":[{"href":"https:\/\/haberulus.net\/index.php?rest_route=\/wp\/v2\/posts\/59171","targetHints":{"allow":["GET"]}}],"collection":[{"href":"https:\/\/haberulus.net\/index.php?rest_route=\/wp\/v2\/posts"}],"about":[{"href":"https:\/\/haberulus.net\/index.php?rest_route=\/wp\/v2\/types\/post"}],"author":[{"embeddable":true,"href":"https:\/\/haberulus.net\/index.php?rest_route=\/wp\/v2\/users\/1"}],"replies":[{"embeddable":true,"href":"https:\/\/haberulus.net\/index.php?rest_route=%2Fwp%2Fv2%2Fcomments&post=59171"}],"version-history":[{"count":1,"href":"https:\/\/haberulus.net\/index.php?rest_route=\/wp\/v2\/posts\/59171\/revisions"}],"predecessor-version":[{"id":59173,"href":"https:\/\/haberulus.net\/index.php?rest_route=\/wp\/v2\/posts\/59171\/revisions\/59173"}],"wp:featuredmedia":[{"embeddable":true,"href":"https:\/\/haberulus.net\/index.php?rest_route=\/wp\/v2\/media\/59172"}],"wp:attachment":[{"href":"https:\/\/haberulus.net\/index.php?rest_route=%2Fwp%2Fv2%2Fmedia&parent=59171"}],"wp:term":[{"taxonomy":"category","embeddable":true,"href":"https:\/\/haberulus.net\/index.php?rest_route=%2Fwp%2Fv2%2Fcategories&post=59171"},{"taxonomy":"post_tag","embeddable":true,"href":"https:\/\/haberulus.net\/index.php?rest_route=%2Fwp%2Fv2%2Ftags&post=59171"}],"curies":[{"name":"wp","href":"https:\/\/api.w.org\/{rel}","templated":true}]}}