{"id":60267,"date":"2022-12-09T08:21:08","date_gmt":"2022-12-09T08:21:08","guid":{"rendered":"https:\/\/haberulus.net\/?p=60267"},"modified":"2022-12-09T08:21:08","modified_gmt":"2022-12-09T08:21:08","slug":"instagram-paylasimin-kesfet-icin-uygun-olup-olmadigi-soyleyecek","status":"publish","type":"post","link":"https:\/\/haberulus.net\/?p=60267","title":{"rendered":"Instagram, payla\u015f\u0131m\u0131n \u201cKe\u015ffet\u201d i\u00e7in uygun olup olmad\u0131\u011f\u0131 s\u00f6yleyecek"},"content":{"rendered":"<p>Instagram\u2019da takip\u00e7i say\u0131s\u0131n\u0131 artt\u0131rmak isteyen hesaplar i\u00e7in \u00f6nemli bir durum olan \u201cKe\u015ffet\u201de \u00e7\u0131kmak i\u00e7in yeni \u00f6zellik eklendi. Instagram, bu \u00f6zelli\u011fi sayesinde payla\u015f\u0131lan foto\u011fraf veya videonun \u201cKe\u015ffet\u201d b\u00f6l\u00fcm\u00fcnde \u00f6nerilmeye uygun olup, olmad\u0131\u011f\u0131n\u0131 belirtecek.<\/p>\n<p><strong>YEN\u0130 \u00d6ZELL\u0130\u011e\u0130 ADAM MOSSER\u0130 TANITTI<\/strong><\/p>\n<p>Instagram bu y\u0131l bir\u00e7ok de\u011fi\u015fiklik yapt\u0131, bunlardan baz\u0131lar\u0131 iyi kar\u015f\u0131lan\u0131rken, baz\u0131lar\u0131 ise be\u011fenilmedi. Yeni \u00f6zellik ise takip\u00e7i say\u0131s\u0131n\u0131 artt\u0131rmak isteyenlerin ilgisini \u00e7ekecek.<\/p>\n<p>Instagram CEO\u2019su Adam Mosseri, i\u00e7erik olu\u015fturuculara i\u00e7eriklerinin platformda nas\u0131l daha \u00e7ok say\u0131da ki\u015fiye ula\u015ft\u0131rabileceklerini anlamalar\u0131na yard\u0131mc\u0131 olacak \u00f6zelli\u011fi a\u00e7\u0131klad\u0131. Bu \u00f6zellik,\u00a0 i\u00e7eriklerin Ke\u015ffet b\u00f6l\u00fcm\u00fcnde g\u00f6sterilmesinin uygun olup olmad\u0131\u011f\u0131n\u0131 g\u00f6sterecek.<\/p>\n<p>Mosseri, bazen hesab\u0131n veya g\u00f6nderilerin uygun olmayabilece\u011fini ve bu nedenle Instagram\u2019da herhangi bir eri\u015fime sahip olmayaca\u011f\u0131n\u0131 a\u00e7\u0131klad\u0131. Art\u0131k i\u00e7erik olu\u015fturucular, g\u00f6nderilerin \u00f6nerilebilir olup olmad\u0131\u011f\u0131n\u0131 veya Ke\u015ffet sekmesi gibi yerlerde g\u00f6sterilmelerinin engellenip engellenmedi\u011fini g\u00f6rmek i\u00e7in Hesap Durumlar\u0131n\u0131 kontrol edebilecek. Ayr\u0131ca i\u00e7erik engellemesi olanlar, uygun hale getirmek i\u00e7in onu silebilir, d\u00fczenleyebilir veya destek ekibine itiraz edebilecek.<\/p>\n<blockquote class=\"twitter-tweet\" data-width=\"500\" data-dnt=\"true\">\n<p lang=\"en\" dir=\"ltr\">\u2705 Account Status Update \u2705<\/p>\n<p>We&#39;re expanding Account Status so professional accounts can understand if their content may be eligible to be recommended to non-followers.<\/p>\n<p>Here\u2019s how to get to it: Profile -&gt; Menu -&gt; Settings -&gt; Account -&gt; Account Status <a href=\"https:\/\/t.co\/QbxjQF06vR\" target=\"_blank\">pic.twitter.com\/QbxjQF06vR<\/a><\/p>\n<p>&mdash; Adam Mosseri (@mosseri) <a href=\"https:\/\/twitter.com\/mosseri\/status\/1600526614122663936?ref_src=twsrc%5Etfw\" target=\"_blank\" rel=\"noopener\">December 7, 2022<\/a><\/p><\/blockquote>\n<p><script async src=\"https:\/\/platform.twitter.com\/widgets.js\" charset=\"utf-8\"><\/script><\/p>\n<p><strong>INSTAGRAM PAYLA\u015eIMIN UYGUN OLUP OLMADI\u011eI NASIL \u00d6\u011eREN\u0130L\u0130R?<\/strong><\/p>\n<p>1. Ad\u0131m: Instagram uygulamas\u0131 \u00fczerinde profil sayfan\u0131za girin.<\/p>\n<p>2. Ad\u0131m: \u201cMen\u00fc\u201d se\u00e7ene\u011fine giri\u015f yap\u0131n.<\/p>\n<p>3. Ad\u0131m: \u201cAyarlar\u201d b\u00f6l\u00fcm\u00fcne girin.<\/p>\n<p>4. Ad\u0131m: \u201cHesap\u201d se\u00e7ene\u011fine girin.<\/p>\n<p>5. Ad\u0131m: \u201cHesap Durumu\u201d b\u00f6l\u00fcm\u00fcne girin.<\/p>\n","protected":false},"excerpt":{"rendered":"<p>Instagram, profesyonel hesap i\u00e7eriklerinin &#8220;Ke\u015ffet&#8221; b\u00f6l\u00fcm\u00fcnde \u00f6nerilmeye uygun olup olmad\u0131\u011f\u0131n\u0131 g\u00f6sterecek. Yeni \u00f6zellik, payla\u015f\u0131m\u0131n &#8220;Ke\u015ffet&#8221;te \u00e7\u0131kmaya uygun olmamas\u0131 halinde nas\u0131l d\u00fczeltebilece\u011fi konusunda da yard\u0131mc\u0131 olacak.<\/p>\n","protected":false},"author":1,"featured_media":60269,"comment_status":"closed","ping_status":"open","sticky":false,"template":"","format":"standard","meta":{"footnotes":""},"categories":[32],"tags":[825,7127,218,4170],"class_list":["post-60267","post","type-post","status-publish","format-standard","has-post-thumbnail","hentry","category-teknoloji","tag-adim","tag-icerik","tag-instagram","tag-uygun"],"_links":{"self":[{"href":"https:\/\/haberulus.net\/index.php?rest_route=\/wp\/v2\/posts\/60267","targetHints":{"allow":["GET"]}}],"collection":[{"href":"https:\/\/haberulus.net\/index.php?rest_route=\/wp\/v2\/posts"}],"about":[{"href":"https:\/\/haberulus.net\/index.php?rest_route=\/wp\/v2\/types\/post"}],"author":[{"embeddable":true,"href":"https:\/\/haberulus.net\/index.php?rest_route=\/wp\/v2\/users\/1"}],"replies":[{"embeddable":true,"href":"https:\/\/haberulus.net\/index.php?rest_route=%2Fwp%2Fv2%2Fcomments&post=60267"}],"version-history":[{"count":1,"href":"https:\/\/haberulus.net\/index.php?rest_route=\/wp\/v2\/posts\/60267\/revisions"}],"predecessor-version":[{"id":60270,"href":"https:\/\/haberulus.net\/index.php?rest_route=\/wp\/v2\/posts\/60267\/revisions\/60270"}],"wp:featuredmedia":[{"embeddable":true,"href":"https:\/\/haberulus.net\/index.php?rest_route=\/wp\/v2\/media\/60269"}],"wp:attachment":[{"href":"https:\/\/haberulus.net\/index.php?rest_route=%2Fwp%2Fv2%2Fmedia&parent=60267"}],"wp:term":[{"taxonomy":"category","embeddable":true,"href":"https:\/\/haberulus.net\/index.php?rest_route=%2Fwp%2Fv2%2Fcategories&post=60267"},{"taxonomy":"post_tag","embeddable":true,"href":"https:\/\/haberulus.net\/index.php?rest_route=%2Fwp%2Fv2%2Ftags&post=60267"}],"curies":[{"name":"wp","href":"https:\/\/api.w.org\/{rel}","templated":true}]}}