{"id":60409,"date":"2022-12-09T11:51:05","date_gmt":"2022-12-09T11:51:05","guid":{"rendered":"https:\/\/haberulus.net\/?p=60409"},"modified":"2022-12-09T11:51:05","modified_gmt":"2022-12-09T11:51:05","slug":"istanbul-barosu-baskani-filiz-saractan-suc-duyurusu","status":"publish","type":"post","link":"https:\/\/haberulus.net\/?p=60409","title":{"rendered":"\u0130stanbul Barosu Ba\u015fkan\u0131 Filiz Sara\u00e7\u2019tan su\u00e7 duyurusu"},"content":{"rendered":"<p>\u0130stanbul Barosu, Anadolu 2. A\u011f\u0131r Ceza Mahkemesi&#8217;nde a\u00e7\u0131lan 6 ya\u015f\u0131ndaki H.K.G.&#8217;ye y\u00f6nelik \u2018\u00e7ocu\u011fun cinsel istismar\u0131&#8217; davas\u0131na m\u00fcdahil olarak kat\u0131lma talebinde bulundu. \u0130stanbul Barosu Ba\u015fkan\u0131 Filiz Sara\u00e7, ma\u011fdur H.K.G.&#8217;nin 14 ya\u015f\u0131nda, ya\u015f\u0131n\u0131n tespiti i\u00e7in g\u00f6nderildi\u011fi hastanede, yerine teste bir ba\u015fkas\u0131n\u0131n tabi tutuldu\u011fu ve 21 ya\u015f\u0131nda oldu\u011funa dair rapor d\u00fczenlendi\u011fi iddias\u0131na ili\u015fkin olarak da Anadolu Cumhuriyet Ba\u015fsavc\u0131l\u0131\u011f\u0131&#8217;na su\u00e7 duyurusunda bulundu.<\/p>\n<p>\u0130stanbul Barosu taraf\u0131ndan yap\u0131lan a\u00e7\u0131klamada \u015fu ifadelere yer verildi:<\/p>\n<p>\u2013 Toplumun gelece\u011fi olan \u00e7ocuklar\u0131n karanl\u0131k zihniyetler taraf\u0131ndan her t\u00fcrl\u00fc ihmal, istismar ve s\u00f6m\u00fcr\u00fcs\u00fcne kar\u015f\u0131 sonuna kadar m\u00fccadele edece\u011fiz.<\/p>\n<p>\u2013 18 ya\u015f\u0131ndan k\u00fc\u00e7\u00fck t\u00fcm bireyler \u00e7ocuktur. \u00c7ocu\u011fa kar\u015f\u0131 yap\u0131lan her t\u00fcrl\u00fc cinsel davran\u0131\u015f su\u00e7tur. Hi\u00e7bir kurum, kurulu\u015f, inan\u00e7, de\u011fer veya herhangi bir durum bunu me\u015fru k\u0131lmaz. Anne ve babalar \u00e7ocuklar\u0131n\u0131 korumakla, bak\u0131m\u0131n\u0131 \u00fcstlenmekle y\u00fck\u00fcml\u00fcd\u00fcr. \u00c7ocu\u011fa zarar verecek davran\u0131\u015flarda bulunamaz, bulunmalar\u0131 hali su\u00e7tur.<\/p>\n<p>\u2013 \u00c7ocu\u011fa kar\u015f\u0131 yap\u0131lan her t\u00fcrl\u00fc k\u00f6t\u00fc davran\u0131\u015f\u0131 ihbar etmek; adli ve idari makamlar\u0131n, kolluk kuvvetlerinin, e\u011fitim ve sa\u011fl\u0131k kurumlar\u0131n\u0131n, sivil toplum kurulu\u015flar\u0131n\u0131n, ailenin ve toplumdaki t\u00fcm bireylerin sorumlulu\u011fudur.<\/p>\n<p>\u2013 Devlet, \u00e7ocu\u011fu her t\u00fcrl\u00fc cinsel davran\u0131\u015f ve k\u00f6t\u00fc muameleden, hak ihlalinden korumakla y\u00fck\u00fcml\u00fcd\u00fcr. Devlet mekanizmalar\u0131; cinsel istismar vakalar\u0131nda, iddialar\u0131 \u201c\u00e7ocu\u011fun beyan\u0131n\u0131\u201d esas alarak de\u011ferlendirmekle ve \u201c\u00e7ocu\u011fun \u00fcst\u00fcn yarar\u0131 ilkesini\u201d dikkate alarak, etkin, h\u0131zl\u0131 ve adil bir s\u00fcre\u00e7 y\u00fcr\u00fctmekle y\u00fck\u00fcml\u00fcd\u00fcr.<\/p>\n<p>\u2013 Ne yaz\u0131k ki bu y\u00fck\u00fcml\u00fcl\u00fcklere uyulmad\u0131\u011f\u0131n\u0131, \u00e7ocuklar\u0131 koruyamad\u0131\u011f\u0131m\u0131z\u0131 g\u00f6r\u00fcyoruz. Medyaya yans\u0131yan \u201c6 ya\u015f\u0131ndaki bir k\u0131z \u00e7ocu\u011funun \u2018evlilik&#8217; ad\u0131 alt\u0131nda cinsel istismar\u0131\u201d davas\u0131na \u0130stanbul Barosu olarak ma\u011fdurun yan\u0131nda m\u00fcdahil olma talebinde bulunduk.<\/p>\n<p>\u2013 Bu kapsamda \u00e7ocu\u011fun kemik ya\u015f\u0131n\u0131n tespitine y\u00f6nelik usuls\u00fcz i\u015flem iddialar\u0131yla ilgili olarak da \u0130stanbul Anadolu Cumhuriyet Ba\u015fsavc\u0131l\u0131\u011f\u0131&#8217;na su\u00e7 duyurusunda bulunduk.<\/p>\n","protected":false},"excerpt":{"rendered":"<p>\u0130stanbul Barosu, \u0130smaila\u011fa Cemaati\u2019ne ba\u011fl\u0131 Hiranur Vakf\u0131\u2019n\u0131n kurucusu Yusuf Ziya G\u00fcm\u00fc\u015fel\u2019in 6 ya\u015f\u0131ndaki k\u0131z\u0131n\u0131n evlendirilmesi olay\u0131na ili\u015fkin a\u00e7\u0131lan davaya m\u00fcdahil olarak kat\u0131lma talebinde bulundu. \u0130stanbul Barosu Ba\u015fkan\u0131 Filiz Sara\u00e7 da H.K.G.\u2019nin 21 ya\u015f\u0131nda oldu\u011funa dair rapor d\u00fczenlendi\u011fi iddias\u0131yla ilgili olarak da su\u00e7 duyurusunda bulundu.<\/p>\n","protected":false},"author":1,"featured_media":60410,"comment_status":"closed","ping_status":"open","sticky":false,"template":"","format":"standard","meta":{"footnotes":""},"categories":[26],"tags":[1190,96,2476],"class_list":["post-60409","post","type-post","status-publish","format-standard","has-post-thumbnail","hentry","category-gundem","tag-cinsel","tag-istanbul","tag-yasinda"],"_links":{"self":[{"href":"https:\/\/haberulus.net\/index.php?rest_route=\/wp\/v2\/posts\/60409","targetHints":{"allow":["GET"]}}],"collection":[{"href":"https:\/\/haberulus.net\/index.php?rest_route=\/wp\/v2\/posts"}],"about":[{"href":"https:\/\/haberulus.net\/index.php?rest_route=\/wp\/v2\/types\/post"}],"author":[{"embeddable":true,"href":"https:\/\/haberulus.net\/index.php?rest_route=\/wp\/v2\/users\/1"}],"replies":[{"embeddable":true,"href":"https:\/\/haberulus.net\/index.php?rest_route=%2Fwp%2Fv2%2Fcomments&post=60409"}],"version-history":[{"count":1,"href":"https:\/\/haberulus.net\/index.php?rest_route=\/wp\/v2\/posts\/60409\/revisions"}],"predecessor-version":[{"id":60411,"href":"https:\/\/haberulus.net\/index.php?rest_route=\/wp\/v2\/posts\/60409\/revisions\/60411"}],"wp:featuredmedia":[{"embeddable":true,"href":"https:\/\/haberulus.net\/index.php?rest_route=\/wp\/v2\/media\/60410"}],"wp:attachment":[{"href":"https:\/\/haberulus.net\/index.php?rest_route=%2Fwp%2Fv2%2Fmedia&parent=60409"}],"wp:term":[{"taxonomy":"category","embeddable":true,"href":"https:\/\/haberulus.net\/index.php?rest_route=%2Fwp%2Fv2%2Fcategories&post=60409"},{"taxonomy":"post_tag","embeddable":true,"href":"https:\/\/haberulus.net\/index.php?rest_route=%2Fwp%2Fv2%2Ftags&post=60409"}],"curies":[{"name":"wp","href":"https:\/\/api.w.org\/{rel}","templated":true}]}}