{"id":60418,"date":"2022-12-09T12:06:04","date_gmt":"2022-12-09T12:06:04","guid":{"rendered":"https:\/\/haberulus.net\/?p=60418"},"modified":"2022-12-09T12:06:04","modified_gmt":"2022-12-09T12:06:04","slug":"tekirdagda-kreste-tepki-ceken-goruntuler-sorusturma-baslatildi","status":"publish","type":"post","link":"https:\/\/haberulus.net\/?p=60418","title":{"rendered":"Tekirda\u011f\u2019da kre\u015fte tepki \u00e7eken g\u00f6r\u00fcnt\u00fcler\u2026 Soru\u015fturma ba\u015flat\u0131ld\u0131"},"content":{"rendered":"<p>Olay, temmuz ay\u0131nda Kapakl\u0131\u2019da, \u00c7OSB Kre\u015f ve G\u00fcnd\u00fcz Bak\u0131m Evi&#8217;nde meydana geldi. Anne E.E., evde k\u0131z\u0131 D.E.\u2019nin oynad\u0131\u011f\u0131 bebe\u011fini ellerini kurdele ile arkadan ba\u011flay\u0131p uyutmas\u0131 \u00fczerine \u015f\u00fcphelendi.<\/p>\n<p>Annesinin bunu neden yapt\u0131\u011f\u0131n\u0131 sordu\u011fu D.E., kre\u015fte uyumayan \u00e7ocuklar\u0131 \u00f6\u011fretmenlerinin ba\u011flayarak uyuttu\u011funu s\u00f6yledi.<\/p>\n<p>Bunun \u00fczerine E.E., ba\u011flayan \u00f6\u011fretmenlerin isimlerini k\u0131z\u0131ndan \u00f6\u011frendi, di\u011fer velilerle irtibata ge\u00e7ti.<\/p>\n<p>E.E., 250 \u00f6\u011frencisi bulunan kre\u015f y\u00f6netimi ile g\u00f6r\u00fc\u015fmek istedi. Olumlu talep alamayan veliler, bu y\u0131l\u0131n haziran, temmuz ve a\u011fustos ay\u0131na ait g\u00fcvenlik kameras\u0131 g\u00f6r\u00fcnt\u00fclerinin kay\u0131tlar\u0131n\u0131n incelenmesini istedi. Bu talebi de kabul etmeyen kre\u015f y\u00f6netimi, 7 \u00e7ocu\u011fun kre\u015fle ili\u015fkisini kesip, ailelerine durumu mail ile bildirdi.<\/p>\n<p>Velilerin su\u00e7 duyurusunda bulunmas\u0131 \u00fczerine \u00c7erkezk\u00f6y Cumhuriyet Ba\u015fsavc\u0131l\u0131\u011f\u0131, konuyla ilgili inceleme ba\u015flatt\u0131.<\/p>\n<p>Savc\u0131l\u0131k kamera kay\u0131tlar\u0131na el koyarak, incelemeye ald\u0131. G\u00f6r\u00fcnt\u00fclerde, bir \u00f6\u011fretmenin \u00e7ocu\u011fu tutup yere att\u0131\u011f\u0131, baz\u0131 \u00e7ocuklar\u0131 itip kakt\u0131klar\u0131, \u00fczerlerini de\u011fi\u015firken sert davrand\u0131klar\u0131, bir \u00f6\u011fretmenin \u00e7ocu\u011fu yere sert bir \u015fekilde oturttu\u011fu, \u00e7ocuklar\u0131n yatt\u0131klar\u0131 yataklar\u0131 ta\u015f\u0131rken, ba\u015f\u0131na \u00e7arpt\u0131\u011f\u0131, a\u011flayan \u00e7ocu\u011fu zorla bezle masa sildirdikleri, sert davrand\u0131klar\u0131 \u00e7ocuklar\u0131n a\u011flad\u0131\u011f\u0131, bir \u00e7ocu\u011fun eline ve y\u00fcz\u00fcne vurduklar\u0131 yer ald\u0131.<\/p>\n<p><strong>\u0130K\u0130 \u00d6\u011eRETMEN\u0130N G\u00d6REV\u0130NE SON VER\u0130LD\u0130,<\/strong><\/p>\n<p>G\u00f6r\u00fcnt\u00fclerin incelenmesinin ard\u0131ndan 7 veli, \u00f6\u011fretmenler, S.M. ve B.Y. ile kre\u015f idarecileri hakk\u0131nda su\u00e7 duyurusunda bulundu.<\/p>\n<p>\u00c7erkezk\u00f6y Cumhuriyet Ba\u015fsavc\u0131l\u0131\u011f\u0131\u2019n\u0131n konuya ili\u015fkin soru\u015fturmas\u0131 s\u00fcrerken, kre\u015f y\u00f6netimi, olay\u0131n duyulmas\u0131n\u0131n ard\u0131ndan 2 \u00f6\u011fretmenin g\u00f6revine son verdi.<\/p>\n<p>Velilerin cep telefonlar\u0131na kre\u015ften g\u00f6nderilen mesajlarda ise, \u201cSevgili velilerimiz. G\u00f6r\u00fcnt\u00fcleri \u00fcz\u00fcnt\u00fcyle izlemi\u015f bulunmaktay\u0131z. Bahse konu \u00f6\u011fretmenlerimizin i\u015fine son verilmi\u015ftir. Hukuki s\u00fcre\u00e7 ba\u015flam\u0131\u015ft\u0131r, konuyla ilgili detayl\u0131 a\u00e7\u0131klama \u00fcst y\u00f6netim taraf\u0131ndan yap\u0131lacakt\u0131r\u201d denildi.<\/p>\n<p><img decoding=\"async\" src=\"https:\/\/i01.sozcucdn.com\/wp-content\/uploads\/2022\/12\/09\/b68f612629a4bc6f1304b7c999c65582.jpg\" alt=\"\" title=\"\"><\/p>\n<p><strong>\u00c7OBS&#8217;DAN A\u00c7IKLAMA<\/strong><\/p>\n<p>\u00c7OSB y\u00f6netiminden konuya ili\u015fkin yaz\u0131l\u0131 a\u00e7\u0131klama da yap\u0131ld\u0131. B\u00f6lge m\u00fcd\u00fcrl\u00fckleri b\u00fcnyesinde faaliyet g\u00f6steren \u00d6zel \u00c7OBS Kre\u015f ve G\u00fcnd\u00fcz Bak\u0131m Evi ile ilgili bas\u0131nda yay\u0131nlanan g\u00f6r\u00fcnt\u00fclerle ilgili a\u00e7\u0131klama yapma gere\u011fi duyuldu\u011fu belirtilerek, \u201cG\u00f6r\u00fcnt\u00fclerdeki konu, yarg\u0131ya intikal ettirilmi\u015f olup, b\u00f6lge m\u00fcd\u00fcrl\u00fc\u011f\u00fcm\u00fcz taraf\u0131ndan s\u00f6z konusu \u00e7al\u0131\u015fanlar\u0131n, i\u015fine son verilerek idari tahkikata ba\u015flanm\u0131\u015f olup, tahkikat devam etmektedir. Kre\u015fimizdeki di\u011fer \u00e7ocuklar\u0131m\u0131z\u0131n ve velilerimizin etkilenmemesi i\u00e7in b\u00fcy\u00fck bir titizlikle \u00fczerinde durdu\u011fumuz konuyla ilgili ki\u015filer hakk\u0131nda idari gerekli i\u015flemlerin yap\u0131laca\u011f\u0131n\u0131 ve yarg\u0131lama s\u00fcrecinin takip\u00e7isi olaca\u011f\u0131m\u0131z\u0131 kamuoyunun bilgisine sunar\u0131z\u201d ifadelerine yer verildi. (DHA)<\/p>\n","protected":false},"excerpt":{"rendered":"<p>Tekirda\u011f&#8217;\u0131n Kapakl\u0131 il\u00e7esindeki \u00d6zel \u00c7erkezk\u00f6y Organize Sanayi B\u00f6lgesi (\u00c7OSB) Kre\u015f ve G\u00fcnd\u00fcz Bak\u0131m Evi\u2019nde \u00e7ocuklara \u015fiddet uyguland\u0131\u011f\u0131 gerek\u00e7esiyle, aileler su\u00e7 duyurusunda bulundu. Savc\u0131l\u0131k olayla ilgili soru\u015fturma ba\u015flat\u0131rken, kre\u015fteki 2 \u00f6\u011fretmenin i\u015fine son verildi.<\/p>\n","protected":false},"author":1,"featured_media":60419,"comment_status":"closed","ping_status":"open","sticky":false,"template":"","format":"standard","meta":{"footnotes":""},"categories":[26],"tags":[9929,636],"class_list":["post-60418","post","type-post","status-publish","format-standard","has-post-thumbnail","hentry","category-gundem","tag-kres","tag-yonetim"],"_links":{"self":[{"href":"https:\/\/haberulus.net\/index.php?rest_route=\/wp\/v2\/posts\/60418","targetHints":{"allow":["GET"]}}],"collection":[{"href":"https:\/\/haberulus.net\/index.php?rest_route=\/wp\/v2\/posts"}],"about":[{"href":"https:\/\/haberulus.net\/index.php?rest_route=\/wp\/v2\/types\/post"}],"author":[{"embeddable":true,"href":"https:\/\/haberulus.net\/index.php?rest_route=\/wp\/v2\/users\/1"}],"replies":[{"embeddable":true,"href":"https:\/\/haberulus.net\/index.php?rest_route=%2Fwp%2Fv2%2Fcomments&post=60418"}],"version-history":[{"count":1,"href":"https:\/\/haberulus.net\/index.php?rest_route=\/wp\/v2\/posts\/60418\/revisions"}],"predecessor-version":[{"id":60420,"href":"https:\/\/haberulus.net\/index.php?rest_route=\/wp\/v2\/posts\/60418\/revisions\/60420"}],"wp:featuredmedia":[{"embeddable":true,"href":"https:\/\/haberulus.net\/index.php?rest_route=\/wp\/v2\/media\/60419"}],"wp:attachment":[{"href":"https:\/\/haberulus.net\/index.php?rest_route=%2Fwp%2Fv2%2Fmedia&parent=60418"}],"wp:term":[{"taxonomy":"category","embeddable":true,"href":"https:\/\/haberulus.net\/index.php?rest_route=%2Fwp%2Fv2%2Fcategories&post=60418"},{"taxonomy":"post_tag","embeddable":true,"href":"https:\/\/haberulus.net\/index.php?rest_route=%2Fwp%2Fv2%2Ftags&post=60418"}],"curies":[{"name":"wp","href":"https:\/\/api.w.org\/{rel}","templated":true}]}}