{"id":60448,"date":"2022-12-09T13:36:05","date_gmt":"2022-12-09T13:36:05","guid":{"rendered":"https:\/\/haberulus.net\/?p=60448"},"modified":"2022-12-09T13:36:05","modified_gmt":"2022-12-09T13:36:05","slug":"eyt-yas-siniri-olacak-mi-son-durum-ne","status":"publish","type":"post","link":"https:\/\/haberulus.net\/?p=60448","title":{"rendered":"EYT ya\u015f s\u0131n\u0131r\u0131 olacak m\u0131, son durum ne?"},"content":{"rendered":"<p>EYT ile ya\u015f \u015fart\u0131 aranmazken, emeklilik i\u00e7in gereken ya\u015f d\u0131\u015f\u0131ndaki sigortal\u0131l\u0131k s\u00fcresi ve prim g\u00fcn\u00fc \u015fartlar\u0131n\u0131 sa\u011flam\u0131\u015f olmak gerekiyor ancak son d\u00f6nemde yap\u0131lan g\u00f6r\u00fc\u015fmeler sonunda EYT ya\u015f \u015fart\u0131 gelebilece\u011fi konu\u015fuluyor.<\/p>\n<p><strong>EYT YA\u015e \u015eARTI GELECEK M\u0130?<\/strong><\/p>\n<p>\u00c7al\u0131\u015fma ve Sosyal G\u00fcvenlik Bakan\u0131 Vedat Bilgin, \u00f6nceki a\u00e7\u0131klamalar\u0131nda ya\u015f s\u0131n\u0131r\u0131 olmayaca\u011f\u0131n\u0131 duyurmu\u015f, kad\u0131nlarda 20 y\u0131l, erkeklerde 25 y\u0131l sigortal\u0131l\u0131k s\u00fcresini dolduran ve 5 bin prim g\u00fcn\u00fcn tamamlayanlar\u0131n d\u00fczenlemeden yararlanaca\u011f\u0131n\u0131 a\u00e7\u0131klam\u0131\u015ft\u0131.<\/p>\n<p>Hen\u00fcz kesin olmamakla birlikte son d\u00f6nemlerde kulislerde, EYT i\u00e7in ya\u015f \u015fart\u0131 aranabilece\u011fi konu\u015fuluyor. Karar\u0131n yeni bir toplant\u0131n\u0131n ard\u0131ndan verilmesi bekleniyor.<\/p>\n<p>Buna g\u00f6re kad\u0131nlarda 48, erkeklerde 50 ya\u015f s\u0131n\u0131r\u0131 g\u00fcndeme geldi. EYT ile birlikte iki milyon ki\u015finin emekli olma durumu olu\u015fmas\u0131ndan dolay\u0131 b\u00fct\u00e7e \u00fczerindeki y\u00fck\u00fc azaltmak i\u00e7in ya\u015f \u015fart\u0131 getirilece\u011fi iddia ediliyor.<\/p>\n<p><strong>EYT i\u00e7in kad\u0131nlarda 48, erkeklerde 50 ya\u015f s\u0131n\u0131r\u0131 g\u00fcndemdeyken Bakan Bilgin a\u00e7\u0131klamas\u0131nda b\u00fct\u00e7e g\u00f6r\u00fc\u015fmelerinde konuya a\u00e7\u0131kl\u0131k getirece\u011fini ifade etmi\u015fti ancak konuya de\u011finmedi.<\/strong><\/p>\n<p><strong>EMEKL\u0130L\u0130KTE YA\u015eA TAKILANLAR (EYT) NE ZAMAN \u00c7IKACAK?<\/strong><\/p>\n<p>Bakan Bilgin, EYT konusunun kamuoyunun en \u00e7ok ilgilendi\u011fi bir konu oldu\u011fun, ancak bug\u00fcne kadar uzamas\u0131n\u0131n birka\u00e7 nedeni oldu\u011funu s\u00f6yledi. EYT\u2019nin kad\u0131nlarda 48, erkeklerde 50 ya\u015f s\u0131n\u0131r\u0131 getirilerek ya\u015f \u015fart\u0131yla \u00e7\u0131kar\u0131laca\u011f\u0131na ili\u015fkin s\u00f6ylentilere hi\u00e7 de\u011finmeyen Bakan Bilgin, \u015fu ifadeleri kulland\u0131;<\/p>\n<p>*EYT konusu en \u00f6nemli konulardan biri. Uzamas\u0131n\u0131n nedeni herkesi dinliyoruz. \u015eimdi odalar\u0131 dinliyoruz. Bu i\u015fverenleri de yak\u0131ndan ilgilendiriyor. Mali y\u00fck\u00fcn\u00fcn de oldu\u011funu s\u00f6yl\u00fcyorlar. Bunun yan\u0131nda tazminat ve kalifiye elamanlar\u0131ndan olacaklar\u0131n\u0131 belirtiyorlar.<\/p>\n<p>*Ya\u015f s\u0131n\u0131r\u0131n\u0131 \u00f6teleyin, \u015funu \u00f6teleyin bunu \u00f6teleyin diyenler de oluyor. Bilindi\u011fi gibi bu d\u00fczenleme 8 Eyl\u00fcl 1999 \u00f6ncesi \u00e7al\u0131\u015fanlar\u0131 bu kaps\u0131yor. Ancak sigortal\u0131l\u0131k s\u00fcresi dijitale aktar\u0131lmayanlar da var. Bunu da halletmeye \u00e7al\u0131\u015f\u0131yoruz.<strong> \u0130n\u015fallah s\u00f6z\u00fcm\u00fc tutar\u0131m ve bu ocak ay\u0131na sarkmaz ve bu ay Meclis&#8217;e gelir.<\/strong> En kapsaml\u0131 d\u00fczenlemeyi yapaca\u011f\u0131z.<\/p>\n<p>*Biliyorsunuz burada 3 temel kriter var. Bunlar\u0131 bug\u00fcn komisyonda da s\u00f6yledim. Bug\u00fcn ya\u015f \u015fart\u0131 olmasayd\u0131 haziran ay\u0131na g\u00f6re ne kadar insan emekli olabilir, onu a\u00e7\u0131klam\u0131\u015ft\u0131m, 1 milyon 600 bine yak\u0131n.<\/p>\n<p><strong>\u201cGER\u00c7EK\u00c7\u0130 B\u0130R \u00c7ALI\u015eMA YAPMAMIZ LAZIM\u201d<\/strong><\/p>\n<p>*Bug\u00fcn bu say\u0131 biraz daha y\u00fckselmi\u015f bulunuyor. Ocak ay\u0131nda bu biraz daha y\u00fckselecek. Dolas\u0131yla b\u00fct\u00fcn verileri ele al\u0131p ger\u00e7ek\u00e7i bir \u00e7al\u0131\u015fma yapmam\u0131z laz\u0131m. \u00d6zel sekt\u00f6re, kamuya yans\u0131yacak y\u00fck\u00fcn hepsini ortaya \u00e7\u0131kard\u0131ktan sonra t\u00fcm kamuoyuyla payla\u015faca\u011f\u0131m.<\/p>\n<p>*Burada \u015funu a\u00e7\u0131k\u00e7a ifade etmek isterim; T\u00fcrkiye&#8217;nin emek\u00e7ileri \u00f6n\u00fcm\u00fczdeki g\u00fcnlerde asgari \u00fccreti \u00f6\u011frenecek. Biz burada emek\u00e7ilerimizden yana tav\u0131r alaca\u011f\u0131z. Bundan kimsenin endi\u015fesi olmas\u0131n.<\/p>\n<p>EYT de g\u00fcndeme geldi\u011finde ayn\u0131 kapsay\u0131c\u0131l\u0131kta olacakt\u0131r.<\/p>\n<p><img decoding=\"async\" src=\"https:\/\/i01.sozcucdn.com\/wp-content\/uploads\/2022\/12\/09\/eyt-son-dakika-shu.jpg\" alt=\"\" title=\"\"><\/p>\n<p><strong>EYT PLANINI YABANCI BASIN ORTAYA \u00c7IKARDI<\/strong><\/p>\n<p>T\u00fcrkiye&#8217;de g\u00fcndem yo\u011funlu\u011funun \u00f6nemli bir par\u00e7as\u0131 haline gelen emeklilikte ya\u015fa tak\u0131lanlar i\u00e7in yeni bir form\u00fcl\u00fcn ortaya \u00e7\u0131kt\u0131\u011f\u0131n\u0131 ABD medyas\u0131na konu\u015fan T\u00fcrk yetkililer aktard\u0131.<\/p>\n<p>ABD&#8217;nin \u00f6nde gelen medya kurulu\u015flar\u0131ndan Bloomberg&#8217;e konu\u015fan T\u00fcrk yetkililer, Cumhurba\u015fkan\u0131 Erdo\u011fan&#8217;\u0131n EYT ile ilgili yeni hamleler haz\u0131rl\u0131\u011f\u0131 i\u00e7erisinde oldu\u011funu s\u00f6yledi.<\/p>\n<p>\u201cErdo\u011fan b\u00fct\u00e7edeki masraf\u0131 minimuma indirmek i\u00e7in kritik se\u00e7im vaadini t\u0131ra\u015flayabilir\u201d ba\u015fl\u0131\u011f\u0131yla payla\u015f\u0131lan haberde, \u201cCumhurba\u015fkan\u0131 Erdo\u011fan devlet ve \u00f6zel sekt\u00f6r \u00e7al\u0131\u015fanlar\u0131n\u0131n erken emeklilik planlar\u0131n\u0131 b\u00fct\u00e7ede bask\u0131 yaratmas\u0131 sebebiyle daraltabilece\u011fini \u00fcst d\u00fczey T\u00fcrk yetkililer s\u00f6yledi\u201d ifadesi kullan\u0131ld\u0131.<\/p>\n<p>Gelecek y\u0131l yap\u0131lmas\u0131 planlanan se\u00e7imlerde kritik bir se\u00e7im vaadi olan emeklilikte ya\u015fa tak\u0131lanlar konusunun <strong>ilk planlar\u0131nda 1.5 milyon insan\u0131 etkilemesi beklenirken \u015fu an Erdo\u011fan&#8217;\u0131n \u00e7ok daha az \u00e7al\u0131\u015fan\u0131 dahil etmeyi g\u00fcndemine ald\u0131\u011f\u0131n\u0131 da ismini a\u00e7\u0131klamayan bir yetkili s\u00f6yledi.<\/strong><\/p>\n<p>Yetkililer ayr\u0131ca Erdo\u011fan&#8217;\u0131n Pazartesi g\u00fcn\u00fc yap\u0131lacak kabinede bir karar alabilece\u011fini de belirtirken, bu hamle ile birlikte Erdo\u011fan&#8217;\u0131n se\u00e7men taban\u0131n\u0131 da kuvvetlendirebilece\u011fi kaydedildi.<\/p>\n<p><strong>EYT&#8217;DE YEN\u0130 PLAN NE OLACAK?<\/strong><\/p>\n<p>Bloomberg&#8217;in haberinde ise, \u201cT\u00fcrkiye h\u00fck\u00fcmeti \u015fu anda EYT&#8217;ye hak kazananlar\u0131n y\u00fczde 60&#8217;\u0131n\u0131 kapsayacak bir plan \u00fczerinde duruyor. Orijinal plan\u0131n maliyetinin 250 milyar TL&#8217;ye \u00e7\u0131kabilece\u011fi belirtilirken, bu rakam\u0131n \u00fclkedeki yakla\u015f\u0131k 14 milyon emeklinin bu y\u0131l boyunca Ekim ay\u0131na kadar sosyal g\u00fcvenlik sistemi harcamas\u0131n\u0131n 3 kat\u0131 oldu\u011fu aktar\u0131ld\u0131\u201d denildi.<\/p>\n<p>Yetkililer alternatif plan ile birlikte erken emeklili\u011fin ya\u015fl\u0131 \u00e7al\u0131\u015fanlar\u0131 kapsayaca\u011f\u0131n\u0131 belirtti.<\/p>\n<p><img decoding=\"async\" src=\"https:\/\/i01.sozcucdn.com\/wp-content\/uploads\/2022\/12\/09\/eyt-nedir-shu-2.jpg\" alt=\"\" title=\"\"><\/p>\n<p><strong>EYT \u0130\u00c7\u0130N TAR\u0130H VERD\u0130<\/strong><\/p>\n<p>AKP Grup Ba\u015fkanvekili Muhammed Emin Akba\u015fo\u011flu, Meclis&#8217;te d\u00fczenledi\u011fi bas\u0131n toplant\u0131s\u0131nda Emeklilikte Ya\u015fa Tak\u0131lanlar (EYT) ile ilgili a\u00e7\u0131klamalarda bulundu.<\/p>\n<p>Akba\u015fo\u011flu, \u201cEYT ve s\u00f6zle\u015fmeli personelin kadroya ge\u00e7ilmesine ili\u015fkin d\u00fczenlemeleri aral\u0131k ay\u0131 i\u00e7inde yapmay\u0131 planl\u0131yoruz. En k\u00f6t\u00fc ihtimal 2023 y\u0131l\u0131 ba\u015f\u0131nda yasala\u015fmas\u0131na \u015fahit olaca\u011f\u0131z\u201d dedi.<\/p>\n<p><strong>EYT K\u0130MLER\u0130 KAPSIYOR?<\/strong><\/p>\n<p>Staj ve \u00e7\u0131rakl\u0131k d\u00f6nemi sigortalar\u0131n EYT i\u00e7in ba\u015flang\u0131\u00e7 say\u0131l\u0131p say\u0131lmayaca\u011f\u0131yla ilgili bir soruya Bilgin, \u201cOnlar farkl\u0131. Onlar EYT kapsam\u0131nda de\u011fil zaten. Sigorta giri\u015fi olanlarda bir sorun yok. \u00c7\u0131rakl\u0131k ve stajyerlik bir sigorta giri\u015fi de\u011fil. Onlar sa\u011fl\u0131k sigortas\u0131n\u0131 korumak \u00fczere geli\u015ftirilmi\u015f bir sistem.\u201d yan\u0131t\u0131n\u0131 verdi.<\/p>\n<p>EYT konusunda bir d\u00fczenlemenin \u00e7\u0131kaca\u011f\u0131n\u0131 bildiren Bilgin, bu d\u00fczenlemenin ayr\u0131nt\u0131lar\u0131n\u0131 gerekli hesaplamalar\u0131n ard\u0131ndan kamuoyuyla payla\u015facaklar\u0131n\u0131 dile getirdi.<\/p>\n<p><strong>EYT NED\u0130R, YA\u015e \u015eARTI VAR MI?<\/strong><\/p>\n<p>Sigorta ba\u015flang\u0131c\u0131 9 Eyl\u00fcl 1999 tarihinden \u00f6nce olanlar EYT&#8217;li (emeklilikte ya\u015fa tak\u0131lan) say\u0131l\u0131yor. Zira 9 Eyl\u00fcl 1999 \u00f6ncesinde ya\u015f \u015fart\u0131 aranmaks\u0131z\u0131n prim g\u00fcn\u00fc ve sigortal\u0131l\u0131k s\u00fcresi \u015fartlar\u0131 sa\u011flanarak da emekli olunabilirken, 8 Eyl\u00fcl 1999 tarihinde yap\u0131lan de\u011fi\u015fiklikle prim g\u00fcn\u00fc ve sigortal\u0131l\u0131k s\u00fcresi \u015fartlar\u0131n\u0131n yan\u0131 s\u0131ra bir de ya\u015f \u015fart\u0131 getirildi.<\/p>\n<p>EYT&#8217;li say\u0131lmak i\u00e7in sigorta ba\u015flang\u0131c\u0131 9 Eyl\u00fcl 1999 tarihinden \u00f6nce olup, emeklilik i\u00e7in gereken ya\u015f d\u0131\u015f\u0131ndaki sigortal\u0131l\u0131k s\u00fcresi ve prim g\u00fcn\u00fc \u015fartlar\u0131n\u0131 sa\u011flam\u0131\u015f olmak gerekiyor.<\/p>\n","protected":false},"excerpt":{"rendered":"<p>EYT i\u00e7in y\u0131llard\u0131r m\u00fccadele eden vatanda\u015flara ra\u011fmen kar\u015f\u0131 \u00e7\u0131kan AKP, yakla\u015fan se\u00e7imin etkisiyle \u00e7al\u0131\u015fmalara h\u0131z verdi. EYT i\u00e7in kad\u0131nlarda 48, erkeklerde 50 ya\u015f s\u0131n\u0131r\u0131 g\u00fcndeme gelirken konu hakk\u0131nda a\u00e7\u0131klamada bulunmad\u0131. Yabanc\u0131 bas\u0131na konu\u015fan T\u00fcrk yetkililer EYT ile ilgili yeni planlar\u0131 ortaya \u00e7\u0131kard\u0131. Buna g\u00f6re ilk planlar\u0131nda 1.5 milyon insan\u0131 etkilemesi beklenirken, Erdo\u011fan\u2019\u0131n \u00e7ok daha az \u00e7al\u0131\u015fan\u0131 dahil etmeyi g\u00fcndemine ald\u0131\u011f\u0131n\u0131 a\u00e7\u0131klad\u0131.<\/p>\n","protected":false},"author":1,"featured_media":60449,"comment_status":"closed","ping_status":"open","sticky":false,"template":"","format":"standard","meta":{"footnotes":""},"categories":[25],"tags":[52,655,259,782,791],"class_list":["post-60448","post","type-post","status-publish","format-standard","has-post-thumbnail","hentry","category-ekonomi","tag-duzenleme","tag-emekli","tag-erdogan","tag-eyt","tag-plan"],"_links":{"self":[{"href":"https:\/\/haberulus.net\/index.php?rest_route=\/wp\/v2\/posts\/60448","targetHints":{"allow":["GET"]}}],"collection":[{"href":"https:\/\/haberulus.net\/index.php?rest_route=\/wp\/v2\/posts"}],"about":[{"href":"https:\/\/haberulus.net\/index.php?rest_route=\/wp\/v2\/types\/post"}],"author":[{"embeddable":true,"href":"https:\/\/haberulus.net\/index.php?rest_route=\/wp\/v2\/users\/1"}],"replies":[{"embeddable":true,"href":"https:\/\/haberulus.net\/index.php?rest_route=%2Fwp%2Fv2%2Fcomments&post=60448"}],"version-history":[{"count":1,"href":"https:\/\/haberulus.net\/index.php?rest_route=\/wp\/v2\/posts\/60448\/revisions"}],"predecessor-version":[{"id":60450,"href":"https:\/\/haberulus.net\/index.php?rest_route=\/wp\/v2\/posts\/60448\/revisions\/60450"}],"wp:featuredmedia":[{"embeddable":true,"href":"https:\/\/haberulus.net\/index.php?rest_route=\/wp\/v2\/media\/60449"}],"wp:attachment":[{"href":"https:\/\/haberulus.net\/index.php?rest_route=%2Fwp%2Fv2%2Fmedia&parent=60448"}],"wp:term":[{"taxonomy":"category","embeddable":true,"href":"https:\/\/haberulus.net\/index.php?rest_route=%2Fwp%2Fv2%2Fcategories&post=60448"},{"taxonomy":"post_tag","embeddable":true,"href":"https:\/\/haberulus.net\/index.php?rest_route=%2Fwp%2Fv2%2Ftags&post=60448"}],"curies":[{"name":"wp","href":"https:\/\/api.w.org\/{rel}","templated":true}]}}