{"id":60457,"date":"2022-12-09T14:21:07","date_gmt":"2022-12-09T14:21:07","guid":{"rendered":"https:\/\/haberulus.net\/?p=60457"},"modified":"2022-12-09T14:21:07","modified_gmt":"2022-12-09T14:21:07","slug":"abd-uretici-enflasyonu-beklentilerin-uzerinde-artti","status":"publish","type":"post","link":"https:\/\/haberulus.net\/?p=60457","title":{"rendered":"ABD \u00fcretici enflasyonu beklentilerin \u00fczerinde artt\u0131"},"content":{"rendered":"<p>ABD\u2019de \u00fcretici fiyatlar\u0131 kas\u0131m ay\u0131nda y\u00fczde 0,3 ile beklentilerin \u00fczerinde artt\u0131\u200b.<\/p>\n<p>ABD \u00c7al\u0131\u015fma Bakanl\u0131\u011f\u0131\u2019n\u0131n y\u00fczde 0,2 olarak a\u00e7\u0131klad\u0131\u011f\u0131 \u00dcFE Ekim verisi y\u00fczde 0.3 olarak revize edildi.<\/p>\n<p>Reuters anketine kat\u0131lan ekonomistler \u00dcFE\u2019nin y\u00fczde 0.2 olaca\u011f\u0131n\u0131 tahmin ediyorlard\u0131.<\/p>\n<p>Y\u0131ll\u0131k bazda ise \u00fcretici fiyatlar\u0131 kas\u0131m ay\u0131nda y\u00fczde 7,4 ile beklentilerin \u00fczerinde artt\u0131.<\/p>\n<p>Ekonomistler \u00dcFE\u2019nin y\u0131ll\u0131k bazda ise y\u00fczde 7,2 \u200bseviyesinde olaca\u011f\u0131n\u0131 tahmin ediyorlard\u0131.<\/p>\n<p><b>\u00c7EK\u0130RDEK \u00dcRET\u0130C\u0130 F\u0130YATLARI Y\u00dcZDE 0,4 ARTTI<\/b><\/p>\n<p>ABD\u2019de g\u0131da ve enerji fiyatlar\u0131n\u0131n yans\u0131t\u0131lmad\u0131\u011f\u0131 \u00e7ekirdek \u00fcretici fiyatlar\u0131 kas\u0131m ay\u0131nda y\u00fczde 0,4 ile beklentilerin \u00fczerinde artt\u0131.<\/p>\n<p>Ekim ay\u0131nda y\u00fczde 0 olarak a\u00e7\u0131klanan \u00e7ekirdek \u00dcFE y\u00fczde 0,1 seviyesine revize edildi.<\/p>\n<p>Reuters anketine kat\u0131lan ekonomistler \u00e7ekirdek \u00dcFE\u2019nin y\u00fczde 0,2 \u200bseviyesinde olaca\u011f\u0131n\u0131 tahmin ediyorlard\u0131.<\/p>\n<p>Ekim ay\u0131nda y\u0131ll\u0131k bazda y\u00fczde 8 olarak a\u00e7\u0131klanan \u00fcretici fiyatlar\u0131 y\u00fczde 8,1 seviyesine revize edildi.<\/p>\n<p>Y\u0131ll\u0131k bazda \u00e7ekirdek \u00dcFE Kas\u0131m ay\u0131nda y\u00fczde 6,2 ile beklentilerin \u00fczerinde artt\u0131.<\/p>\n<p>Reuters anketine kat\u0131lan ekonomistler y\u0131ll\u0131k bazda %5.9 \u200bseviyesinde olaca\u011f\u0131n\u0131 tahmin ediyorlard\u0131.<\/p>\n<p>Ekim ay\u0131nda y\u00fczde 6,7 olarak a\u00e7\u0131klanan y\u0131ll\u0131k bazda \u00e7ekirdek \u00dcFE y\u00fczde 6,8 seviyesine revize edildi. (REUTERS)<\/p>\n","protected":false},"excerpt":{"rendered":"<p>ABD&#8217;de \u00fcretici fiyatlar\u0131 kas\u0131m ay\u0131nda y\u00fczde 0,3 ile beklentilerin \u00fczerinde artt\u0131\u200b. Y\u0131ll\u0131k bazda ise \u00fcretici fiyatlar\u0131 kas\u0131mda y\u00fczde 7,4 artarak yine beklentilerin \u00fczerinde y\u00fckseldi.<\/p>\n","protected":false},"author":1,"featured_media":60458,"comment_status":"closed","ping_status":"open","sticky":false,"template":"","format":"standard","meta":{"footnotes":""},"categories":[25],"tags":[2310,9004,9931],"class_list":["post-60457","post","type-post","status-publish","format-standard","has-post-thumbnail","hentry","category-ekonomi","tag-cekirdek","tag-ufe","tag-uretici-fiyatlari"],"_links":{"self":[{"href":"https:\/\/haberulus.net\/index.php?rest_route=\/wp\/v2\/posts\/60457","targetHints":{"allow":["GET"]}}],"collection":[{"href":"https:\/\/haberulus.net\/index.php?rest_route=\/wp\/v2\/posts"}],"about":[{"href":"https:\/\/haberulus.net\/index.php?rest_route=\/wp\/v2\/types\/post"}],"author":[{"embeddable":true,"href":"https:\/\/haberulus.net\/index.php?rest_route=\/wp\/v2\/users\/1"}],"replies":[{"embeddable":true,"href":"https:\/\/haberulus.net\/index.php?rest_route=%2Fwp%2Fv2%2Fcomments&post=60457"}],"version-history":[{"count":1,"href":"https:\/\/haberulus.net\/index.php?rest_route=\/wp\/v2\/posts\/60457\/revisions"}],"predecessor-version":[{"id":60459,"href":"https:\/\/haberulus.net\/index.php?rest_route=\/wp\/v2\/posts\/60457\/revisions\/60459"}],"wp:featuredmedia":[{"embeddable":true,"href":"https:\/\/haberulus.net\/index.php?rest_route=\/wp\/v2\/media\/60458"}],"wp:attachment":[{"href":"https:\/\/haberulus.net\/index.php?rest_route=%2Fwp%2Fv2%2Fmedia&parent=60457"}],"wp:term":[{"taxonomy":"category","embeddable":true,"href":"https:\/\/haberulus.net\/index.php?rest_route=%2Fwp%2Fv2%2Fcategories&post=60457"},{"taxonomy":"post_tag","embeddable":true,"href":"https:\/\/haberulus.net\/index.php?rest_route=%2Fwp%2Fv2%2Ftags&post=60457"}],"curies":[{"name":"wp","href":"https:\/\/api.w.org\/{rel}","templated":true}]}}