{"id":60973,"date":"2022-12-10T22:13:17","date_gmt":"2022-12-10T22:13:17","guid":{"rendered":"https:\/\/haberulus.net\/?p=60973"},"modified":"2022-12-10T22:13:17","modified_gmt":"2022-12-10T22:13:17","slug":"saglik-bakani-koca-hpv-asisi-icin-bir-plan-hazirligindayiz","status":"publish","type":"post","link":"https:\/\/haberulus.net\/?p=60973","title":{"rendered":"Sa\u011fl\u0131k Bakan\u0131 Koca: HPV a\u015f\u0131s\u0131 i\u00e7in bir plan haz\u0131rl\u0131\u011f\u0131nday\u0131z"},"content":{"rendered":"<p>TBMM Genel Kurulu&#8217;nda \u0130\u00e7i\u015fleri Bakanl\u0131\u011f\u0131 ile Aile, Sa\u011fl\u0131k Bakanl\u0131\u011f\u0131 ve Sosyal Hizmetler Bakanl\u0131\u011f\u0131 2021 Y\u0131l\u0131 Kesin Hesap Kanun Teklifleri ile 2023 Y\u0131l\u0131 B\u00fct\u00e7e Kanun Teklifleri g\u00f6r\u00fc\u015f\u00fcl\u00fcyor. G\u00f6r\u00fc\u015fmelerde y\u00fcr\u00fctme ad\u0131na konu\u015fan Sa\u011fl\u0131k Bakan\u0131 Fahrettin Koca, \u00f6zetle \u015funlar\u0131 s\u00f6yledi:<\/p>\n<p>* Bakanl\u0131\u011f\u0131m\u0131z\u0131n t\u00fcm faaliyetlerini y\u00fcr\u00fct\u00fcrken bu beyaz \u00f6nl\u00fc\u011f\u00fc \u00fczerimde hissederek hareket ediyorum. Bu c\u00fcmlelerimi kurarken baz\u0131lar\u0131n\u0131z\u0131n g\u00f6z\u00fcn\u00fcn \u00f6n\u00fcne son g\u00fcnlerde servis edilen sahte doktor hikayelerinin geldi\u011fine eminim. \u00d6ncelikle bilmenizi isterim ki g\u00fcndeme gelen m\u00fcstakil \u00f6rnekler, t\u00fcm bir sa\u011fl\u0131k te\u015fkilat\u0131n\u0131 lekelememeli. Bu t\u00fcr hastal\u0131kl\u0131 durumlar\u0131, milletimizin g\u00fcndeminde tutman\u0131n sa\u011fl\u0131k ailemize zarar verdi\u011fi ortadad\u0131r. Kimseye de faydas\u0131 yoktur. Hi\u00e7bir densizin, \u00f6nl\u00fc\u011f\u00fcm\u00fcz\u00fcn beyaz\u0131na leke s\u00fcrmesine m\u00fcsaade etmeyiz.<\/p>\n<p><strong>\u201cEVET BU SON B\u00dcT\u00c7E, Y\u00dcZ YILIN SON B\u00dcT\u00c7ES\u0130\u201d<\/strong><\/p>\n<p>* Muhalefet edenlerimiz, \u2018son b\u00fct\u00e7eniz, konu\u015fun&#8217; diyor ya bize; biz, her b\u00fct\u00e7emizi son b\u00fct\u00e7emiz g\u00f6r\u00fcyoruz. Bunun i\u00e7in kal\u0131c\u0131 ve s\u00fcrd\u00fcr\u00fclebilir hizmetler \u00fcretmeye gayret ediyoruz. Ki\u015fiden ba\u011f\u0131ms\u0131z kurumlar kurmaya, mevcut kurumlar\u0131m\u0131z\u0131 ki\u015filere ba\u011f\u0131ml\u0131l\u0131ktan kurtarmaya odaklan\u0131yoruz. Ben yapt\u0131m diyerek de\u011fil, biz birlikte yapt\u0131k diyerek yol al\u0131yoruz. Bilimden \u0131\u015f\u0131k almadan, vicdan terazisinde tartmadan ad\u0131m atmamaya \u00f6zen g\u00f6steriyoruz. Evet bu son b\u00fct\u00e7e. Y\u00fcz y\u0131l\u0131n son b\u00fct\u00e7esi. T\u00fcrkiye y\u00fcz y\u0131l\u0131n\u0131n ise ilk b\u00fct\u00e7esi. Kurdu\u011fumuz sistem gelecek y\u00fcz y\u0131l\u0131n haz\u0131rl\u0131\u011f\u0131d\u0131r.<\/p>\n<p><strong>\u201cBA\u011eIMLILIKLA M\u00dcCADELE REHAB\u0130L\u0130TASYON MERKEZLER\u0130M\u0130Z, HAYATA GE\u00c7\u0130YOR\u201d<br \/><\/strong><br \/>* Ba\u011f\u0131ml\u0131l\u0131kla m\u00fccadele, art\u0131k t\u00fcm toplumlar\u0131n g\u00fcndemi. Bug\u00fcne kadar hizmet veren AMATEM ve \u00c7AMATEM&#8217;lerin yan\u0131 s\u0131ra yeni kuraca\u011f\u0131m\u0131z Ba\u011f\u0131ml\u0131l\u0131kla m\u00fccadele rehabilitasyon merkezlerimiz, hayata ge\u00e7iyor. 10 ilde ba\u015fl\u0131yoruz. Bir vesileyle ba\u011f\u0131ml\u0131l\u0131k pen\u00e7esine d\u00fc\u015fm\u00fc\u015f ki\u015fileri, en modern merkezlerde rehabilite edip, toplum hayat\u0131ndan kopmalar\u0131n\u0131 engelleyece\u011fiz.<\/p>\n<p><strong>\u201c27 B\u0130N S\u00d6ZLE\u015eMEL\u0130 HEK\u0130MLE, YILBA\u015eINDAN \u0130T\u0130BAREN S\u00d6ZLE\u015eMELER YAPILACAK\u201d<\/strong><\/p>\n<p>* Al\u0131m\u0131n\u0131 ilan etti\u011fimiz, 85 bin sa\u011fl\u0131 personelinin 42 bin 500&#8217;\u00fcn\u00fcn atamas\u0131n\u0131 \u015fimdi yap\u0131yoruz. Di\u011fer yar\u0131s\u0131n\u0131 ise pe\u015finden hemen alaca\u011f\u0131z. Bu personelin 32 bini polikliniklerimizde hizmet verecek olan t\u0131bbi sekreterlerden olu\u015fuyor. Bu sayede hekimlerimizin i\u015f y\u00fck\u00fcn\u00fc azalt\u0131p verimlili\u011fini art\u0131rmay\u0131 hedefliyoruz. Ayr\u0131ca hekim istihdam\u0131nda zorlan\u0131lan yerler i\u00e7in ihdas edilen 27 bin s\u00f6zle\u015fmeli hekimle, y\u0131lba\u015f\u0131ndan itibaren s\u00f6zle\u015fmeler yap\u0131lacak.<\/p>\n<p><strong>\u201cBA\u011eI\u015eIKLAMA PROGRAMIMIZDAK\u0130 A\u015eILARIN Y\u00dcZDE 86&#8217;SINI YEN\u0130 HIFZISSIHHA&#8217;DA KEND\u0130M\u0130Z \u00dcRETECE\u011e\u0130Z\u201d<\/strong><\/p>\n<p>* Yar\u0131n\u0131 ka\u00e7\u0131rmak istemiyorsak \u00fcretime, teknolojiye, bilgiye de\u011fer vermeliyiz. Bak\u0131n bug\u00fcn T\u00fcrkiye&#8217;de kullan\u0131lan ila\u00e7lar\u0131n kutu baz\u0131nda y\u00fczde 89&#8217;u de\u011fer baz\u0131nda yakla\u015f\u0131k y\u00fczde 53&#8217;\u00fc \u00fclkemizde \u00fcretiliyor. Bu reg\u00fclasyon otoritemiz sayesinde oldu. Ara\u015ft\u0131rma fonlayan kurulu\u015flar\u0131m\u0131z sayesinde oldu. Kamu al\u0131m g\u00fcc\u00fcn\u00fc do\u011fru \u015fekilde kullanmam\u0131z sayesinde oldu. \u0130hracat\u0131n ithalat\u0131 kar\u015f\u0131lama oran\u0131nda \u00e7ok \u00f6nemli bir seviyeye ula\u015ft\u0131k.<\/p>\n<p>* Y\u0131llar sonra yeniden a\u015f\u0131 \u00fcretir hale geldik. Rahmetli Refik Saydam&#8217;\u0131n ruhunu \u015fad edecek H\u0131fz\u0131ss\u0131hhay\u0131 yeniden in\u015fa ediyoruz. Ba\u011f\u0131\u015f\u0131klama program\u0131m\u0131zdaki a\u015f\u0131lar\u0131n y\u00fczde 86&#8217;s\u0131n\u0131 yeni H\u0131fz\u0131ss\u0131hha&#8217;da kendimiz \u00fcretece\u011fiz. Ayr\u0131ca su\u00e7i\u00e7e\u011fi, hepatit ve kuduz a\u015f\u0131lar\u0131n\u0131n teknoloji transferi ile \u00fcretilece\u011fi \u00fc\u00e7 yeni tesis projemiz ise ihale a\u015famas\u0131ndad\u0131r.<\/p>\n<p><strong>\u201cHPV A\u015eISI \u0130\u00c7\u0130NSE, YA\u015e GRUPLARINI D\u0130KKATE ALAN B\u0130R PLANIN HAZIRLI\u011eINDAYIZ\u201d<\/strong><\/p>\n<p>* Rahim a\u011fz\u0131 kanserine sebep olan HPV&#8217;nin tespiti ve bula\u015fmas\u0131n\u0131n engellenmesi ama\u00e7l\u0131 a\u015f\u0131s\u0131 ile ilgili yol haritam\u0131z haz\u0131r. HPV taramalar\u0131nda yerli test kiti uygulamas\u0131na \u00f6n\u00fcm\u00fczdeki g\u00fcnlerde ba\u015fl\u0131yoruz. HPV a\u015f\u0131s\u0131 i\u00e7inse, ya\u015f gruplar\u0131n\u0131 dikkate alan bir plan\u0131n haz\u0131rl\u0131\u011f\u0131nday\u0131z.<\/p>\n","protected":false},"excerpt":{"rendered":"<p>Sa\u011fl\u0131k Bakan\u0131 Fahrettin Koca, TBMM Genel Kurulu\u2019nda, &#8220;HPV taramalar\u0131nda yerli test kiti uygulamas\u0131na \u00f6n\u00fcm\u00fczdeki g\u00fcnlerde ba\u015fl\u0131yoruz. HPV a\u015f\u0131s\u0131 i\u00e7inse, ya\u015f gruplar\u0131n\u0131 dikkate alan bir plan\u0131n haz\u0131rl\u0131\u011f\u0131nday\u0131z&#8221; ifadesini kulland\u0131.<\/p>\n","protected":false},"author":1,"featured_media":60974,"comment_status":"closed","ping_status":"open","sticky":false,"template":"","format":"standard","meta":{"footnotes":""},"categories":[30],"tags":[180,2736,9976,67,1624],"class_list":["post-60973","post","type-post","status-publish","format-standard","has-post-thumbnail","hentry","category-saglik","tag-asi","tag-butce","tag-sagli","tag-yili","tag-yuz"],"_links":{"self":[{"href":"https:\/\/haberulus.net\/index.php?rest_route=\/wp\/v2\/posts\/60973","targetHints":{"allow":["GET"]}}],"collection":[{"href":"https:\/\/haberulus.net\/index.php?rest_route=\/wp\/v2\/posts"}],"about":[{"href":"https:\/\/haberulus.net\/index.php?rest_route=\/wp\/v2\/types\/post"}],"author":[{"embeddable":true,"href":"https:\/\/haberulus.net\/index.php?rest_route=\/wp\/v2\/users\/1"}],"replies":[{"embeddable":true,"href":"https:\/\/haberulus.net\/index.php?rest_route=%2Fwp%2Fv2%2Fcomments&post=60973"}],"version-history":[{"count":1,"href":"https:\/\/haberulus.net\/index.php?rest_route=\/wp\/v2\/posts\/60973\/revisions"}],"predecessor-version":[{"id":60975,"href":"https:\/\/haberulus.net\/index.php?rest_route=\/wp\/v2\/posts\/60973\/revisions\/60975"}],"wp:featuredmedia":[{"embeddable":true,"href":"https:\/\/haberulus.net\/index.php?rest_route=\/wp\/v2\/media\/60974"}],"wp:attachment":[{"href":"https:\/\/haberulus.net\/index.php?rest_route=%2Fwp%2Fv2%2Fmedia&parent=60973"}],"wp:term":[{"taxonomy":"category","embeddable":true,"href":"https:\/\/haberulus.net\/index.php?rest_route=%2Fwp%2Fv2%2Fcategories&post=60973"},{"taxonomy":"post_tag","embeddable":true,"href":"https:\/\/haberulus.net\/index.php?rest_route=%2Fwp%2Fv2%2Ftags&post=60973"}],"curies":[{"name":"wp","href":"https:\/\/api.w.org\/{rel}","templated":true}]}}