{"id":61114,"date":"2022-12-11T09:41:04","date_gmt":"2022-12-11T09:41:04","guid":{"rendered":"https:\/\/haberulus.net\/?p=61114"},"modified":"2022-12-11T09:41:04","modified_gmt":"2022-12-11T09:41:04","slug":"almanyada-evsizlere-yapilan-yardim-artiriliyor","status":"publish","type":"post","link":"https:\/\/haberulus.net\/?p=61114","title":{"rendered":"Almanya\u2019da evsizlere yap\u0131lan yard\u0131m art\u0131r\u0131l\u0131yor"},"content":{"rendered":"<p>Tarihi K\u00f6ln Katedrali \u00f6n\u00fcnde evsizler i\u00e7in da\u011f\u0131t\u0131lan g\u0131da, giyecek ve battaniyelere ihtiya\u00e7 sahipleri ilgi g\u00f6sterdi.<\/p>\n<p>25 y\u0131ld\u0131r faaliyette olan \u201cJutta\u2019n\u0131n \u00c7orba Mutfa\u011f\u0131\u201d isimli yard\u0131m kurulu\u015funun y\u00f6neticisi Jutte Schulte yapt\u0131\u011f\u0131 a\u00e7\u0131klamada, bug\u00fcn yemek, giyecek ve battaniye da\u011f\u0131tt\u0131klar\u0131n\u0131, yard\u0131mlar\u0131 s\u00fcrekli hale getirdiklerini s\u00f6yledi.<\/p>\n<div><img decoding=\"async\" src=\"https:\/\/i01.sozcucdn.com\/wp-content\/uploads\/2022\/12\/11\/almanya-aa11_21960707.jpg\" alt=\"\" title=\"\"><\/p>\n<p>Foto\u011fraf: AA<\/p>\n<\/div>\n<p>Schulte, k\u0131\u015f \u00f6ncesi yapt\u0131klar\u0131 yard\u0131mlar\u0131 art\u0131rd\u0131klar\u0131n\u0131 vurgulayarak, \u201cTorbalar\u0131n i\u00e7inde yiyecekler ve Noel \u00e7ikolatalar\u0131 yer al\u0131yor. Yakla\u015f\u0131k 250 ki\u015fi vard\u0131. Aral\u0131k ay\u0131 boyunca her cuma bunu Dom Forum\u2019un \u00f6n\u00fcnde yap\u0131yoruz. Ay\u0131n 24\u2019\u00fcnde gece sokakta kalan insanlara yard\u0131m edece\u011fiz. Pakette domates \u00e7orbas\u0131, kakao, tuzlu yiyecekler, kek, makarna, ekmek gibi \u015feyler var\u201d diye konu\u015ftu.<\/p>\n<p>Birka\u00e7 y\u0131ld\u0131r sokakta ya\u015fad\u0131\u011f\u0131n\u0131 belirten Dom Kalle ise kendisine ve k\u00f6pe\u011fine yap\u0131lan yard\u0131mdan dolay\u0131 memnun oldu\u011funu s\u00f6yledi.<\/p>\n<p>\u00c7ad\u0131r, uyku tulumu, s\u0131rt \u00e7antas\u0131 ve yiyecek ald\u0131\u011f\u0131n\u0131 dile getiren Kalle, \u201cSo\u011fukta d\u0131\u015far\u0131da ya\u015famak \u00e7ok zor. Is\u0131nma otob\u00fcsleri a\u00e7\u0131lm\u0131\u015f ama k\u00f6pekle girmeme izin olmad\u0131\u011f\u0131ndan sokakta kal\u0131yorum. Sokakta kendimi so\u011fuktan korumak i\u00e7in kal\u0131n giyinmeye \u00e7al\u0131\u015f\u0131yorum.\u201d dedi.<\/p>\n<p><strong>263 B\u0130N K\u0130\u015e\u0130N\u0130N KALICI EV\u0130 YOK<\/strong><\/p>\n<p>Federal \u00c7al\u0131\u015fma ve Sosyal \u0130\u015fler Bakanl\u0131\u011f\u0131\u2019n\u0131n \u00fclkedeki evsizlerin durumu hakk\u0131ndaki raporuna g\u00f6re, 31 Ocak 2022 itibar\u0131yla 263 bin ki\u015finin kal\u0131c\u0131 evi yok.<\/p>\n<p>Acil konaklama yerlerinde bar\u0131nd\u0131r\u0131lanlar, arkada\u015flar\u0131yla veya tan\u0131d\u0131klar\u0131yla kalan gizli evsizler ve sokakta ya\u015fayanlar olmak \u00fczere evsizlerin 3 gruba ayr\u0131ld\u0131\u011f\u0131 raporda, yakla\u015f\u0131k 178 bin ki\u015fi birinci grupta, yakla\u015f\u0131k 49 bin ki\u015fi ikinci grupta ve yakla\u015f\u0131k 37 bin ki\u015fi \u00fc\u00e7\u00fcnc\u00fc grupta yer al\u0131yor.<\/p>\n<p>Evsizlerin y\u00fczde 63&#8217;\u00fcn\u00fc erkekler, y\u00fczde 35&#8217;ini kad\u0131nlar\u0131n olu\u015fturdu\u011fu raporda evsizlerin \u00fc\u00e7te ikisinin Alman vatanda\u015fl\u0131\u011f\u0131na sahip oldu\u011fu ve bu insanlar\u0131n yar\u0131s\u0131ndan fazlas\u0131n\u0131n uzun s\u00fcreli bir hastal\u0131ktan, sakatl\u0131ktan muzdarip, d\u00f6rtte birinin de madde ya da alkol gibi ba\u011f\u0131ml\u0131l\u0131\u011f\u0131 oldu\u011fu belirtildi. <strong>(AA)<\/strong><\/p>\n","protected":false},"excerpt":{"rendered":"<p>Avrupa&#8217;n\u0131n en b\u00fcy\u00fck ekonomisine sahip \u00fclkesi ve resmi verilere g\u00f6re 263 bin evsizin bulundu\u011fu Almanya&#8217;da k\u0131\u015f \u00f6ncesi sokakta ya\u015fayan yard\u0131ma muhta\u00e7 ki\u015filere yap\u0131lan yard\u0131mlar art\u0131r\u0131ld\u0131.<\/p>\n","protected":false},"author":1,"featured_media":61115,"comment_status":"closed","ping_status":"open","sticky":false,"template":"","format":"standard","meta":{"footnotes":""},"categories":[24],"tags":[2257,9932,9991,953],"class_list":["post-61114","post","type-post","status-publish","format-standard","has-post-thumbnail","hentry","category-dunya","tag-bin-kisi","tag-evsizler","tag-sokakta","tag-yardim"],"_links":{"self":[{"href":"https:\/\/haberulus.net\/index.php?rest_route=\/wp\/v2\/posts\/61114","targetHints":{"allow":["GET"]}}],"collection":[{"href":"https:\/\/haberulus.net\/index.php?rest_route=\/wp\/v2\/posts"}],"about":[{"href":"https:\/\/haberulus.net\/index.php?rest_route=\/wp\/v2\/types\/post"}],"author":[{"embeddable":true,"href":"https:\/\/haberulus.net\/index.php?rest_route=\/wp\/v2\/users\/1"}],"replies":[{"embeddable":true,"href":"https:\/\/haberulus.net\/index.php?rest_route=%2Fwp%2Fv2%2Fcomments&post=61114"}],"version-history":[{"count":1,"href":"https:\/\/haberulus.net\/index.php?rest_route=\/wp\/v2\/posts\/61114\/revisions"}],"predecessor-version":[{"id":61116,"href":"https:\/\/haberulus.net\/index.php?rest_route=\/wp\/v2\/posts\/61114\/revisions\/61116"}],"wp:featuredmedia":[{"embeddable":true,"href":"https:\/\/haberulus.net\/index.php?rest_route=\/wp\/v2\/media\/61115"}],"wp:attachment":[{"href":"https:\/\/haberulus.net\/index.php?rest_route=%2Fwp%2Fv2%2Fmedia&parent=61114"}],"wp:term":[{"taxonomy":"category","embeddable":true,"href":"https:\/\/haberulus.net\/index.php?rest_route=%2Fwp%2Fv2%2Fcategories&post=61114"},{"taxonomy":"post_tag","embeddable":true,"href":"https:\/\/haberulus.net\/index.php?rest_route=%2Fwp%2Fv2%2Ftags&post=61114"}],"curies":[{"name":"wp","href":"https:\/\/api.w.org\/{rel}","templated":true}]}}