{"id":61483,"date":"2022-12-12T08:36:04","date_gmt":"2022-12-12T08:36:04","guid":{"rendered":"https:\/\/haberulus.net\/?p=61483"},"modified":"2022-12-12T08:36:04","modified_gmt":"2022-12-12T08:36:04","slug":"uzmani-uyardi-cocuklarda-daha-agir-seyreder","status":"publish","type":"post","link":"https:\/\/haberulus.net\/?p=61483","title":{"rendered":"Uzman\u0131 uyard\u0131: \u00c7ocuklarda\u00a0daha a\u011f\u0131r seyreder"},"content":{"rendered":"<p>\u200bEge \u00dcniversitesi \u00c7ocuk Enfeksiyon Hastal\u0131klar\u0131 Bilim Dal\u0131 \u00d6\u011fretim \u00dcyesi Prof. Dr. Zafer Kurug\u00f6l, son zamanlarda solunum yolu hastal\u0131klar\u0131ndaki art\u0131\u015fa dikkati \u00e7ekti.<\/p>\n<p>Covid-19\u2019a neden olan SARS-CoV-2 vir\u00fcs\u00fcn\u00fcn d\u00fcnyada ilk kez 2019\u2019un sonunda ortaya \u00e7\u0131kt\u0131\u011f\u0131n\u0131 dile getiren Prof. Dr. Kurug\u00f6l, \u201cBu vir\u00fcs koronavir\u00fcs tipi hastal\u0131k yap\u0131yordu. \u0130nsan koronavir\u00fcs, Covid-19\u2019dan farkl\u0131 olarak \u00e7ok fazla yay\u0131l\u0131m g\u00f6stermiyor, pandemiye neden olacak kadar bula\u015f\u0131c\u0131 de\u011fil. Solunum yolu hastal\u0131klar\u0131 aras\u0131nda insan koronavir\u00fcs\u00fc 2\u2019nci s\u0131rada geliyor. Y\u0131llardan beri var olan insan koronavir\u00fcslerinin \u00f6zelli\u011fi, \u00e7ocuklarda daha fazla g\u00f6r\u00fclmesi ve bazen a\u011f\u0131r hastal\u0131\u011fa, hastaneye yat\u0131\u015flara neden olmas\u0131. \u00c7ocuklarda insan koronavir\u00fcs, Covid-19\u2019dan daha a\u011f\u0131r seyreder. Uzam\u0131\u015f \u00f6ks\u00fcr\u00fc\u011fe de neden olur\u201d dedi.<\/p>\n<p>\u0130nsan koronovir\u00fcs\u00fcn\u00fcn Covid 19 gibi yeni bir ajan olmad\u0131\u011f\u0131n\u0131 belirten Prof. Dr. Kurug\u00f6l, \u201cGe\u00e7mi\u015ften bu yana t\u00fcm d\u00fcnyada bilinen, zaman zaman \u00e7ocuklarda da eri\u015fkinlerde de \u00fcst ve alt solunum yollar\u0131nda nezle, grip ve zat\u00fcrre yapabilen bir vir\u00fcs. Genellikle k\u0131\u015f aylar\u0131nda rastlan\u0131yor\u201d diye konu\u015ftu.<\/p>\n<p>Prof. Dr. Kurug\u00f6l, bakanl\u0131k verilerine g\u00f6re \u00e7ocuklarda son 1 ayd\u0131r g\u00f6r\u00fclen solunum yolu hastal\u0131klar\u0131n\u0131n y\u00fczde 25\u2019nin \u2018insan koronavir\u00fcs\u00fc\u2019 oldu\u011funu vurgulad\u0131.<\/p>\n<p><strong>\u2018SOLUNUM YOLU HASTALIKLARININ Y\u00dcZDE 25\u2019\u0130N\u0130 KAPSIYOR\u2019<\/strong><\/p>\n<p>Kas\u0131m ay\u0131ndan itibaren kuzey yar\u0131m k\u00fcredeki \u00fclkelerde, Avrupa \u00fclkeleri, ABD gibi, viral hastal\u0131klarda art\u0131\u015f oldu\u011funu belirten Prof. Dr. Kurug\u00f6l, \u015f\u00f6yle konu\u015ftu:<\/p>\n<p>*\u00dclkemizde grip vakalar\u0131n\u0131n pik yapma zaman\u0131, pandemiden \u00f6nceki y\u0131llarda ocak-\u015fubat aylar\u0131yd\u0131.<\/p>\n<p>*Grip salg\u0131n\u0131 ocak-\u015fubat aylar\u0131nda g\u00f6r\u00fcl\u00fcrd\u00fc. Pandemi s\u0131ras\u0131nda, kapanma d\u00f6neminde hemen hemen hi\u00e7 grip vakas\u0131 g\u00f6r\u00fclmedi.<\/p>\n<p>*Bu sene eyl\u00fcl ay\u0131 itibar\u0131yla k\u0131s\u0131tlamalar\u0131n ve kapal\u0131 yerlerde maske zorunlulu\u011funun kalkmas\u0131, okullar\u0131n a\u00e7\u0131lmas\u0131, solunum yolu enfeksiyonlar\u0131nda art\u0131\u015fa neden oldu.<\/p>\n<p>*\u015eu anda \u00fclkemizde solunum yolu hastal\u0131klar\u0131nda en \u00e7ok g\u00f6r\u00fclen vir\u00fcs Rhinovir\u00fcs, 2\u2019nci s\u0131rada insan koronavir\u00fcs ve ard\u0131ndan RSV geliyor.<\/p>\n<p>*\u0130nsan koronavir\u00fcs Sa\u011fl\u0131k Bakanl\u0131\u011f\u0131\u2019n\u0131n verilerine g\u00f6re; solunum yolu hastal\u0131klar\u0131n\u0131n y\u00fczde 25\u2019ini kaps\u0131yor.<\/p>\n<p><strong>\u2018ZAMAN ZAMAN D\u0130\u011eER V\u0130R\u00dcSLERDEN A\u011eIR SEYREDEB\u0130L\u0130R\u2019<\/strong><\/p>\n<p>\u00c7ok say\u0131da \u00e7ocuk hastay\u0131 tedavi ettiklerini belirten Prof. Dr. Kurug\u00f6l, s\u00f6zlerini \u015f\u00f6yle s\u00fcrd\u00fcrd\u00fc:<\/p>\n<p>*Aileler, \u00e7ocuklar\u0131n\u0131n uzam\u0131\u015f \u00f6ks\u00fcr\u00fc\u011f\u00fc nedeniyle bize ba\u015fvuruyor. Hangi ilac\u0131 kullan\u0131rsa kullans\u0131nlar, \u00e7ocuklardaki \u00f6ks\u00fcr\u00fc\u011f\u00fcn ge\u00e7medi\u011fini s\u00f6yl\u00fcyorlar.<\/p>\n<p>*Bu hastalar\u0131m\u0131z\u0131n \u00e7o\u011funlu\u011fu insan koronavir\u00fcs \u00e7\u0131k\u0131yor. \u0130nsan koronavir\u00fcs, di\u011fer solunum yolu enfeksiyonlar\u0131ndan ya da gripten muayeneyle ay\u0131rt edilemiyor.<\/p>\n<p>*Burun ak\u0131nt\u0131s\u0131, ses k\u0131s\u0131kl\u0131\u011f\u0131 ve ate\u015f hepsinde olabilir. Ay\u0131rmak i\u00e7in test yap\u0131lmas\u0131 gerekiyor. Bakanl\u0131k 4\u2019l\u00fc test da\u011f\u0131taca\u011f\u0131n\u0131 bildirmi\u015fti.<\/p>\n<p>*Grip gibi bir\u00e7ok vir\u00fcs testle belirlenecek. Bu test, bize hem tedavi hem izolasyon i\u00e7in \u00e7ok yararl\u0131 olacakt\u0131r.<\/p>\n<p>*\u0130nsan koronavir\u00fcs, zaman zaman di\u011fer vir\u00fcslerden a\u011f\u0131r seyredebilir. Bebeklerde \u00f6l\u00fcmc\u00fcl olabilir. Ancak Covid-19 gibi pandemiye neden olma riski yok.<\/p>\n<p><strong>\u2018BU VAKALARA ANT\u0130B\u0130YOT\u0130K KULLANMAK YANLI\u015e\u2019<\/strong><\/p>\n<p>\u0130nsan koronavir\u00fcs\u00fcnde hastal\u0131k akci\u011ferlere indiyse hastaneye yat\u0131\u015f\u0131n gerekli oldu\u011funu dile getiren Prof. Dr. Kurug\u00f6l, \u015f\u00f6yle konu\u015ftu:<\/p>\n<p>*Bu vakalara antibiyotik kullanmak yanl\u0131\u015f. Hastal\u0131\u011f\u0131n iyile\u015fmesini kolayla\u015ft\u0131rmaz, aksine yan etkilere neden olur. Gripte kulland\u0131\u011f\u0131m\u0131z bir ila\u00e7 var ancak insan koronavir\u00fcste bu antigribal ilac\u0131n da etkisi yok.<\/p>\n<p>*K\u00fc\u00e7\u00fck bir \u00e7ocuk insan koronavir\u00fcse yakaland\u0131ysa, anne s\u00fct\u00fc emiyorsa, s\u0131k s\u0131k anne s\u00fct\u00fc emmeli. Bol s\u0131v\u0131 almas\u0131 gerekiyor. Il\u0131k s\u0131v\u0131lar\u0131n t\u00fcketilmesi gerekli. Tavuk suyu \u00e7orba, \u0131l\u0131k s\u00fct ve bal faydal\u0131. Bal\u0131n gece \u00f6ks\u00fcr\u00fc\u011f\u00fcn\u00fc kesme konusunda faydas\u0131 var.<\/p>\n<p>*Ancak 1 ya\u015f alt\u0131 \u00e7ocuklara bal verilmemeli. Bu tavsiyelerim sadece benim ki\u015fisel deneyimlerime ba\u011fl\u0131 de\u011fil \u00e7ok say\u0131da bilimsel \u00e7al\u0131\u015fmayla faydal\u0131 oldu\u011fu ortaya konulmu\u015f verilerdir. (DHA)<\/p>\n","protected":false},"excerpt":{"rendered":"<p>Prof. Dr. Zafer Kurug\u00f6l, &#8216;insan koronavir\u00fcs\u00fc\u2019n\u00fcn \u00e7ok eskiden beri bilinen bir vir\u00fcs oldu\u011funu ve Covid-19&#8217;la kar\u0131\u015ft\u0131r\u0131lmamas\u0131 gerekti\u011fini belirtip, bakanl\u0131k verilerine g\u00f6re \u00e7ocuklarda son bir ayd\u0131r g\u00f6r\u00fclen solunum yolu hastal\u0131klar\u0131n\u0131n y\u00fczde 25&#8217;nin &#8216;insan koronavir\u00fcs\u00fc&#8217; oldu\u011funu dile getirdi.\u00a0<\/p>\n","protected":false},"author":1,"featured_media":61484,"comment_status":"closed","ping_status":"open","sticky":false,"template":"","format":"standard","meta":{"footnotes":""},"categories":[30],"tags":[765,7646,378,162,289],"class_list":["post-61483","post","type-post","status-publish","format-standard","has-post-thumbnail","hentry","category-saglik","tag-cocuk","tag-grip","tag-neden","tag-virus","tag-zaman"],"_links":{"self":[{"href":"https:\/\/haberulus.net\/index.php?rest_route=\/wp\/v2\/posts\/61483","targetHints":{"allow":["GET"]}}],"collection":[{"href":"https:\/\/haberulus.net\/index.php?rest_route=\/wp\/v2\/posts"}],"about":[{"href":"https:\/\/haberulus.net\/index.php?rest_route=\/wp\/v2\/types\/post"}],"author":[{"embeddable":true,"href":"https:\/\/haberulus.net\/index.php?rest_route=\/wp\/v2\/users\/1"}],"replies":[{"embeddable":true,"href":"https:\/\/haberulus.net\/index.php?rest_route=%2Fwp%2Fv2%2Fcomments&post=61483"}],"version-history":[{"count":1,"href":"https:\/\/haberulus.net\/index.php?rest_route=\/wp\/v2\/posts\/61483\/revisions"}],"predecessor-version":[{"id":61485,"href":"https:\/\/haberulus.net\/index.php?rest_route=\/wp\/v2\/posts\/61483\/revisions\/61485"}],"wp:featuredmedia":[{"embeddable":true,"href":"https:\/\/haberulus.net\/index.php?rest_route=\/wp\/v2\/media\/61484"}],"wp:attachment":[{"href":"https:\/\/haberulus.net\/index.php?rest_route=%2Fwp%2Fv2%2Fmedia&parent=61483"}],"wp:term":[{"taxonomy":"category","embeddable":true,"href":"https:\/\/haberulus.net\/index.php?rest_route=%2Fwp%2Fv2%2Fcategories&post=61483"},{"taxonomy":"post_tag","embeddable":true,"href":"https:\/\/haberulus.net\/index.php?rest_route=%2Fwp%2Fv2%2Ftags&post=61483"}],"curies":[{"name":"wp","href":"https:\/\/api.w.org\/{rel}","templated":true}]}}