{"id":61702,"date":"2022-12-12T13:06:08","date_gmt":"2022-12-12T13:06:08","guid":{"rendered":"https:\/\/haberulus.net\/?p=61702"},"modified":"2022-12-12T13:06:08","modified_gmt":"2022-12-12T13:06:08","slug":"balet-ve-koreograf-erdal-ugurluya-veda","status":"publish","type":"post","link":"https:\/\/haberulus.net\/?p=61702","title":{"rendered":"Balet ve koreograf Erdal U\u011furlu\u2019ya veda\u2026"},"content":{"rendered":"<p>\u0130stanbul Devlet Opera ve Balesi\u2019nde uzun y\u0131llar g\u00f6rev yapan balet ve koreograf Erdal U\u011furlu, \u00f6nceki g\u00fcn hayat\u0131n\u0131 kaybetti.<\/p>\n<p>\u2018\u00c7\u0131plak Vatanda\u015flar\u2019, \u2018K\u0131rm\u0131z\u0131\u2019 ve \u2018Gel Evlenelim Y\u00fcr\u00fc Bo\u015fanal\u0131m\u2019 adl\u0131 oyunlarda rol alan 57 ya\u015f\u0131ndaki sanat\u00e7\u0131, bir s\u00fcredir kanser tedavisi g\u00f6r\u00fcyordu.<\/p>\n<p><img decoding=\"async\" src=\"https:\/\/i01.sozcucdn.com\/wp-content\/uploads\/2022\/12\/12\/b5.1_21967112.jpg\" alt=\"\" title=\"\"><\/p>\n<p>Erdal U\u011furlu i\u00e7in bug\u00fcn saat 11.00\u2019de Atat\u00fcrk K\u00fclt\u00fcr Merkezi\u2019nde (AKM) t\u00f6ren d\u00fczenlendi.<br \/>T\u00f6rene ailesi, meslekta\u015flar\u0131, arkada\u015flar\u0131 ve \u00f6\u011frencileri kat\u0131ld\u0131.<\/p>\n<p><img decoding=\"async\" src=\"https:\/\/i01.sozcucdn.com\/wp-content\/uploads\/2022\/12\/12\/b4.1_21967110.jpg\" alt=\"\" title=\"\"><\/p>\n<p>Erdal U\u011furlu, Taksim Camii\u2019nde \u00f6\u011fle namaz\u0131n\u0131n ard\u0131ndan k\u0131l\u0131nan cenaze namaz sonras\u0131 Kanl\u0131ca Mezarl\u0131\u011f\u0131\u2019na defnedildi. (DHA)<\/p>\n","protected":false},"excerpt":{"rendered":"<p>Kanser tedavisi g\u00f6r\u00fcrken 57 ya\u015f\u0131nda hayat\u0131n\u0131 kaybeden balet ve koreograf Erdal U\u011furlu son yolculu\u011funa u\u011furland\u0131.<\/p>\n","protected":false},"author":1,"featured_media":61703,"comment_status":"closed","ping_status":"open","sticky":false,"template":"","format":"standard","meta":{"footnotes":""},"categories":[27],"tags":[],"class_list":["post-61702","post","type-post","status-publish","format-standard","has-post-thumbnail","hentry","category-kultur-sanat"],"_links":{"self":[{"href":"https:\/\/haberulus.net\/index.php?rest_route=\/wp\/v2\/posts\/61702","targetHints":{"allow":["GET"]}}],"collection":[{"href":"https:\/\/haberulus.net\/index.php?rest_route=\/wp\/v2\/posts"}],"about":[{"href":"https:\/\/haberulus.net\/index.php?rest_route=\/wp\/v2\/types\/post"}],"author":[{"embeddable":true,"href":"https:\/\/haberulus.net\/index.php?rest_route=\/wp\/v2\/users\/1"}],"replies":[{"embeddable":true,"href":"https:\/\/haberulus.net\/index.php?rest_route=%2Fwp%2Fv2%2Fcomments&post=61702"}],"version-history":[{"count":1,"href":"https:\/\/haberulus.net\/index.php?rest_route=\/wp\/v2\/posts\/61702\/revisions"}],"predecessor-version":[{"id":61704,"href":"https:\/\/haberulus.net\/index.php?rest_route=\/wp\/v2\/posts\/61702\/revisions\/61704"}],"wp:featuredmedia":[{"embeddable":true,"href":"https:\/\/haberulus.net\/index.php?rest_route=\/wp\/v2\/media\/61703"}],"wp:attachment":[{"href":"https:\/\/haberulus.net\/index.php?rest_route=%2Fwp%2Fv2%2Fmedia&parent=61702"}],"wp:term":[{"taxonomy":"category","embeddable":true,"href":"https:\/\/haberulus.net\/index.php?rest_route=%2Fwp%2Fv2%2Fcategories&post=61702"},{"taxonomy":"post_tag","embeddable":true,"href":"https:\/\/haberulus.net\/index.php?rest_route=%2Fwp%2Fv2%2Ftags&post=61702"}],"curies":[{"name":"wp","href":"https:\/\/api.w.org\/{rel}","templated":true}]}}