{"id":61912,"date":"2022-12-13T05:51:03","date_gmt":"2022-12-13T05:51:03","guid":{"rendered":"https:\/\/haberulus.net\/?p=61912"},"modified":"2022-12-13T05:51:03","modified_gmt":"2022-12-13T05:51:03","slug":"yagislar-ne-zaman-bitecek-hava-durumu-degisiyor","status":"publish","type":"post","link":"https:\/\/haberulus.net\/?p=61912","title":{"rendered":"Ya\u011f\u0131\u015flar ne zaman bitecek? Hava durumu de\u011fi\u015fiyor"},"content":{"rendered":"<p>Meteoroloji Genel M\u00fcd\u00fcrl\u00fc\u011f\u00fc taraf\u0131ndan yay\u0131nlanan hava durumu tahminlerine g\u00f6re T\u00fcrkiye\u2019de etkisini s\u00fcrd\u00fcren ya\u011f\u0131\u015fl\u0131 hava dalgas\u0131 hafta sonu g\u00fcc\u00fcn\u00fc kaybederek yurdu terk edecek.<\/p>\n<p>Bug\u00fcn Do\u011fu Anadolu B\u00f6lgesi\u2019nde kar ya\u011f\u0131\u015f\u0131 bekleniyor. Bat\u0131 b\u00f6lgelerde ise sa\u011fanak ya\u011f\u0131\u015f g\u00f6r\u00fclecek.<\/p>\n<p><img decoding=\"async\" src=\"https:\/\/i01.sozcucdn.com\/wp-content\/uploads\/2022\/12\/13\/3.jpg\"\/><\/p>\n<p><strong>BAZI B\u00d6LGELER DAHA \u00c7OK ETK\u0130LENECEK<\/strong><\/p>\n<p>Yap\u0131lan en son de\u011ferlendirmelere g\u00f6re: \u00dclkemiz genelinin par\u00e7al\u0131 ve \u00e7ok bulutlu, Marmara\u2019n\u0131n g\u00fcney ve do\u011fusu, Ege, Akdeniz, \u0130\u00e7 Anadolu\u2019nun kuzey ve bat\u0131s\u0131, Karadeniz( Artvin hari\u00e7), Do\u011fu Anadolu\u2019nun g\u00fcney ve bat\u0131s\u0131, G\u00fcneydo\u011fu Anadolu(Gaziantep ve Kilis hari\u00e7) ile Erzurum ve A\u011fr\u0131 \u00e7evrelerinin ya\u011f\u0131\u015fl\u0131 ge\u00e7ece\u011fi tahmin ediliyor.<\/p>\n<p>Ya\u011f\u0131\u015flar\u0131n ya\u011fmur ve sa\u011fanak, yer yer g\u00f6k g\u00fcr\u00fclt\u00fcl\u00fc sa\u011fanak ya\u011f\u0131\u015fl\u0131, Do\u011fu Karadeniz\u2019in i\u00e7 kesimleri ile Do\u011fu Anadolu\u2019nun kuzey ve do\u011fusu ile Bat\u0131 Karadeniz\u2019in i\u00e7 kesimlerinin y\u00fckseklerinde karla kar\u0131\u015f\u0131k ya\u011fmur ve kar \u015feklinde olmas\u0131 bekleniyor.<\/p>\n<p>Ya\u011f\u0131\u015flar\u0131n Marmara&#8217;n\u0131n g\u00fcneyi, Kuzey ve K\u0131y\u0131 Ege ile Denizli&#8217;nin bat\u0131s\u0131, U\u015fak, K\u00fctahya, Antalya, Isparta, Burdur&#8217;un do\u011fusu, Eski\u015fehir \u00e7evreleri ile Ankara&#8217;n\u0131n kuzey ve bat\u0131s\u0131nda yerel olmak \u00fczere kuvvetli olmas\u0131 bekleniyor.<\/p>\n","protected":false},"excerpt":{"rendered":"<p>Meteoroloji taraf\u0131ndan yay\u0131nlanan tahminlere g\u00f6re yurtta cuma g\u00fcn\u00fcne kadar etkisini s\u00fcrd\u00fcrecek ya\u011f\u0131\u015fl\u0131 hava cumadan itibaren g\u00fcc\u00fcn\u00fc yitirecek.<\/p>\n","protected":false},"author":1,"featured_media":61913,"comment_status":"closed","ping_status":"open","sticky":false,"template":"","format":"standard","meta":{"footnotes":""},"categories":[26],"tags":[1234,2568,399,1563,285],"class_list":["post-61912","post","type-post","status-publish","format-standard","has-post-thumbnail","hentry","category-gundem","tag-anadolu","tag-bati","tag-dogu","tag-kar","tag-yagis"],"_links":{"self":[{"href":"https:\/\/haberulus.net\/index.php?rest_route=\/wp\/v2\/posts\/61912","targetHints":{"allow":["GET"]}}],"collection":[{"href":"https:\/\/haberulus.net\/index.php?rest_route=\/wp\/v2\/posts"}],"about":[{"href":"https:\/\/haberulus.net\/index.php?rest_route=\/wp\/v2\/types\/post"}],"author":[{"embeddable":true,"href":"https:\/\/haberulus.net\/index.php?rest_route=\/wp\/v2\/users\/1"}],"replies":[{"embeddable":true,"href":"https:\/\/haberulus.net\/index.php?rest_route=%2Fwp%2Fv2%2Fcomments&post=61912"}],"version-history":[{"count":1,"href":"https:\/\/haberulus.net\/index.php?rest_route=\/wp\/v2\/posts\/61912\/revisions"}],"predecessor-version":[{"id":61914,"href":"https:\/\/haberulus.net\/index.php?rest_route=\/wp\/v2\/posts\/61912\/revisions\/61914"}],"wp:featuredmedia":[{"embeddable":true,"href":"https:\/\/haberulus.net\/index.php?rest_route=\/wp\/v2\/media\/61913"}],"wp:attachment":[{"href":"https:\/\/haberulus.net\/index.php?rest_route=%2Fwp%2Fv2%2Fmedia&parent=61912"}],"wp:term":[{"taxonomy":"category","embeddable":true,"href":"https:\/\/haberulus.net\/index.php?rest_route=%2Fwp%2Fv2%2Fcategories&post=61912"},{"taxonomy":"post_tag","embeddable":true,"href":"https:\/\/haberulus.net\/index.php?rest_route=%2Fwp%2Fv2%2Ftags&post=61912"}],"curies":[{"name":"wp","href":"https:\/\/api.w.org\/{rel}","templated":true}]}}