{"id":62365,"date":"2022-12-13T16:51:02","date_gmt":"2022-12-13T16:51:02","guid":{"rendered":"https:\/\/haberulus.net\/?p=62365"},"modified":"2022-12-13T16:51:02","modified_gmt":"2022-12-13T16:51:02","slug":"engin-ozkoctan-erdogana-rezilligi-neden-ortbas-etmeye-calisiyorsun","status":"publish","type":"post","link":"https:\/\/haberulus.net\/?p=62365","title":{"rendered":"Engin \u00d6zko\u00e7\u2019tan Erdo\u011fan\u2019a: Rezilli\u011fi neden \u00f6rtbas etmeye \u00e7al\u0131\u015f\u0131yorsun?"},"content":{"rendered":"<p>CHP Grup Ba\u015fkanvekili Engin \u00d6zko\u00e7, TBMM\u2019de bas\u0131n toplant\u0131s\u0131 d\u00fczenleyerek g\u00fcndeme ili\u015fkin de\u011ferlendirmelerde bulundu. \u00d6zko\u00e7 \u015funlar\u0131 s\u00f6yledi:<\/p>\n<p>* \u201cAdalet aray\u0131\u015f\u0131m\u0131z devam ediyor. Toplumun adalet talebini duyurmak, susam\u0131\u015fl\u0131\u011f\u0131 gidermek CHP, biz siyaset\u00e7ilerin g\u00f6revidir. Kemal K\u0131l\u0131\u00e7daro\u011flu, 15 Haziran 2017&#8217;de Ankara&#8217;da \u0130stanbul&#8217;a ba\u015flatt\u0131\u011f\u0131 Adalet Y\u00fcr\u00fcy\u00fc\u015f\u00fc, bug\u00fcn de devam ediyor. D\u00fcn Meclis&#8217;ten Adalet Bakanl\u0131\u011f\u0131&#8217;na yapt\u0131\u011f\u0131m\u0131z y\u00fcr\u00fcy\u00fc\u015f, Adalet Y\u00fcr\u00fcy\u00fc\u015f\u00fc&#8217;n\u00fcn bir par\u00e7as\u0131d\u0131r. Ancak, bug\u00fcn geldi\u011fi nokta ise t\u00fcyler \u00fcrperticidir.<\/p>\n<p><strong>\u201cMASUM B\u0130R \u00c7OCU\u011eUN \u00c7I\u011eLI\u011eINI DUYURMAK \u0130\u00c7\u0130N Y\u00dcR\u00dcD\u00dcK\u201d<\/strong><\/p>\n<p>* Biz, 2017&#8217;de \u2018Hepimiz i\u00e7in Adalet&#8217; talebiyle yola \u00e7\u0131kt\u0131\u011f\u0131m\u0131zda, \u00e7\u0131k\u0131\u015f noktam\u0131z gazeteciler, akademisyenler, siyaset\u00e7ilerin zindanlara kapat\u0131lmas\u0131yd\u0131. Onlar\u0131n bast\u0131r\u0131lm\u0131\u015f sesinin y\u00fckseltilmesi i\u00e7indi. D\u00fcn ise masum bir \u00e7ocu\u011fun \u00e7\u0131\u011fl\u0131\u011f\u0131n\u0131 duyurmak i\u00e7in Adalet Y\u00fcr\u00fcy\u00fc\u015f\u00fc yapt\u0131k. 6 ya\u015f\u0131ndaki bir \u00e7ocu\u011fun maruz kald\u0131\u011f\u0131 ve \u00fcst\u00fc \u00f6rt\u00fclmek istenen istismar, taciz, tecav\u00fcz\u00fc a\u00e7\u0131k etmek i\u00e7indi.<\/p>\n<p><strong>\u201cDEL\u0130LLER, FOTO\u011eRAFLAR ORTADAYKEN 2 YILDA DAVA NASIL A\u00c7ILMADI?\u201d<\/strong><\/p>\n<p>* Adaletsizli\u011fin derinle\u015fmesindeki en b\u00fcy\u00fck fakt\u00f6r, Cumhurba\u015fkanl\u0131\u011f\u0131n\u0131n \u00e7\u00fcr\u00fcm\u00fc\u015f sistemidir. \u2018H\u0131zl\u0131 karar alaca\u011f\u0131z, her sorunu \u00e7\u00f6zece\u011fiz, a\u011f\u0131r b\u00fcrokrasiyi yenece\u011fiz&#8217; diyorlard\u0131. \u00d6yle oldu mu? Hay\u0131r. Sadece bu olay \u00fczerinden baksak bile korkun\u00e7 olaya maruz kalan k\u0131z \u00e7ocu\u011fu 30 Kas\u0131m 2020&#8217;de b\u00fct\u00fcn delilleri savc\u0131l\u0131\u011fa sundu. Dava ne zaman a\u00e7\u0131ld\u0131? 30 Ekim 2022&#8217;de. Bu kadar a\u00e7\u0131k ifadeler, deliller, foto\u011fraflar ortadayken bir davan\u0131n a\u00e7\u0131lmas\u0131 nas\u0131l oldu da tam 2 y\u0131l s\u00fcrd\u00fc? Bu k\u0131z \u00e7ocu\u011fu okuma yazma bilmiyordu.<\/p>\n<p>* Bir g\u00fcn okul y\u00fcz\u00fc g\u00f6rmemi\u015fti de onun i\u00e7in. Milli E\u011fitim Bakanl\u0131\u011f\u0131 \u00e7ocu\u011fun zorunlu e\u011fitime getirilmedi\u011fini nas\u0131l bilemedi? Bir k\u0131z \u00e7ocu\u011funun 13 ya\u015f\u0131nda ni\u015fan, 14 ya\u015f\u0131nda d\u00fc\u011f\u00fcn yap\u0131l\u0131rken emniyet bunu ger\u00e7ekten nas\u0131l tespit edemedi. 14 ya\u015f\u0131nda istismar olay\u0131 hastanede ortaya \u00e7\u0131kt\u0131. Savc\u0131, nas\u0131l ve neden do\u011fum ka\u011f\u0131d\u0131 istemedi. Kemik ya\u015f\u0131 tespitinde yerine 21 ya\u015f\u0131nda bir kad\u0131n sokuldu. 14 ya\u015f\u0131ndaki bir \u00e7ocu\u011fun g\u00f6r\u00fcn\u00fcm\u00fcne bak\u0131p 21 ya\u015f kemik testi sonucunda savc\u0131 nas\u0131l bu olaya g\u00f6z yumdu, bu raporu kabul etti?<\/p>\n<p><strong>\u201cA\u0130LE BAKANI, ADALET BAKANI, \u0130\u00c7\u0130\u015eLER\u0130 BAKANI SU\u00c7\u00dcST\u00dc OLDU\u201d<\/strong><\/p>\n<p>* \u201cSoru\u015fturmay\u0131, nas\u0131l kapatt\u0131? Hangi vicdanla kapatt\u0131. Yavrusunu al\u0131p da devlete s\u0131\u011f\u0131nan bu kad\u0131ndan Aile ve Sosyal Hizmetler Bakanl\u0131\u011f\u0131 iki y\u0131ldan beri haberdar. Davaya neden en ba\u015f\u0131ndan m\u00fcdahil olmad\u0131lar? Korkun\u00e7 olay\u0131n g\u00fcn y\u00fcz\u00fcne \u00e7\u0131kart\u0131lmas\u0131 ile Aile Bakan\u0131, Adalet Bakan\u0131, \u0130\u00e7i\u015fleri Bakan\u0131 hepsi bunlar\u0131n su\u00e7\u00fcst\u00fc olmu\u015ftur. Cumhurba\u015fkan\u0131, bu Aile ve Sosyal Hizmetler Bakan\u0131&#8217;n\u0131, bu Adalet Bakan\u0131&#8217;n\u0131, bu \u0130\u00e7i\u015fleri Bakan\u0131&#8217;n\u0131 savunmakla k\u0131z \u00e7ocu\u011funun ba\u015f\u0131na gelenleri asl\u0131nda me\u015frula\u015ft\u0131rmaya \u00e7al\u0131\u015f\u0131yor. Cumhurba\u015fkan\u0131&#8217;n\u0131n yapt\u0131\u011f\u0131 tam da budur. \u00c7\u00fcnk\u00fc su\u00e7lu olanlar bu mekanizman\u0131n tamam\u0131nda bulunanlar; Aile Bakanl\u0131\u011f\u0131, Adalet Bakanl\u0131\u011f\u0131 ve \u0130\u00e7i\u015fleri Bakanl\u0131\u011f\u0131&#8217;d\u0131r. \u00c7ocu\u011fu de\u011fil, Cumhurba\u015fkan\u0131 kendi bakanlar\u0131n\u0131 savunuyor.\u201d<\/p>\n<p><strong>\u201cERDO\u011eAN VE BAKANLARI BU SU\u00c7TAN ASLA KURTULAMAZLAR\u201d<\/strong><\/p>\n<p>* 6 ya\u015f\u0131ndaki bir \u00e7ocu\u011fa taciz ve tecav\u00fcz\u00fc \u2018bir k\u0131z\u0131m\u0131z\u0131n erken ya\u015fta evlili\u011fi&#8217; diye tan\u0131mlayan Erdo\u011fan ve bakanlar\u0131 bu su\u00e7tan asla kurtulamazlar. Ne demek, bir \u00e7ocu\u011fumuzun erken ya\u015fta evlili\u011fi\u2026 Bu olay bu mudur? 6 ya\u015f\u0131nda bir \u00e7ocu\u011fa tecav\u00fcz edilmi\u015ftir. 6 ya\u015f\u0131ndaki bir \u00e7ocuk evlilik i\u00e7erisinde de\u011ferlendirilmi\u015ftir. Ne 14 ne 15&#8217;i. Rezilli\u011fi neden \u00f6rtbas etmeye \u00e7al\u0131\u015f\u0131yorsun. Sen sadece burada masum \u00e7ocu\u011fun de\u011fil, kamuoyunun tepkisini dindirmeye \u00e7al\u0131\u015f\u0131yorsun. 2020&#8217;de ba\u015flat\u0131lan soru\u015fturma i\u00e7in neden May\u0131s 2023&#8217;te duru\u015fma tarihi veriliyor?<\/p>\n<p><strong>\u201cADIM ATILIYORSA GAZETEC\u0130 YAZDI\u011eI \u0130\u00c7\u0130N B\u0130Z Y\u00dcR\u00dcD\u00dc\u011e\u00dcM\u00dcZ \u0130\u00c7\u0130N\u201d<\/strong><\/p>\n<p>* Duru\u015fma tarihinin \u00f6ne al\u0131nmas\u0131 i\u00e7in giri\u015fimde bulunduklar\u0131 anla\u015f\u0131l\u0131yor. Bug\u00fcn bu ad\u0131m at\u0131l\u0131yorsa ve bu soru\u015fturma ba\u015flat\u0131l\u0131yorsa asl\u0131nda Adalet Bakanl\u0131\u011f\u0131&#8217;n\u0131n ba\u015f\u0131nda oldu\u011fu HSK, 2012&#8217;deki iddialar\u0131 kovu\u015fturmaya yer yoktur diyen savc\u0131 i\u00e7in inceleme ba\u015flat\u0131l\u0131yorsa bu Timur Soykan gibi bir gazetecinin haber yapmas\u0131 ile ilgilidir. Hala d\u00fcr\u00fcst, namuslu gazeteciler oldu\u011fu i\u00e7indir. Halk\u0131m\u0131z k\u0131z \u00e7ocu\u011funa sahip \u00e7\u0131kt\u0131\u011f\u0131 i\u00e7indir. O y\u00fcrekli minicik ya\u015f\u0131nda ba\u015f\u0131na bir\u00e7ok felaket gelen ama cesaret ile bu olaylar\u0131n \u00fczerine y\u00fcr\u00fcyen o \u00e7ocu\u011fa hep beraber sahip \u00e7\u0131kt\u0131\u011f\u0131m\u0131z i\u00e7indir. Ve Kemal K\u0131l\u0131\u00e7daro\u011flu&#8217;nun Adalet Bakanl\u0131\u011f\u0131&#8217;na bu evlad\u0131m\u0131z i\u00e7in de Adalet Y\u00fcr\u00fcy\u00fc\u015f\u00fc&#8217;n\u00fc yapt\u0131\u011f\u0131 i\u00e7indir. Aile Bakanl\u0131\u011f\u0131, Adalet Bakanl\u0131\u011f\u0131, emniyet ve tepesindeki Cumhurba\u015fkanl\u0131\u011f\u0131 y\u0131llardan beri korkun\u00e7 ger\u00e7e\u011fi duymam\u0131\u015ft\u0131r.<\/p>\n<p><strong>\u201cMECL\u0130S RAPORU NE OLDU?\u201d<\/strong><\/p>\n<p>* \u00c7\u00f6z\u00fcm\u00fc bu ellere asla b\u0131rakmamal\u0131y\u0131z. 2016 y\u0131l\u0131nda Meclis&#8217;te komisyon kurdular. \u015eimdi de diyorlar ki bir komisyon olu\u015ftural\u0131m. Bunun \u00fczerine gidelim\u2026 Kurdu\u011funuz bu komisyonda t\u00fcm gruplar birlikte \u00e7al\u0131\u015ft\u0131k. At\u0131lmas\u0131 gereken ad\u0131mlar\u0131 o tarihte birlikte belirledik. Ortada Meclis raporu var. Erdo\u011fan daha sonra 6 bakan\u0131n\u0131 g\u00f6revlendirdi. Yine t\u00fcm gruplar bu bakanlara destek verdik. Recep Akda\u011f, &#8217;10 g\u00fcn i\u00e7inde ad\u0131m ataca\u011f\u0131z&#8217; dedi. 4 ile 5 y\u0131l ge\u00e7ti \u00fcst\u00fcnden, istismar\u0131n \u00f6n\u00fcne ge\u00e7ecek tek bir ad\u0131m at\u0131ld\u0131 m\u0131? At\u0131lmad\u0131. Bu komisyonlar, bu \u00fczg\u00fcn\u00fcz tav\u0131rlar\u0131 tamamen kamuoyunu yormak, oyalamak i\u00e7indir.<\/p>\n<p>* Erdo\u011fan ve bakanlar\u0131 bu sistem i\u00e7inde soruna \u00e7are bulamazlar. Bir daha bu \u00fclkede b\u00f6yle korkun\u00e7 istismarlar\u0131n ya\u015fanmamas\u0131 i\u00e7in bu d\u00fczenin ortadan kalkmas\u0131 gerekiyor. Siyaset kurumu olarak bizler, Meclis, halk burada \u00e7\u0131\u011fl\u0131\u011fa sessiz kalmamal\u0131y\u0131z. \u00c7\u00f6z\u00fcm\u00fcn bir par\u00e7as\u0131 olmal\u0131y\u0131z. Koku\u015fmu\u015flu\u011fa, haks\u0131zl\u0131\u011fa kar\u015f\u0131 m\u00fccadele etmeliyiz. Ba\u015fka \u00e7ocuklar\u0131n yanmamas\u0131 i\u00e7in \u00e7\u0131\u011fl\u0131\u011f\u0131m\u0131z\u0131 y\u00fckseltmeliyiz. Bu kad\u0131n en b\u00fcy\u00fck sayg\u0131y\u0131 hak ediyor. Onun m\u00fccadelesine destek olmak, sesini y\u00fckseltmek, yan\u0131nda olmak zorunday\u0131z. \u0130nsanl\u0131k g\u00f6revimiz bunu g\u00f6steriyor. Bunun i\u00e7in CHP, K\u0131l\u0131\u00e7daro\u011flu&#8217;nun \u00f6nderli\u011finde m\u00fccadelesini s\u00fcrd\u00fcrmeye devam edecektir.\u201d<\/p>\n","protected":false},"excerpt":{"rendered":"<p>CHP Grup Ba\u015fkanvekili Engin \u00d6zko\u00e7, Hiranur Vakf\u0131\u2019n\u0131n kurucusu Yusuf Ziya G\u00fcm\u00fc\u015fel\u2019in k\u0131z\u0131n\u0131 6 ya\u015f\u0131ndayken &#8216;imam nikah\u0131yla evlendirilmesi ve cinsel istismar\u0131 s\u00fcreci&#8217; ile ilgili Cumhurba\u015fkan\u0131 Erdo\u011fan&#8217;\u0131n &#8220;Erken ya\u015fta evlilik&#8221; ifadesini kullanmas\u0131na tepki g\u00f6sterdi.<\/p>\n","protected":false},"author":1,"featured_media":62366,"comment_status":"closed","ping_status":"open","sticky":false,"template":"","format":"standard","meta":{"footnotes":""},"categories":[26],"tags":[1653,1079,581,105,2476],"class_list":["post-62365","post","type-post","status-publish","format-standard","has-post-thumbnail","hentry","category-gundem","tag-adalet","tag-aile","tag-meclis","tag-olay","tag-yasinda"],"_links":{"self":[{"href":"https:\/\/haberulus.net\/index.php?rest_route=\/wp\/v2\/posts\/62365","targetHints":{"allow":["GET"]}}],"collection":[{"href":"https:\/\/haberulus.net\/index.php?rest_route=\/wp\/v2\/posts"}],"about":[{"href":"https:\/\/haberulus.net\/index.php?rest_route=\/wp\/v2\/types\/post"}],"author":[{"embeddable":true,"href":"https:\/\/haberulus.net\/index.php?rest_route=\/wp\/v2\/users\/1"}],"replies":[{"embeddable":true,"href":"https:\/\/haberulus.net\/index.php?rest_route=%2Fwp%2Fv2%2Fcomments&post=62365"}],"version-history":[{"count":1,"href":"https:\/\/haberulus.net\/index.php?rest_route=\/wp\/v2\/posts\/62365\/revisions"}],"predecessor-version":[{"id":62367,"href":"https:\/\/haberulus.net\/index.php?rest_route=\/wp\/v2\/posts\/62365\/revisions\/62367"}],"wp:featuredmedia":[{"embeddable":true,"href":"https:\/\/haberulus.net\/index.php?rest_route=\/wp\/v2\/media\/62366"}],"wp:attachment":[{"href":"https:\/\/haberulus.net\/index.php?rest_route=%2Fwp%2Fv2%2Fmedia&parent=62365"}],"wp:term":[{"taxonomy":"category","embeddable":true,"href":"https:\/\/haberulus.net\/index.php?rest_route=%2Fwp%2Fv2%2Fcategories&post=62365"},{"taxonomy":"post_tag","embeddable":true,"href":"https:\/\/haberulus.net\/index.php?rest_route=%2Fwp%2Fv2%2Ftags&post=62365"}],"curies":[{"name":"wp","href":"https:\/\/api.w.org\/{rel}","templated":true}]}}