{"id":62485,"date":"2022-12-14T05:36:05","date_gmt":"2022-12-14T05:36:05","guid":{"rendered":"https:\/\/haberulus.net\/?p=62485"},"modified":"2022-12-14T05:36:05","modified_gmt":"2022-12-14T05:36:05","slug":"konaklama-vergisinde-uygulama-esaslari-belli-oldu","status":"publish","type":"post","link":"https:\/\/haberulus.net\/?p=62485","title":{"rendered":"Konaklama vergisinde uygulama esaslar\u0131 belli oldu"},"content":{"rendered":"<p>Gelir \u0130daresi Ba\u015fkanl\u0131\u011f\u0131 (G\u0130B) 1 Ocak 2023 tarihinden itibaren ba\u015flamas\u0131 \u00f6ng\u00f6r\u00fclen konaklama vergisi esaslar\u0131n\u0131 belirleyen genel uygulama tebli\u011fini yay\u0131mlad\u0131.<\/p>\n<p>Resmi Gazete\u2019nin bug\u00fcnk\u00fc say\u0131s\u0131nda yer alan konaklama vergisi uygulama genel tebli\u011fine g\u00f6re, konaklama tesislerinde verilen geceleme hizmetleri ve bu hizmetle birlikte sat\u0131lmak suretiyle konaklama tesisi b\u00fcnyesinde sunulan di\u011fer t\u00fcm hizmetler y\u00fczde 2 oran\u0131nda konaklama vergisine tabi olacak.<\/p>\n<p>Cumhurba\u015fkan\u0131, bu oran\u0131 bir kat\u0131na kadar art\u0131rmaya, yar\u0131s\u0131na kadar indirmeye, bu s\u0131n\u0131rlar i\u00e7inde farkl\u0131 oranlar tespit etmeye yetkili k\u0131l\u0131nd\u0131.<\/p>\n<p><b>AYDA B\u0130R KEZ VERG\u0130LEND\u0130R\u0130LECEK<\/b><\/p>\n<p>Konaklama vergisi, konaklama tesislerince d\u00fczenlenen fatura ve benzeri belgelerde ayr\u0131ca g\u00f6sterilecek. Bu vergiden herhangi bir ad alt\u0131nda indirim yap\u0131lamayacak ve KDV matrah\u0131na d\u00e2hil edilmeyecek.<\/p>\n<p>Vergilendirme d\u00f6nemi, faaliyette bulunulan takvim y\u0131l\u0131n\u0131n birer ayl\u0131k d\u00f6nemleri olarak belirlendi. Vergi, vergilendirme d\u00f6nemini takip eden ay\u0131n 26. g\u00fcn\u00fc ak\u015fam\u0131na kadar beyan edilecek.<\/p>\n<p>Tebli\u011fe g\u00f6re, konaklama vergisi, m\u00fckellefin KDV y\u00f6n\u00fcnden ba\u011fl\u0131 bulundu\u011fu vergi dairesince, KDV m\u00fckellefiyeti bulunmayanlar bak\u0131m\u0131ndan ise konaklama tesisinin bulundu\u011fu yer vergi dairesince tarh olunacak ve beyanname verme s\u00fcresi i\u00e7inde \u00f6denecek.<\/p>\n<p><b>GECELEME H\u0130ZMET\u0130 OLMAZSA VERG\u0130 ARANMAYACAK<\/b><\/p>\n<p>G\u00fcnl\u00fck gecelemelerde ki\u015finin gecelemeyi tamamlamaks\u0131z\u0131n tesisten ayr\u0131lmas\u0131n\u0131n vergilendirmeye tesiri bulunmuyor. Birden fazla g\u00fcn\u00fc kapsayan gecelemelerde fiilen hizmetin sunuldu\u011fu g\u00fcnler esas al\u0131nacak; geceleme hizmetinin sunulmad\u0131\u011f\u0131 g\u00fcnler i\u00e7in vergi aranmayacak. Geceleme hizmeti almayanlara verilen hizmetler vergiye tabi olmayacak.<\/p>\n<p>\u00d6\u011frenci yurtlar\u0131, pansiyonlar\u0131 ve kamplar\u0131nda \u00f6\u011frencilere verilen hizmetler, T\u00fcrkiye\u2019deki diplomatik temsilcilikleri, konsolosluklar\u0131 ve bunlar\u0131n diplomatik haklara sahip mensuplar\u0131 ile uluslararas\u0131 anla\u015fmalar gere\u011fince vergi muafiyeti tan\u0131nan uluslararas\u0131 kurulu\u015flar ve mensuplar\u0131na verilen hizmetler vergiden muaf olacak.<\/p>\n<p>Seyahat acentalar\u0131na yap\u0131lan sat\u0131\u015flarda, acentaya sat\u0131\u015f a\u015famas\u0131nda vergi do\u011fmayacak. Ayn\u0131 \u015fekilde acentan\u0131n sat\u0131\u015f\u0131 a\u015famas\u0131nda da konaklama tesisi i\u015fleticisi bak\u0131m\u0131ndan vergiyi do\u011furan olay ger\u00e7ekle\u015fmeyecek. Tebli\u011f 1 Ocak 2023 tarihinde y\u00fcr\u00fcrl\u00fc\u011fe girecek. (REUTERS)<\/p>\n","protected":false},"excerpt":{"rendered":"<p>Gelir \u0130daresi Ba\u015fkanl\u0131\u011f\u0131&#8217;n\u0131n Resmi Gazete&#8217;de yay\u0131mlanan tebli\u011fine g\u00f6re konaklama vergisi birden fazla g\u00fcn\u00fc kapsayan gecelemeleri esas alacak, acentaya yap\u0131lan sat\u0131\u015flarda vergi do\u011fmazken, vergilendirme d\u00f6nemi birer ayl\u0131k periyot olarak belirlendi.<\/p>\n","protected":false},"author":1,"featured_media":62486,"comment_status":"closed","ping_status":"open","sticky":false,"template":"","format":"standard","meta":{"footnotes":""},"categories":[25],"tags":[7939,10107,8543,10108,50],"class_list":["post-62485","post","type-post","status-publish","format-standard","has-post-thumbnail","hentry","category-ekonomi","tag-geceleme","tag-hizmetle","tag-konaklama","tag-konaklama-vergisi","tag-vergi"],"_links":{"self":[{"href":"https:\/\/haberulus.net\/index.php?rest_route=\/wp\/v2\/posts\/62485","targetHints":{"allow":["GET"]}}],"collection":[{"href":"https:\/\/haberulus.net\/index.php?rest_route=\/wp\/v2\/posts"}],"about":[{"href":"https:\/\/haberulus.net\/index.php?rest_route=\/wp\/v2\/types\/post"}],"author":[{"embeddable":true,"href":"https:\/\/haberulus.net\/index.php?rest_route=\/wp\/v2\/users\/1"}],"replies":[{"embeddable":true,"href":"https:\/\/haberulus.net\/index.php?rest_route=%2Fwp%2Fv2%2Fcomments&post=62485"}],"version-history":[{"count":1,"href":"https:\/\/haberulus.net\/index.php?rest_route=\/wp\/v2\/posts\/62485\/revisions"}],"predecessor-version":[{"id":62487,"href":"https:\/\/haberulus.net\/index.php?rest_route=\/wp\/v2\/posts\/62485\/revisions\/62487"}],"wp:featuredmedia":[{"embeddable":true,"href":"https:\/\/haberulus.net\/index.php?rest_route=\/wp\/v2\/media\/62486"}],"wp:attachment":[{"href":"https:\/\/haberulus.net\/index.php?rest_route=%2Fwp%2Fv2%2Fmedia&parent=62485"}],"wp:term":[{"taxonomy":"category","embeddable":true,"href":"https:\/\/haberulus.net\/index.php?rest_route=%2Fwp%2Fv2%2Fcategories&post=62485"},{"taxonomy":"post_tag","embeddable":true,"href":"https:\/\/haberulus.net\/index.php?rest_route=%2Fwp%2Fv2%2Ftags&post=62485"}],"curies":[{"name":"wp","href":"https:\/\/api.w.org\/{rel}","templated":true}]}}