{"id":63313,"date":"2022-12-15T17:21:06","date_gmt":"2022-12-15T17:21:06","guid":{"rendered":"https:\/\/haberulus.net\/?p=63313"},"modified":"2022-12-15T17:21:06","modified_gmt":"2022-12-15T17:21:06","slug":"adana-demirspor-sampdoria-ile-yenisemedi","status":"publish","type":"post","link":"https:\/\/haberulus.net\/?p=63313","title":{"rendered":"Adana Demirspor, Sampdoria ile yeni\u015femedi"},"content":{"rendered":"<p>Spor Toto S\u00fcper Lig ekiplerinden Adana Demirspor, \u00f6zel ma\u00e7ta kar\u015f\u0131la\u015ft\u0131\u011f\u0131 \u0130talya Serie A tak\u0131m\u0131 Sampdoria ile 2-2 berabere kald\u0131<\/p>\n<p>2022 FIFA D\u00fcnya Kupas\u0131 nedeniyle liglere verilen arada Adana Demirspor ile Sampdoria Yeni Adana Stad\u0131\u2019nda kar\u015f\u0131 kar\u015f\u0131ya geldi.<\/p>\n<p>M\u00fcsabakay\u0131 Ali Y\u0131lmaz, Fatih Karata\u011f ve Niyazi Atakan Ataseven hakem \u00fc\u00e7l\u00fcs\u00fc y\u00f6netti.<\/p>\n<p>Mavi-lacivertli ekip m\u00fcsabakaya; Erta\u00e7 \u00d6zbir, Samet Akayd\u0131n, \u0130smail \u00c7ok\u00e7al\u0131\u015f, Semih G\u00fcler, Rodrigues, Ndiaye, Stambouli, Akintola, Berk Y\u0131ld\u0131z, Emre Akbaba, ve Onyekuru 11\u2019i ile \u00e7\u0131kt\u0131.<\/p>\n<p>Sampdoria ise Audero, Amione, Murillo, Colley, Leris, Vieira, Verre, Rincon, Augello, Gabbiadini, Caputo 11\u2019i ile m\u00fccadele verdi.<\/p>\n<p>Adana Demirspor teknik direkt\u00f6r\u00fc Vincenzo Montella, kar\u015f\u0131la\u015fma \u00f6ncesi Sampdoria teknik direkt\u00f6r\u00fc Dejan Stankovic\u2019e an\u0131 taba\u011f\u0131 hediye etti.<\/p>\n<p><img decoding=\"async\" src=\"https:\/\/i01.sozcucdn.com\/wp-content\/uploads\/2022\/12\/15\/resim1_21989048.jpg\" alt=\"\" title=\"\"><\/p>\n<p>Kar\u015f\u0131la\u015fman\u0131n 27. dakikas\u0131nda Berk Y\u0131ld\u0131z\u2019\u0131n gol\u00fcyle Adana Demirspor 1-0 \u00f6ne ge\u00e7ti. Golden sonra ataklar\u0131n\u0131 s\u0131kla\u015ft\u0131ran konuk ekip 33. dakikada Caputo\u2019nun ve 37. dakikada Murillo\u2019nun golleriyle devre aras\u0131na 2-1 \u00f6nde girdi.<\/p>\n<p>\u0130kinci yar\u0131n\u0131n ba\u015flang\u0131c\u0131nda ve devam\u0131nda iki tak\u0131mda bir\u00e7ok oyuncu de\u011fi\u015fikli\u011fi yapt\u0131. Kar\u015f\u0131la\u015fman\u0131n 90+4 dakikas\u0131nda G\u00f6khan \u0130nler\u2019in gol\u00fcyle Adana Demirspor beraberli\u011fi yakalad\u0131.<\/p>\n<p>Kar\u015f\u0131la\u015fmada ba\u015fka gol olmay\u0131nca m\u00fcsabaka 2-2 berabere sona erdi. (AA)<\/p>\n","protected":false},"excerpt":{"rendered":"<p>Haz\u0131rl\u0131k kar\u015f\u0131la\u015fmas\u0131nda Sampdoria ile kar\u015f\u0131la\u015fan Adana Demirspor, d\u00f6rt gol\u00fcn at\u0131ld\u0131\u011f\u0131 ma\u00e7ta sahadan beraberlikle ayr\u0131ld\u0131.<\/p>\n","protected":false},"author":1,"featured_media":63314,"comment_status":"closed","ping_status":"open","sticky":false,"template":"","format":"standard","meta":{"footnotes":""},"categories":[31],"tags":[2466,323],"class_list":["post-63313","post","type-post","status-publish","format-standard","has-post-thumbnail","hentry","category-spor","tag-adana-demirspor","tag-gol"],"_links":{"self":[{"href":"https:\/\/haberulus.net\/index.php?rest_route=\/wp\/v2\/posts\/63313","targetHints":{"allow":["GET"]}}],"collection":[{"href":"https:\/\/haberulus.net\/index.php?rest_route=\/wp\/v2\/posts"}],"about":[{"href":"https:\/\/haberulus.net\/index.php?rest_route=\/wp\/v2\/types\/post"}],"author":[{"embeddable":true,"href":"https:\/\/haberulus.net\/index.php?rest_route=\/wp\/v2\/users\/1"}],"replies":[{"embeddable":true,"href":"https:\/\/haberulus.net\/index.php?rest_route=%2Fwp%2Fv2%2Fcomments&post=63313"}],"version-history":[{"count":1,"href":"https:\/\/haberulus.net\/index.php?rest_route=\/wp\/v2\/posts\/63313\/revisions"}],"predecessor-version":[{"id":63315,"href":"https:\/\/haberulus.net\/index.php?rest_route=\/wp\/v2\/posts\/63313\/revisions\/63315"}],"wp:featuredmedia":[{"embeddable":true,"href":"https:\/\/haberulus.net\/index.php?rest_route=\/wp\/v2\/media\/63314"}],"wp:attachment":[{"href":"https:\/\/haberulus.net\/index.php?rest_route=%2Fwp%2Fv2%2Fmedia&parent=63313"}],"wp:term":[{"taxonomy":"category","embeddable":true,"href":"https:\/\/haberulus.net\/index.php?rest_route=%2Fwp%2Fv2%2Fcategories&post=63313"},{"taxonomy":"post_tag","embeddable":true,"href":"https:\/\/haberulus.net\/index.php?rest_route=%2Fwp%2Fv2%2Ftags&post=63313"}],"curies":[{"name":"wp","href":"https:\/\/api.w.org\/{rel}","templated":true}]}}