{"id":64689,"date":"2022-12-19T11:07:03","date_gmt":"2022-12-19T11:07:03","guid":{"rendered":"https:\/\/haberulus.net\/?p=64689"},"modified":"2022-12-19T11:07:03","modified_gmt":"2022-12-19T11:07:03","slug":"boluda-soguk-alginligi-nedeniyle-6-bin-ogrenci-okula-gidemedi","status":"publish","type":"post","link":"https:\/\/haberulus.net\/?p=64689","title":{"rendered":"Bolu\u2019da so\u011fuk alg\u0131nl\u0131\u011f\u0131 nedeniyle 6 bin \u00f6\u011frenci okula gidemedi"},"content":{"rendered":"<p>Kentte havalar\u0131n so\u011fumas\u0131yla so\u011fuk alg\u0131nl\u0131\u011f\u0131 vakalar\u0131 artarken, en \u00e7ok da \u00f6\u011frenciler etkilendi. Kent genelinde 6 bin \u00f6\u011frenci, ge\u00e7en hafta hastal\u0131k nedeniyle okula gitmedi.<\/p>\n<p><img decoding=\"async\" src=\"https:\/\/i01.sozcucdn.com\/wp-content\/uploads\/2022\/12\/19\/resim3_220146297_22014815.jpg\" alt=\"\" title=\"\"><\/p>\n<p>Okullar\u0131 tatil edecek vaka say\u0131s\u0131na ula\u015f\u0131lmad\u0131\u011f\u0131n\u0131 belirten Vali Erkan K\u0131l\u0131\u00e7, \u201cK\u0131\u015f sezonuna girdi\u011fimiz i\u00e7in hava de\u011fi\u015fimi var; havalar so\u011fuyor. Griple alakal\u0131 art\u0131\u015flar devaml\u0131 beklenen bir \u015fey. \u0130limizde de art\u0131\u015f var ama bu art\u0131\u015f da azal\u0131\u015fa d\u00f6nmeye ba\u015flad\u0131. \u00d6\u011frencilerden, velilerden s\u0131k s\u0131k bize okullar\u0131n tatil edilmesi noktas\u0131nda talepler geliyor. Bu noktada Sa\u011fl\u0131k M\u00fcd\u00fcrl\u00fc\u011f\u00fc ile Milli E\u011fitim M\u00fcd\u00fcrl\u00fc\u011f\u00fc ile de\u011ferlendirme yapt\u0131k. \u015eu a\u015famada okullar\u0131n tatil edilmesinin \u00e7ok uygun olmad\u0131\u011f\u0131n\u0131, \u00e7ok ciddi anlamda bir salg\u0131n\u0131n olmad\u0131\u011f\u0131n\u0131, bu konuda beraberce de\u011ferlendirme yapt\u0131k\u201d dedi.<\/p>\n<p><img decoding=\"async\" src=\"https:\/\/i01.sozcucdn.com\/wp-content\/uploads\/2022\/12\/19\/resim3_220146292_22014820.jpg\" alt=\"\" title=\"\"><\/p>\n<p><strong>\u2018TEDB\u0130R \u0130\u00c7\u0130N \u00c7OCUKLAR MASKE TAKAB\u0130L\u0130R\u2019<\/strong><\/p>\n<p>Vali K\u0131l\u0131\u00e7, baz\u0131 \u00f6\u011frencilerin de tedbir ama\u00e7l\u0131 okula g\u00f6nderilmedi\u011fini vurgulayarak, \u201cGriple alakal\u0131 biliyorsunuz; ge\u00e7i\u015fi i\u00e7in 1 hafta, 10 g\u00fcn tatil gerekir. Bu da uzun bir s\u00fcre. E\u011fitimi de \u00e7ok olumsuz etkileyecek bir durum. Bu d\u00f6nemlerde, bu tip hastal\u0131klar nedeniyle gelmeyen \u00f6\u011frenciler olur. Milli E\u011fitim Bakanl\u0131\u011f\u0131\u2019na ba\u011fl\u0131 okullarda bizde 47-48 bin \u00f6\u011frencimiz var. Burada da okula gelmeyen 6 bin civar\u0131nda bir \u00f6\u011frenci var. Baz\u0131lar\u0131n\u0131 veliler tedbir ama\u00e7l\u0131 g\u00f6ndermiyor, baz\u0131lar\u0131ysa grip olmu\u015f. Bunun da okullar\u0131n kapat\u0131lmas\u0131n\u0131, e\u011fitime ara vermeyi gerektirir bir rakam olmad\u0131\u011f\u0131n\u0131 d\u00fc\u015f\u00fcn\u00fcyoruz. \u015eu noktada daha \u00e7ok ciddi bir \u015fey yok. Bu d\u00f6nemlerde devaml\u0131 bu tip vakalar olur. E\u011fitime devam etmeyi d\u00fc\u015f\u00fcn\u00fcyoruz. Semptom g\u00f6steren ya da tedbir almak isteyen \u00e7ocuklar, maske takabilir\u201d diye konu\u015ftu.\u00a0(DHA)<\/p>\n","protected":false},"excerpt":{"rendered":"<p>Bolu Valisi Erkan K\u0131l\u0131\u00e7, so\u011fuk alg\u0131nl\u0131\u011f\u0131 nedeniyle ge\u00e7en hafta 6 bin \u00f6\u011frencinin okula gitmedi\u011fini belirterek, &#8220;E\u011fitime devam etmeyi d\u00fc\u015f\u00fcn\u00fcyoruz. Semptom g\u00f6steren ya da tedbir almak isteyen \u00e7ocuklar, maske takabilir&#8221; dedi.<\/p>\n","protected":false},"author":1,"featured_media":64690,"comment_status":"closed","ping_status":"open","sticky":false,"template":"","format":"standard","meta":{"footnotes":""},"categories":[26],"tags":[1831,2754],"class_list":["post-64689","post","type-post","status-publish","format-standard","has-post-thumbnail","hentry","category-gundem","tag-egitim","tag-ogrenci"],"_links":{"self":[{"href":"https:\/\/haberulus.net\/index.php?rest_route=\/wp\/v2\/posts\/64689","targetHints":{"allow":["GET"]}}],"collection":[{"href":"https:\/\/haberulus.net\/index.php?rest_route=\/wp\/v2\/posts"}],"about":[{"href":"https:\/\/haberulus.net\/index.php?rest_route=\/wp\/v2\/types\/post"}],"author":[{"embeddable":true,"href":"https:\/\/haberulus.net\/index.php?rest_route=\/wp\/v2\/users\/1"}],"replies":[{"embeddable":true,"href":"https:\/\/haberulus.net\/index.php?rest_route=%2Fwp%2Fv2%2Fcomments&post=64689"}],"version-history":[{"count":1,"href":"https:\/\/haberulus.net\/index.php?rest_route=\/wp\/v2\/posts\/64689\/revisions"}],"predecessor-version":[{"id":64691,"href":"https:\/\/haberulus.net\/index.php?rest_route=\/wp\/v2\/posts\/64689\/revisions\/64691"}],"wp:featuredmedia":[{"embeddable":true,"href":"https:\/\/haberulus.net\/index.php?rest_route=\/wp\/v2\/media\/64690"}],"wp:attachment":[{"href":"https:\/\/haberulus.net\/index.php?rest_route=%2Fwp%2Fv2%2Fmedia&parent=64689"}],"wp:term":[{"taxonomy":"category","embeddable":true,"href":"https:\/\/haberulus.net\/index.php?rest_route=%2Fwp%2Fv2%2Fcategories&post=64689"},{"taxonomy":"post_tag","embeddable":true,"href":"https:\/\/haberulus.net\/index.php?rest_route=%2Fwp%2Fv2%2Ftags&post=64689"}],"curies":[{"name":"wp","href":"https:\/\/api.w.org\/{rel}","templated":true}]}}