{"id":64786,"date":"2022-12-19T13:35:03","date_gmt":"2022-12-19T13:35:03","guid":{"rendered":"https:\/\/haberulus.net\/?p=64786"},"modified":"2022-12-19T13:35:03","modified_gmt":"2022-12-19T13:35:03","slug":"kilicdaroglu-imamogluna-ceza-verilen-geceyi-anlatti-sarachane-cagrisini-sosyal-medyadan-ogrendim","status":"publish","type":"post","link":"https:\/\/haberulus.net\/?p=64786","title":{"rendered":"K\u0131l\u0131\u00e7daro\u011flu, \u0130mamo\u011flu&#8217;na ceza verilen geceyi anlatt\u0131: Sara\u00e7hane \u00e7a\u011fr\u0131s\u0131n\u0131 sosyal medyadan \u00f6\u011frendim"},"content":{"rendered":"<p>Ankara&#8217;da gazetecilerle bir araya gelen CHP Genel Ba\u015fkan\u0131  <strong>Kemal K\u0131l\u0131\u00e7daro\u011flu<\/strong>, \u0130BB Ba\u015fkan\u0131 Ekrem \u0130mamo\u011flu&#8217;nun 2 y\u0131l 7 ay hapis cezas\u0131 almas\u0131n\u0131n ard\u0131ndan vatanda\u015flara Sara\u00e7hane&#8217;de toplanma \u00e7a\u011fr\u0131s\u0131 yapmas\u0131 hakk\u0131nda konu\u015ftu.<\/p>\n<p><b>&#8220;SARA\u00c7HANE \u00c7A\u011eRISINI SOSYAL MEDYADA \u00d6\u011eREND\u0130M&#8221;<\/b><\/p>\n<p>Bu \u00e7a\u011fr\u0131y\u0131 sosyal medyadan \u00f6\u011frendi\u011fini s\u00f6yleyen K\u0131l\u0131\u00e7daro\u011flu, &#8220;Say\u0131n \u0130mamo\u011flu bir \u00e7a\u011fr\u0131 yapm\u0131\u015ft\u0131. Almanya&#8217;da sosyal medyadan \u00f6\u011frendim bu \u00e7a\u011fr\u0131y\u0131. Bu nedenle Meral Han\u0131m da gidip kat\u0131ld\u0131, sayg\u0131 duymak laz\u0131m. Tepki g\u00f6stermesini do\u011fal kar\u015f\u0131lamak laz\u0131m. Zaten daha sonra biz de tepki g\u00f6sterdik. Bilgim yoktu. Sara\u00e7hane \u00e7a\u011fr\u0131s\u0131n\u0131 sosyal medyadan \u00f6\u011frendim. Ama iki kez arad\u0131m geli\u015fmeler konusunda bilgi ald\u0131m.&#8221; ifadelerini kulland\u0131.<\/p>\n<p><b>&#8220;AK\u015eENER VE \u0130MAMO\u011eLU&#8217;NUN FOTO\u011eRAFINI YADIRGAMADIM&#8221;<\/b><\/p>\n<p>Karar\u0131n\u0131n a\u00e7\u0131klanmas\u0131 \u00fczere \u0130Y\u0130 Parti lideri Ak\u015fener&#8217;in \u0130stanbul B\u00fcy\u00fck\u015fehir Belediyesi&#8217;ne gitmesi hakk\u0131nda konu\u015fan K\u0131l\u0131\u00e7daro\u011flu, &#8220;Meral Han\u0131m&#8217;\u0131n haks\u0131zl\u0131\u011fa hukuksuzlu\u011fa tepki g\u00f6stermesini do\u011fal kar\u015f\u0131lamam\u0131z laz\u0131m&#8221; dedi.<\/p>\n<p>Karar\u0131n a\u00e7\u0131klanmas\u0131n\u0131n ard\u0131ndan Ak\u015fener ile \u0130mamo\u011flu&#8217;nun sar\u0131lmas\u0131n\u0131 de\u011ferlendiren CHP lideri, &#8220;G\u00f6rd\u00fcm. Olabilir. \u00d6zel mekanlar da Meral abla diye hitap ederdi, yad\u0131rganacak bir foto\u011fraf de\u011fil&#8221; diye konu\u015ftu.<\/p>\n<p><b>&#8220;BA\u015eKANLARIMIZ G\u00d6REVLER\u0130NE DEVAM ED\u0130YORLAR&#8221;<\/b><\/p>\n<p>CHP lideri Kemal K\u0131l\u0131\u00e7daro\u011flu belediye ba\u015fkanlar\u0131n\u0131n Cumhurba\u015fkanl\u0131\u011f\u0131 adayl\u0131\u011f\u0131 konusunda ise &#8220;Belediye Ba\u015fkanlar\u0131m\u0131z g\u00f6revlerinin ba\u015f\u0131nda&#8221; ifadelerini kulland\u0131.<\/p>\n<p>MHP Genel Ba\u015fkan\u0131 Devlet Bah\u00e7eli&#8217;nin Sara\u00e7hane mitingi sonras\u0131 yapt\u0131\u011f\u0131 &#8220;kumpas&#8221; \u00e7\u0131k\u0131\u015f\u0131n\u0131 da de\u011ferlendiren K\u0131l\u0131\u00e7daro\u011flu, &#8220;Herkes kendi penceresine g\u00f6re yorumluyor. 16 milyon \u0130stanbullunun iradesine kumpas kuruldu. As\u0131l kumpas \u0130stanbul&#8217;un iradesine&#8221; dedi.<\/p>\n","protected":false},"excerpt":{"rendered":"<p>CHP Genel Ba\u015fkan\u0131 Kemal K\u0131l\u0131\u00e7daro\u011flu, \u0130BB Ba\u015fkan\u0131 Ekrem \u0130mamo\u011flu&#8217;na hapis cezas\u0131 verilen 14 Aral\u0131k g\u00fcn\u00fc hakk\u0131nda a\u00e7\u0131klamalarda bulundu. K\u0131l\u0131\u00e7daro\u011flu, \u0130BB Ba\u015fkan\u0131&#8217;n\u0131n Sara\u00e7hane \u00e7a\u011fr\u0131s\u0131n\u0131 sosyal medyadan \u00f6\u011frendi\u011fini dile getirdi.<\/p>\n","protected":false},"author":1,"featured_media":64787,"comment_status":"closed","ping_status":"open","sticky":false,"template":"","format":"standard","meta":{"footnotes":""},"categories":[28],"tags":[1514,1496],"class_list":["post-64786","post","type-post","status-publish","format-standard","has-post-thumbnail","hentry","category-politika","tag-cagri","tag-kilicdaroglu"],"_links":{"self":[{"href":"https:\/\/haberulus.net\/index.php?rest_route=\/wp\/v2\/posts\/64786","targetHints":{"allow":["GET"]}}],"collection":[{"href":"https:\/\/haberulus.net\/index.php?rest_route=\/wp\/v2\/posts"}],"about":[{"href":"https:\/\/haberulus.net\/index.php?rest_route=\/wp\/v2\/types\/post"}],"author":[{"embeddable":true,"href":"https:\/\/haberulus.net\/index.php?rest_route=\/wp\/v2\/users\/1"}],"replies":[{"embeddable":true,"href":"https:\/\/haberulus.net\/index.php?rest_route=%2Fwp%2Fv2%2Fcomments&post=64786"}],"version-history":[{"count":1,"href":"https:\/\/haberulus.net\/index.php?rest_route=\/wp\/v2\/posts\/64786\/revisions"}],"predecessor-version":[{"id":64788,"href":"https:\/\/haberulus.net\/index.php?rest_route=\/wp\/v2\/posts\/64786\/revisions\/64788"}],"wp:featuredmedia":[{"embeddable":true,"href":"https:\/\/haberulus.net\/index.php?rest_route=\/wp\/v2\/media\/64787"}],"wp:attachment":[{"href":"https:\/\/haberulus.net\/index.php?rest_route=%2Fwp%2Fv2%2Fmedia&parent=64786"}],"wp:term":[{"taxonomy":"category","embeddable":true,"href":"https:\/\/haberulus.net\/index.php?rest_route=%2Fwp%2Fv2%2Fcategories&post=64786"},{"taxonomy":"post_tag","embeddable":true,"href":"https:\/\/haberulus.net\/index.php?rest_route=%2Fwp%2Fv2%2Ftags&post=64786"}],"curies":[{"name":"wp","href":"https:\/\/api.w.org\/{rel}","templated":true}]}}