{"id":64886,"date":"2022-12-19T18:07:03","date_gmt":"2022-12-19T18:07:03","guid":{"rendered":"https:\/\/haberulus.net\/?p=64886"},"modified":"2022-12-19T18:07:03","modified_gmt":"2022-12-19T18:07:03","slug":"cinde-korkulan-oldu-olumler-yeniden-basladi","status":"publish","type":"post","link":"https:\/\/haberulus.net\/?p=64886","title":{"rendered":"\u00c7in\u2019de korkulan oldu, \u00f6l\u00fcmler yeniden ba\u015flad\u0131"},"content":{"rendered":"<p>Ulusal Sa\u011fl\u0131k Komisyonu verilerine g\u00f6re, \u00fclkede son 24 saatte 77\u2019si yurt d\u0131\u015f\u0131 kaynakl\u0131 1995 vaka tespit edilirken vir\u00fcs nedeniyle 2 ki\u015fi hayat\u0131n\u0131 kaybetti.<\/p>\n<p>Ba\u015fkent Pekin\u2019de g\u00f6r\u00fclen can kay\u0131plar\u0131, \u00c7in\u2019in 7 Aral\u0131k\u2019ta Covid-19 tedbirlerini gev\u015fetmeye y\u00f6nelik yeni yakla\u015f\u0131m benimsemesinin ard\u0131ndan kay\u0131tlara ge\u00e7en vir\u00fcse ba\u011fl\u0131 ilk \u00f6l\u00fcm vakalar\u0131 oldu.<\/p>\n<p><strong> 4 ARALIKTA G\u00d6R\u00dcLM\u00dc\u015eT\u00dc<\/strong><\/p>\n<p>\u00c7in\u2019de en son 4 Aral\u0131k\u2019ta Covid-19 kaynakl\u0131 iki can kayb\u0131 bildirilmi\u015fti. Uzmanlar tedbirlerin gev\u015fetilmesiyle birlikte vir\u00fcs\u00fcn daha fazla yay\u0131lmas\u0131na ra\u011fmen vaka ve can kayb\u0131 rakamlar\u0131nda belirgin art\u0131\u015f g\u00f6zlenmemesinde, yeni yakla\u015f\u0131mda test zorunlulu\u011funun kald\u0131r\u0131lmas\u0131yla test oranlar\u0131n\u0131n azalmas\u0131n\u0131n etkili olabilece\u011fine i\u015faret ediyor.<\/p>\n<p>Vir\u00fcs\u00fcn do\u011frudan veya dolayl\u0131 etkisinin oldu\u011fu baz\u0131 \u00f6l\u00fcmlerin test yap\u0131lmad\u0131\u011f\u0131 i\u00e7in kay\u0131tlara ge\u00e7medi\u011fi tahmin ediliyor.<\/p>\n<p>Pekin\u2019de hastaneler, morglar ve krematoryumlarda yo\u011funlu\u011fun artt\u0131\u011f\u0131 g\u00f6zlenirken, hayat\u0131n\u0131 kaybedenlerin yak\u0131nlar\u0131, ulusal ve uluslararas\u0131 bas\u0131na verdi\u011fi deme\u00e7lerde mevtalar\u0131n son anlar\u0131nda solunum zorlu\u011fu gibi baz\u0131 Kovid-19 semptomlar\u0131n\u0131n g\u00f6r\u00fcld\u00fc\u011f\u00fcn\u00fc bildiriyor.<\/p>\n<p><strong>COV\u0130D-19 B\u0130R\u0130NC\u0130L \u00d6L\u00dcM NEDEN\u0130 DE\u011e\u0130LSE KAYDA GE\u00c7\u0130R\u0130LM\u0130YOR<\/strong><\/p>\n<p>Devlet Konseyine ba\u011fl\u0131 M\u00fc\u015fterek Salg\u0131n Koruma ve Kontrol Mekanizmas\u0131, \u00f6l\u00fcm nedenlerinin tespitinde uygulanacak yeni standartlara dair hastanelere g\u00f6nderdi\u011fi talimatta, kronik rahats\u0131zl\u0131klar\u0131n ve di\u011fer komplikasyonlar\u0131n birincil \u00f6l\u00fcm sebebi oldu\u011fu vakalarda, hastan\u0131n Covid-19 testi pozitif olsa dahi \u201cvir\u00fcse ba\u011fl\u0131 \u00f6l\u00fcm\u201d olarak kayda ge\u00e7irilmeyece\u011fini bildirdi.<\/p>\n<p>Talimatta, birincil \u00f6l\u00fcm sebebinin Covid-19 say\u0131lmas\u0131 i\u00e7in, hastan\u0131n solunum zorlu\u011fu ya\u015fad\u0131\u011f\u0131n\u0131n kan\u0131t\u0131 olarak, atardamar oksijen doygunluk de\u011ferinin y\u00fczde 93\u2019ten az \u00f6l\u00e7\u00fclmesi gerekti\u011fi belirtildi.<\/p>\n<p>Yeni standartlar nedeniyle ge\u00e7en hafta bakteriyel akci\u011fer enfeksiyonundan hayat\u0131n\u0131 kaybeden 74 ya\u015f\u0131nda bir hasta ile kalp krizinden \u00f6len bir \u00fcniversite \u00f6\u011frencisi, Covid-19 testleri pozitif oldu\u011fu halede, \u201cvir\u00fcse ba\u011fl\u0131 \u00f6l\u00fcm\u201d olarak kayda ge\u00e7irilmedi.<\/p>\n<p>Ekonomi ve finans dergisi Caixin, 8 Aral\u0131k\u2019ta iki eski devlet medyas\u0131 \u00e7al\u0131\u015fan\u0131n\u0131n vefat\u0131na ili\u015fkin haberinde, emekli gazetecilerin Kovid-19\u2019dan hayat\u0131n\u0131 kaybetti\u011fini bildirmi\u015f fakat \u00f6l\u00fcmler ertesi g\u00fcn resmi kay\u0131tlara yans\u0131mam\u0131\u015ft\u0131.<\/p>\n<p>Sincan Uygur \u00d6zerk B\u00f6lgesi\u2019nde de 2 Aral\u0131k\u2019ta karantina merkezinde bir ki\u015finin hayat\u0131n\u0131 kaybetti\u011fi bildirilmi\u015f fakat Covid-19\u2019a ba\u011fl\u0131 \u00f6l\u00fcm olarak kayda ge\u00e7memi\u015fti.<\/p>\n<p>M\u00fc\u015fterek Salg\u0131n Koruma ve Kontrol Mekanizmas\u0131, 7 Aral\u0131k\u2019ta Covid-19 tedbirlerinin uygulanmas\u0131nda yeni yakla\u015f\u0131m\u0131 duyurmu\u015f; geni\u015f \u00e7apl\u0131 kapanma, merkezi karantina, toplu testler ve seyahat k\u0131s\u0131tlamalar\u0131n\u0131n terk edilmesi gerekti\u011fini bildirmi\u015fti.<\/p>\n<p>Covid-19 vakalar\u0131n\u0131n kayd\u0131n\u0131 tutan Ulusal Sa\u011fl\u0131k Komisyonu, 14 Aral\u0131k\u2019ta, test zorunlulu\u011fun kald\u0131r\u0131lmas\u0131n\u0131n ard\u0131ndan hastal\u0131k belirtisi g\u00f6stermeyen vakalar\u0131n tespiti zorla\u015ft\u0131\u011f\u0131 i\u00e7in, art\u0131k bu t\u00fcrden vakalara resmi istatistiklerde yer verilmeyece\u011fini bildirmi\u015fti. Komisyon, yaln\u0131zca \u201cdo\u011frulanm\u0131\u015f\u201d vaka, hasta, \u00f6l\u00fcm ve iyile\u015fen say\u0131lar\u0131n\u0131 g\u00fcnl\u00fck olarak duyuraca\u011f\u0131n\u0131 ifade etmi\u015fti. (AA)<\/p>\n","protected":false},"excerpt":{"rendered":"<p>\u00c7in&#8217;de Covid-19 tedbirlerinin gev\u015fetilmesinin ard\u0131ndan resmi rakamlarda vir\u00fcse ba\u011fl\u0131 ilk can kay\u0131plar\u0131 bildirildi.<\/p>\n","protected":false},"author":1,"featured_media":64887,"comment_status":"closed","ping_status":"open","sticky":false,"template":"","format":"standard","meta":{"footnotes":""},"categories":[30],"tags":[1540,159,536,985,175],"class_list":["post-64886","post","type-post","status-publish","format-standard","has-post-thumbnail","hentry","category-saglik","tag-covid-19","tag-hasta","tag-olum","tag-test","tag-vaka"],"_links":{"self":[{"href":"https:\/\/haberulus.net\/index.php?rest_route=\/wp\/v2\/posts\/64886","targetHints":{"allow":["GET"]}}],"collection":[{"href":"https:\/\/haberulus.net\/index.php?rest_route=\/wp\/v2\/posts"}],"about":[{"href":"https:\/\/haberulus.net\/index.php?rest_route=\/wp\/v2\/types\/post"}],"author":[{"embeddable":true,"href":"https:\/\/haberulus.net\/index.php?rest_route=\/wp\/v2\/users\/1"}],"replies":[{"embeddable":true,"href":"https:\/\/haberulus.net\/index.php?rest_route=%2Fwp%2Fv2%2Fcomments&post=64886"}],"version-history":[{"count":1,"href":"https:\/\/haberulus.net\/index.php?rest_route=\/wp\/v2\/posts\/64886\/revisions"}],"predecessor-version":[{"id":64888,"href":"https:\/\/haberulus.net\/index.php?rest_route=\/wp\/v2\/posts\/64886\/revisions\/64888"}],"wp:featuredmedia":[{"embeddable":true,"href":"https:\/\/haberulus.net\/index.php?rest_route=\/wp\/v2\/media\/64887"}],"wp:attachment":[{"href":"https:\/\/haberulus.net\/index.php?rest_route=%2Fwp%2Fv2%2Fmedia&parent=64886"}],"wp:term":[{"taxonomy":"category","embeddable":true,"href":"https:\/\/haberulus.net\/index.php?rest_route=%2Fwp%2Fv2%2Fcategories&post=64886"},{"taxonomy":"post_tag","embeddable":true,"href":"https:\/\/haberulus.net\/index.php?rest_route=%2Fwp%2Fv2%2Ftags&post=64886"}],"curies":[{"name":"wp","href":"https:\/\/api.w.org\/{rel}","templated":true}]}}