{"id":66157,"date":"2022-12-23T07:21:05","date_gmt":"2022-12-23T07:21:05","guid":{"rendered":"https:\/\/haberulus.net\/?p=66157"},"modified":"2022-12-23T07:21:05","modified_gmt":"2022-12-23T07:21:05","slug":"yusufelide-su-seviyesi-yukseliyor-anilarimiz-suya-gomuluyor","status":"publish","type":"post","link":"https:\/\/haberulus.net\/?p=66157","title":{"rendered":"Yusufeli\u2019de su seviyesi y\u00fckseliyor! \u2018An\u0131lar\u0131m\u0131z suya g\u00f6m\u00fcl\u00fcyor\u2019"},"content":{"rendered":"<p>\u00c7oruh\u2019un \u00fczerine projelendirilip temeli 26 \u015eubat 2013\u2019te at\u0131lan Yusufeli Baraj\u0131 ile hidroelektrik santrali (HES) in\u015fas\u0131 tamamland\u0131. 2,3 milyar metrek\u00fcp su depolama hacmine sahip baraj, 29 May\u0131s 2023\u2019te elektrik \u00fcretimine ge\u00e7ecek. Baraj, 2,5 milyon n\u00fcfuslu Antalya gibi bir \u015fehrin enerji ihtiyac\u0131n\u0131n yan\u0131nda yerli ve milli otomobil Togg\u2019un 750 bin adedinin elektri\u011fini de \u00fcretebilecek.<\/p>\n<p><img decoding=\"async\" src=\"https:\/\/i01.sozcucdn.com\/wp-content\/uploads\/2022\/12\/23\/dha4.1_22034746.jpg\" alt=\"\" title=\"\"><\/p>\n<p><strong>SU SEV\u0130YES\u0130 51 METREYE \u00c7IKTI<\/strong><\/p>\n<p>Cumhurba\u015fkan\u0131 Erdo\u011fan\u2019\u0131n kat\u0131l\u0131m\u0131yla 22 Kas\u0131m\u2019da d\u00fczenlenen t\u00f6renle su tutmaya ba\u015flayan Yusufeli Baraj\u0131\u2019nda \u015fu ana kadar 20 milyon metrek\u00fcp su depoland\u0131. 51 metreye ula\u015fan su seviyesi ile Irmakyan\u0131 k\u00f6y\u00fcndeki yol, k\u00f6pr\u00fc ve arazilerin ard\u0131ndan di\u011fer yap\u0131lar da su alt\u0131nda kald\u0131. Suya g\u00f6m\u00fclen b\u00f6lgeyi g\u00f6rmeye gidenler ise duygusal anlar ya\u015f\u0131yor.<\/p>\n<p><img decoding=\"async\" src=\"https:\/\/i01.sozcucdn.com\/wp-content\/uploads\/2022\/12\/23\/dha1.1_22034750.jpg\" alt=\"\" title=\"\"><\/p>\n<p>Evi su alt\u0131nda kalan \u0130smail Yi\u011fit, \u201cBuras\u0131 bizim s\u00fcrekli kulland\u0131\u011f\u0131m\u0131z bir g\u00fczergah. Buradan hep ge\u00e7iyorduk, \u00e7ok an\u0131lar\u0131m\u0131z var. Buras\u0131 sular alt\u0131nda kald\u0131. G\u00fcn ge\u00e7tik\u00e7e sular y\u00fckseliyor. H\u00fczn\u00fcm\u00fcz var tabii. An\u0131lar\u0131m\u0131z suya g\u00f6m\u00fcl\u00fcyor. Ama yapacak bir \u015fey yok\u201d diye konu\u015ftu.<\/p>\n<p>Emre Ay ise \u201cIrmakyan\u0131 k\u00f6y\u00fcnde oturmuyoruz fakat k\u00f6y\u00fcm\u00fcz buraya yak\u0131n. Genelde buradaki yolu kullan\u0131p k\u00f6y\u00fcm\u00fcze gidiyorduk. \u015eimdi yol sular alt\u0131nda kald\u0131. Eski yolumuz buras\u0131. Seviyoruz buray\u0131, bu yollarda \u00e7ok an\u0131lar\u0131m\u0131z var. Sular y\u00fckseldik\u00e7e an\u0131lar da kayboluyor gibi. Son kez gelip, foto\u011fraf \u00e7ektirmek istedik\u201d dedi.<\/p>\n<p><img decoding=\"async\" src=\"https:\/\/i01.sozcucdn.com\/wp-content\/uploads\/2022\/12\/23\/dha8.1_22034736.jpg\" alt=\"\" title=\"\"><\/p>\n<p><strong>YEN\u0130 YUSUFEL\u0130 KURULUYOR<\/strong><\/p>\n<p>Baraj sular\u0131 alt\u0131nda kalacak Yusufeli il\u00e7esi, Yans\u0131t\u0131c\u0131lar mevkiinde yeniden kuruluyor. 24 milyon metrek\u00fcp kaz\u0131 ve 10 milyon metrek\u00fcp dolgu ile olu\u015fturulan 153 hektar alanda yeni yerle\u015fim alanlar\u0131 in\u015fa edildi. 3 b\u00f6lgede 10 etap halindeki \u00e7al\u0131\u015fmalarda h\u00fck\u00fcmet kona\u011f\u0131, emniyet, jandarma, adliye, ilkokul ve ortaokul, lise, m\u00fcft\u00fcl\u00fck, \u00f6\u011fretmenevi gibi kamu binalar\u0131 yap\u0131ld\u0131. 3 bin 205 konutun yan\u0131 s\u0131ra da\u011flar\u0131n eteklerinde olu\u015fturulan yeni yerle\u015fim birimlerinde ise y\u00f6resel mimaride 2\u2019\u015fer katl\u0131 modern evler y\u00fckseldi. Toplamda 34 milyar TL\u2019yi bulan yat\u0131r\u0131m kapsam\u0131nda 69,2 kilometresi t\u00fcnel olmak \u00fczere k\u00f6pr\u00fc ve viyad\u00fcklerden olu\u015fan 110 kilometrelik de yeni yol a\u011f\u0131 olu\u015fturuldu. Yusufeli il\u00e7e merkezinde ya\u015fayanlar\u0131n y\u00fczde 80\u2019inin yeni yerle\u015fim alan\u0131na yerle\u015fti\u011fi bildirildi. (DHA)<\/p>\n","protected":false},"excerpt":{"rendered":"<p>Artvin&#8217;de \u00c7oruh Nehri \u00fczerine in\u015fa edilip su seviyesi 51 metreye ula\u015fan Yusufeli Baraj\u0131 nedeniyle il\u00e7ede yol, k\u00f6pr\u00fc ve arazilerin yan\u0131 s\u0131ra an\u0131lar da suya g\u00f6m\u00fcl\u00fcyor. Irmakyan\u0131 k\u00f6y\u00fcndeki eski evi su alt\u0131nda kalan \u0130smail Yi\u011fit, &#8220;G\u00fcn ge\u00e7tik\u00e7e sular y\u00fckseliyor. H\u00fczn\u00fcm\u00fcz var tabii. An\u0131lar\u0131m\u0131z suya g\u00f6m\u00fcl\u00fcyor&#8221; dedi.<\/p>\n","protected":false},"author":1,"featured_media":66158,"comment_status":"closed","ping_status":"open","sticky":false,"template":"","format":"standard","meta":{"footnotes":""},"categories":[33],"tags":[4580,3086,91,303,10110],"class_list":["post-66157","post","type-post","status-publish","format-standard","has-post-thumbnail","hentry","category-yasam","tag-altinda","tag-baraj","tag-sular","tag-yol","tag-yusufeli"],"_links":{"self":[{"href":"https:\/\/haberulus.net\/index.php?rest_route=\/wp\/v2\/posts\/66157","targetHints":{"allow":["GET"]}}],"collection":[{"href":"https:\/\/haberulus.net\/index.php?rest_route=\/wp\/v2\/posts"}],"about":[{"href":"https:\/\/haberulus.net\/index.php?rest_route=\/wp\/v2\/types\/post"}],"author":[{"embeddable":true,"href":"https:\/\/haberulus.net\/index.php?rest_route=\/wp\/v2\/users\/1"}],"replies":[{"embeddable":true,"href":"https:\/\/haberulus.net\/index.php?rest_route=%2Fwp%2Fv2%2Fcomments&post=66157"}],"version-history":[{"count":1,"href":"https:\/\/haberulus.net\/index.php?rest_route=\/wp\/v2\/posts\/66157\/revisions"}],"predecessor-version":[{"id":66159,"href":"https:\/\/haberulus.net\/index.php?rest_route=\/wp\/v2\/posts\/66157\/revisions\/66159"}],"wp:featuredmedia":[{"embeddable":true,"href":"https:\/\/haberulus.net\/index.php?rest_route=\/wp\/v2\/media\/66158"}],"wp:attachment":[{"href":"https:\/\/haberulus.net\/index.php?rest_route=%2Fwp%2Fv2%2Fmedia&parent=66157"}],"wp:term":[{"taxonomy":"category","embeddable":true,"href":"https:\/\/haberulus.net\/index.php?rest_route=%2Fwp%2Fv2%2Fcategories&post=66157"},{"taxonomy":"post_tag","embeddable":true,"href":"https:\/\/haberulus.net\/index.php?rest_route=%2Fwp%2Fv2%2Ftags&post=66157"}],"curies":[{"name":"wp","href":"https:\/\/api.w.org\/{rel}","templated":true}]}}