{"id":66547,"date":"2022-12-24T12:51:03","date_gmt":"2022-12-24T12:51:03","guid":{"rendered":"https:\/\/haberulus.net\/?p=66547"},"modified":"2022-12-24T12:51:03","modified_gmt":"2022-12-24T12:51:03","slug":"bahceliden-sarachane-cikisi-baba-ile-ogul-cekismeli-ogul-ile-abla-kumpasci","status":"publish","type":"post","link":"https:\/\/haberulus.net\/?p=66547","title":{"rendered":"Bah\u00e7eli\u2019den \u2018Sara\u00e7hane\u2019 \u00e7\u0131k\u0131\u015f\u0131: Baba ile o\u011ful \u00e7eki\u015fmeli, o\u011ful ile abla kumpas\u00e7\u0131"},"content":{"rendered":"<p>MHP Genel Ba\u015fkan\u0131 Devlet Bah\u00e7eli, 18. D\u00f6nem Siyaset ve Liderlik Okulu Sertifika t\u00f6reninde a\u00e7\u0131klamalarda bulundu.<\/p>\n<p>Bah\u00e7eli, \u201cSara\u00e7hane&#8217;de rol kapma derdine d\u00fc\u015ft\u00fcler.Baba ile o\u011ful aras\u0131ndaki gel-gitli s\u00fcrece m\u00fcdahil olan ablalar\u0131n da \u2018Biz de var\u0131z&#8217; \u00e7\u0131k\u0131\u015f\u0131 \u0130stanbul B\u00fcy\u00fck\u015fehir Belediyesi&#8217;ndeki 2 partinin kazand\u0131\u011f\u0131 \u00e7at\u0131k ka\u015flarla hat\u0131rlan\u0131p ikilik \u00e7\u0131karmas\u0131 malum oldu\u011funuz bir menfaat \u00e7at\u0131\u015fmas\u0131d\u0131r\u201d dedi. Bah\u00e7eli&#8217;nin a\u00e7\u0131klamalar\u0131ndan sat\u0131r ba\u015flar\u0131 \u015f\u00f6yle:<\/p>\n<p><strong>2023&#8217;E HEYECANLA BAKIYORUZ<\/strong><\/p>\n<p>*2023\u2019e \u00fcmitle bak\u0131yoruz. T\u00fcrkiye y\u00fczy\u0131l\u0131 diyoruz d\u00fcnyada m\u0131ym\u0131nt\u0131 bir gezgin gibi de\u011fil bir fatih gibi duru\u015f ve devinim g\u00f6stermek i\u00e7in cumhurba\u015fkanl\u0131\u011f\u0131 h\u00fck\u00fcmet sisteminin devam\u0131ndan yanay\u0131z. Alt\u0131l\u0131 masa ger\u00e7eklerden pe\u015fi s\u0131ra ka\u00e7makta, ortal\u0131\u011f\u0131 da velveleyle, kuru hamasetle, kur\u015fun gibi husumetle kar\u0131\u015ft\u0131rmaktad\u0131r. Cumhurba\u015fkanl\u0131\u011f\u0131 H\u00fck\u00fcmet Sistemi bu bilincin \u00fcr\u00fcn\u00fcd\u00fcr. Cumhur \u0130ttifak\u0131 bu bilin\u00e7le tecelli etmi\u015ftir.<\/p>\n<p><strong>SARA\u00c7HANE TEPK\u0130S\u0130<\/strong><\/p>\n<p>*Sara\u00e7hane&#8217;de rol kapma derdine d\u00fc\u015fenlerin bu yeni y\u00fczy\u0131l\u0131 b\u0131rak\u0131n\u0131z anlamas\u0131n\u0131, varl\u0131klar\u0131n\u0131 ibra etmeleri ve iddiayla s\u00fcrd\u00fcrmeleri bile akla ziyan bir haldir.<\/p>\n<p>*Babayla o\u011ful aras\u0131ndaki gelgitli s\u00fcrece m\u00fcdahil olan ablalar\u0131n biz de var\u0131z \u00e7\u0131k\u0131\u015f\u0131, \u0130stanbul B\u00fcy\u00fck\u015fehir Belediyesi&#8217;ni iki partinin kazand\u0131\u011f\u0131n\u0131 \u00e7at\u0131k ka\u015flarla hat\u0131rlat\u0131p ikilik \u00e7\u0131karmas\u0131 malumu oldu\u011fumuz bir menfaat \u00e7at\u0131\u015fmas\u0131d\u0131r.<\/p>\n<p>*Hayatlar\u0131 basit hesaplarla ge\u00e7enlerin hasbi olmas\u0131, bal\u0131\u011f\u0131n kanat takarak u\u00e7mas\u0131n\u0131 d\u00fc\u015f\u00fcnmek kadar deli sa\u00e7mas\u0131d\u0131r. Kar\u015f\u0131m\u0131zdaki siyaset tablosunda bir aile dram\u0131 ya\u015fanmaktad\u0131r.<\/p>\n<p>*Baba ile o\u011ful \u00e7eki\u015fmeli, babayla abla ihtilafl\u0131, o\u011ful ile abla kumpas\u00e7\u0131, di\u011ferleri de kendi siperlerinde seyircidir.<\/p>\n<p>*Biz bu olan bitenlere zillet demeyelim de ne diyelim? Veli nimeti olan ittifak orta\u011f\u0131na \u2018\u00e7arpar\u0131m&#8217; diye tehditler savuranlar\u0131n nesine itibar edelim?<\/p>\n<p>*Siyaseti miras payla\u015f\u0131m\u0131na ve tarla kavgas\u0131na d\u00f6n\u00fc\u015ft\u00fcren ak\u0131ls\u0131z talanc\u0131lar\u0131n neyine bakal\u0131m, neresiyle alakadar olal\u0131m?<\/p>\n<p><strong>VUDU \u00d6RNE\u011e\u0130<\/strong><\/p>\n<p>*Karaip Adalar\u0131&#8217;nda Vudu inanc\u0131na mensup muhalif gruplar, birbirlerinin \u00fcst\u00fcn\u00fc ba\u015f\u0131n\u0131 kirletirlermi\u015f. Kar\u015f\u0131dakinin y\u00fcz\u00fc ne kadar kirletilirse, kirleten o kadar \u00e7ok itibar g\u00f6rece\u011fine inan\u0131rm\u0131\u015f. \u0130\u015fte zillet ittifak\u0131n\u0131n durumu tam\u0131 tamam\u0131na budur.<\/p>\n<p>*T\u00fcrkiye&#8217;ye \u00e7amur atmakla kalm\u0131yorlar, birbirlerini de \u00e7amura bat\u0131r\u0131yorlar. Bu y\u00fczden Cumhurba\u015fkan\u0131 aday\u0131 bile bulam\u0131yorlar, bir aday \u00fczerinde uzla\u015fam\u0131yorlar.<\/p>\n","protected":false},"excerpt":{"rendered":"<p>MHP Genel Ba\u015fkan\u0131 Bah\u00e7eli, muhalefetin \u0130stanbul Sara\u00e7hane bulu\u015fmas\u0131na ili\u015fkin \u201cKar\u015f\u0131m\u0131zdaki siyaset tablosunda bir aile dram\u0131 ya\u015fanmaktad\u0131r. Baba ile o\u011ful \u00e7eki\u015fmeli, babayla abla ihtilafl\u0131, o\u011ful ile abla kumpas\u00e7\u0131, di\u011ferleri de kendi siperlerinde seyirci&#8221; dedi.<\/p>\n","protected":false},"author":1,"featured_media":66548,"comment_status":"closed","ping_status":"open","sticky":false,"template":"","format":"standard","meta":{"footnotes":""},"categories":[26],"tags":[],"class_list":["post-66547","post","type-post","status-publish","format-standard","has-post-thumbnail","hentry","category-gundem"],"_links":{"self":[{"href":"https:\/\/haberulus.net\/index.php?rest_route=\/wp\/v2\/posts\/66547","targetHints":{"allow":["GET"]}}],"collection":[{"href":"https:\/\/haberulus.net\/index.php?rest_route=\/wp\/v2\/posts"}],"about":[{"href":"https:\/\/haberulus.net\/index.php?rest_route=\/wp\/v2\/types\/post"}],"author":[{"embeddable":true,"href":"https:\/\/haberulus.net\/index.php?rest_route=\/wp\/v2\/users\/1"}],"replies":[{"embeddable":true,"href":"https:\/\/haberulus.net\/index.php?rest_route=%2Fwp%2Fv2%2Fcomments&post=66547"}],"version-history":[{"count":1,"href":"https:\/\/haberulus.net\/index.php?rest_route=\/wp\/v2\/posts\/66547\/revisions"}],"predecessor-version":[{"id":66549,"href":"https:\/\/haberulus.net\/index.php?rest_route=\/wp\/v2\/posts\/66547\/revisions\/66549"}],"wp:featuredmedia":[{"embeddable":true,"href":"https:\/\/haberulus.net\/index.php?rest_route=\/wp\/v2\/media\/66548"}],"wp:attachment":[{"href":"https:\/\/haberulus.net\/index.php?rest_route=%2Fwp%2Fv2%2Fmedia&parent=66547"}],"wp:term":[{"taxonomy":"category","embeddable":true,"href":"https:\/\/haberulus.net\/index.php?rest_route=%2Fwp%2Fv2%2Fcategories&post=66547"},{"taxonomy":"post_tag","embeddable":true,"href":"https:\/\/haberulus.net\/index.php?rest_route=%2Fwp%2Fv2%2Ftags&post=66547"}],"curies":[{"name":"wp","href":"https:\/\/api.w.org\/{rel}","templated":true}]}}