{"id":66634,"date":"2022-12-25T02:51:06","date_gmt":"2022-12-25T02:51:06","guid":{"rendered":"https:\/\/haberulus.net\/?p=66634"},"modified":"2022-12-25T02:51:06","modified_gmt":"2022-12-25T02:51:06","slug":"dunya-enflasyonla-savasiyor-turkiye-izliyor","status":"publish","type":"post","link":"https:\/\/haberulus.net\/?p=66634","title":{"rendered":"D\u00fcnya enflasyonla sava\u015f\u0131yor, T\u00fcrkiye izliyor"},"content":{"rendered":"<p><strong>K\u00fcresel <\/strong>ekonominin \u201cba\u015f a\u011fr\u0131s\u0131\u201d olmay\u0131 s\u00fcrd\u00fcren y\u00fcksek enflasyon kar\u015f\u0131s\u0131nda h\u00fck\u00fcmetler, vatanda\u015flar\u0131n artan g\u0131da ve enerji fiyatlar\u0131yla ba\u015fa \u00e7\u0131kmas\u0131 ve di\u011fer maliyetleri kar\u015f\u0131lamas\u0131 i\u00e7in yeni \u00f6nlemler almaya devam ediyor. D\u00fcnya genelinde bir\u00e7ok \u00fclkede enflasyon \u00e7ift haneli say\u0131lara ula\u015f\u0131rken, \u00fclkelerin y\u00fcksek enflasyonla m\u00fccadelesi, s\u0131k\u0131la\u015fan para politikalar\u0131yla birlikte resesyon endi\u015felerini de beraberinde getiriyor. T\u00fcrkiye y\u00fczde 84.39&#8217;luk enflasyon ile hem enflasyonun en y\u00fcksek oldu\u011fu \u00fclkeler aras\u0131nda yer al\u0131rken hem de uygulad\u0131\u011f\u0131 para politikas\u0131 ile adeta hiper enflasyona davetiye \u00e7\u0131kar\u0131yor. T\u00fcrkiye enflasyonda Avrupa \u00fclkeleri aras\u0131nda birinci, d\u00fcnya da ise 7&#8217;nci s\u0131rada yer al\u0131yor. H\u00fck\u00fcmetler enflasyonun vatanda\u015flar \u00fczerindeki etkisini azaltmaya y\u00f6nelik bir dizi \u00f6nlemi hayata ge\u00e7irirken T\u00fcrkiye ise vatanda\u015f\u0131 y\u00fcksek enflasyonla kaderine terk ediyor. Bu kapsamda ABD, 433 milyar dolarl\u0131k \u201cEnflasyonu D\u00fc\u015f\u00fcrme Yasas\u0131\u201dn\u0131 y\u00fcr\u00fcrl\u00fc\u011fe al\u0131rken \u0130talya, 21 milyar Euro harcama yapmay\u0131 planl\u0131yor.<\/p>\n<p><strong>F\u0130YAT SAB\u0130TLED\u0130LER<\/strong><\/p>\n<p>Arjantin de 1.500 \u00fcr\u00fcn\u00fcn fiyat\u0131n\u0131n sabitlenmesi i\u00e7in marketler ve t\u00fcketim mallar\u0131 tedarik\u00e7ileriyle anla\u015fma yapt\u0131. T\u00fcrkiye&#8217;de ise dolar\u0131n TL kar\u015f\u0131s\u0131nda tarihi seviyelere ula\u015fmas\u0131n\u0131n ard\u0131ndan h\u00fck\u00fcmetin ge\u00e7en y\u0131l 20 Aral\u0131k gecesi yapt\u0131\u011f\u0131 m\u00fcdahaleden 1 y\u0131l sonra dolar 12 TL&#8217;den 18.65&#8217;e \u00e7\u0131karken enflasyondaki art\u0131\u015f da durdurulamad\u0131.<\/p>\n<p>\u25a0 <strong>Almanya:<\/strong> Elektrik ile gaz faturalar\u0131na \u00fcst s\u0131n\u0131r getirilmesi i\u00e7in 100 milyar Euro ay\u0131rd\u0131.<\/p>\n<p>\u25a0 <strong>Fransa:<\/strong> Haneler i\u00e7in enerji fiyat art\u0131\u015flar\u0131n\u0131 y\u00fczde 15 ile s\u0131n\u0131rlayacak.<\/p>\n<p><strong>\u25a0 \u0130talya:<\/strong> Enflasyonun etkisini s\u0131n\u0131rlamak i\u00e7in 21 milyar Euro harcama yapmay\u0131 planl\u0131yor.<\/p>\n<p><b>Almanya&#8217;da faturalara \u00fcst s\u0131n\u0131r<\/b><\/p>\n<p>Avrupa Birli\u011fi&#8217;ne (AB) \u00fcye \u00fclkeler, \u00f6zellikle enerji alan\u0131nda \u00e7e\u015fitli \u00f6nemler almaya devam ediyor. Almanya, ocak ay\u0131 itibar\u0131yla meskenler ve sanayi siteleri i\u00e7in elektrik ile gaz faturalar\u0131na \u00fcst s\u0131n\u0131r getirilmesine y\u00f6nelik 100 milyar Euro&#8217;luk bir yasa \u00e7\u0131kard\u0131. Ayr\u0131ca, Alman enerji firmalar\u0131 Uniper ve Sefe&#8217;yi de kamula\u015ft\u0131r\u0131ld\u0131. Fransa da haneler i\u00e7in enerji fiyat art\u0131\u015flar\u0131n\u0131 y\u00fczde 15 ile s\u0131n\u0131rlayacak.<\/p>\n<p><b>2023 y\u0131l\u0131 i\u00e7in karamsar tablo<\/b><\/p>\n<p>D\u00fcnyan\u0131n en b\u00fcy\u00fck ekonomik analiz kurulu\u015flar\u0131ndan birisi olan Oxford Economics, \u00e7o\u011fu geli\u015fmi\u015f ekonominin 2023&#8217;te resesyona girece\u011fini ve k\u00fcresel b\u00fcy\u00fcmenin konsens\u00fcs beklentisinden daha zay\u0131f olaca\u011f\u0131n\u0131 \u00f6ng\u00f6rd\u00fc. Arz \u015foklar\u0131n\u0131n, hafiflemekle birlikte tamamen ortadan kalkmayaca\u011f\u0131n\u0131 \u00f6ng\u00f6ren kurulu\u015f, iyile\u015fmelerin ise hayal k\u0131r\u0131kl\u0131\u011f\u0131 yarataca\u011f\u0131n\u0131 d\u00fc\u015f\u00fcn\u00fcyor.<\/p>\n","protected":false},"excerpt":{"rendered":"<p>2022 y\u0131l\u0131 \u00fclkelerin enflasyonla m\u00fccadele i\u00e7in politika \u00fcretti\u011fi bir y\u0131l olurken T\u00fcrkiye\u2019nin para politikalar\u0131 ise enflasyonu tetikledi.<\/p>\n","protected":false},"author":1,"featured_media":66635,"comment_status":"closed","ping_status":"open","sticky":false,"template":"","format":"standard","meta":{"footnotes":""},"categories":[25],"tags":[728,60,75,64,1754],"class_list":["post-66634","post","type-post","status-publish","format-standard","has-post-thumbnail","hentry","category-ekonomi","tag-enerji","tag-enflasyon","tag-fiyat","tag-milyar","tag-sinir"],"_links":{"self":[{"href":"https:\/\/haberulus.net\/index.php?rest_route=\/wp\/v2\/posts\/66634","targetHints":{"allow":["GET"]}}],"collection":[{"href":"https:\/\/haberulus.net\/index.php?rest_route=\/wp\/v2\/posts"}],"about":[{"href":"https:\/\/haberulus.net\/index.php?rest_route=\/wp\/v2\/types\/post"}],"author":[{"embeddable":true,"href":"https:\/\/haberulus.net\/index.php?rest_route=\/wp\/v2\/users\/1"}],"replies":[{"embeddable":true,"href":"https:\/\/haberulus.net\/index.php?rest_route=%2Fwp%2Fv2%2Fcomments&post=66634"}],"version-history":[{"count":1,"href":"https:\/\/haberulus.net\/index.php?rest_route=\/wp\/v2\/posts\/66634\/revisions"}],"predecessor-version":[{"id":66636,"href":"https:\/\/haberulus.net\/index.php?rest_route=\/wp\/v2\/posts\/66634\/revisions\/66636"}],"wp:featuredmedia":[{"embeddable":true,"href":"https:\/\/haberulus.net\/index.php?rest_route=\/wp\/v2\/media\/66635"}],"wp:attachment":[{"href":"https:\/\/haberulus.net\/index.php?rest_route=%2Fwp%2Fv2%2Fmedia&parent=66634"}],"wp:term":[{"taxonomy":"category","embeddable":true,"href":"https:\/\/haberulus.net\/index.php?rest_route=%2Fwp%2Fv2%2Fcategories&post=66634"},{"taxonomy":"post_tag","embeddable":true,"href":"https:\/\/haberulus.net\/index.php?rest_route=%2Fwp%2Fv2%2Ftags&post=66634"}],"curies":[{"name":"wp","href":"https:\/\/api.w.org\/{rel}","templated":true}]}}