{"id":66706,"date":"2022-12-25T10:21:02","date_gmt":"2022-12-25T10:21:02","guid":{"rendered":"https:\/\/haberulus.net\/?p=66706"},"modified":"2022-12-25T10:21:02","modified_gmt":"2022-12-25T10:21:02","slug":"doktorlar-bakan-kocanin-kurdugu-hastaneye-beyaz-onluk-birakacak","status":"publish","type":"post","link":"https:\/\/haberulus.net\/?p=66706","title":{"rendered":"Doktorlar Bakan Koca\u2019n\u0131n kurdu\u011fu hastaneye beyaz \u00f6nl\u00fck b\u0131rakacak"},"content":{"rendered":"<div>\n<p>\u0130stanbul Tabip Odas\u0131 ve bir\u00e7ok uzmanl\u0131k derne\u011finden hekimler, Sa\u011fl\u0131k Bakanl\u0131\u011f\u0131 taraf\u0131ndan 6 Ekim&#8217;de Resmi Gazete&#8217;de yay\u0131nlanan ve hekimlerin \u00f6zel hastanelerde \u00e7al\u0131\u015fma ko\u015fullar\u0131nda k\u0131s\u0131tlama \u00f6ng\u00f6ren \u00d6zel Hastaneler Y\u00f6netmeli\u011finde De\u011fi\u015fiklik Yap\u0131lmas\u0131na Dair Y\u00f6netmelik&#8217;i protesto etmek i\u00e7in, 27 Aral\u0131k Sal\u0131 g\u00fcn\u00fc Sa\u011fl\u0131k Bakan\u0131 Fahrettin Koca&#8217;n\u0131n kurucusu oldu\u011fu Medipol Mega Ba\u011fc\u0131lar Hastanesi&#8217;nin \u00f6n\u00fcne beyaz \u00f6nl\u00fcklerini b\u0131rakacaklar.<\/p>\n<p>Bakanl\u0131k taraf\u0131ndan yay\u0131nlanan s\u00f6z konusu y\u00f6netmeli\u011fe g\u00f6re; \u00f6zel hastane veya t\u0131p merkezleri, bo\u015f uzman hekim kadrosu olmamas\u0131 halinde, ruhsat\u0131nda veya faaliyet izin belgesinde kay\u0131tl\u0131 uzman hekim bran\u015flar\u0131ndaki toplam kadro say\u0131s\u0131n\u0131n y\u00fczde 15&#8217;ine kadar uzman hekimle s\u00f6zle\u015fme imzalayabilecek. Ayn\u0131 bran\u015fta birden fazla hekimle s\u00f6zle\u015fme imzalanmak istenmesi durumunda, ilgili bran\u015f\u0131n toplam kadro say\u0131s\u0131n\u0131n \u00fc\u00e7te birinden fazla uzman hekimle s\u00f6zle\u015fme yap\u0131lamayacak.<\/p>\n<p>T\u00fcrk Cerrahi Derne\u011fi Y\u00f6netim Kurulu \u00dcyesi Prof. Dr. Mahir \u00d6zmen, s\u00f6z konusu y\u00f6netmeli\u011fe ili\u015fkin\u00a0 \u015funu de\u011ferlendirmeyi yapt\u0131:<\/p>\n<p>\u201cS\u00f6z konusu d\u00fczenleme Anayasa&#8217;ya ayk\u0131r\u0131d\u0131r. Bu y\u00f6netmelik, kamuda \u00e7al\u0131\u015fanlar dahil 185 bin hekimin tamam\u0131n\u0131n ve 110 bin t\u0131p fak\u00fcltesi \u00f6\u011frencisinin \u00f6zl\u00fck haklar\u0131n\u0131 olumsuz etkilemekte. Bu, kabul edilemez. Sadece hekimlerin de\u011fil, hastalar\u0131n da hekim se\u00e7me \u00f6zg\u00fcrl\u00fc\u011f\u00fcn\u00fc engellemektedir. Ki\u015fisel Verileri Koruma Kanunu&#8217;na da ayk\u0131r\u0131 olarak hastalar\u0131n bilgilerini Sa\u011fl\u0131k Bakanl\u0131\u011f\u0131&#8217;n\u0131n Merkezi Kay\u0131t Sistemi&#8217;nde toplanmas\u0131 isteniyor.<\/p>\n<p>Bakanl\u0131k, \u00f6zel hastaneleri denetleyemedi\u011fini belirtiyor. Oysaki \u00f6zel hastaneleri denetlemek zor bir \u015fey de\u011fil. Bu al\u0131nan karar, sa\u011fl\u0131k turizmi ile yak\u0131ndan ili\u015fkili bir mesele. T\u00fcrkiye&#8217;de ge\u00e7en y\u0131l i\u00e7inde 640 bin yabanc\u0131 hasta sa\u011fl\u0131ktan yararland\u0131. Bu hastalar\u0131 zincir hastanelerine \u00e7ekmek istiyorlar. 185 bin hekimin serbest \u00e7al\u0131\u015fma hakk\u0131 elinden al\u0131nmak isteniyor.\u201d (ANKA)<\/p>\n<\/div>\n","protected":false},"excerpt":{"rendered":"<p>\u0130stanbul\u2019da hekimler, \u00f6zel hastanelerde \u00e7al\u0131\u015fmalar\u0131n\u0131 k\u0131s\u0131tlayan \u2018\u00d6zel Hastaneler Y\u00f6netmeli\u011finde De\u011fi\u015fiklik Yap\u0131lmas\u0131na Dair Y\u00f6netmelik\u2019i, Sa\u011fl\u0131k Bakan\u0131 Fahrettin Koca\u2019n\u0131n kurucusu oldu\u011fu Medipol Hastanesi\u2019nin \u00f6n\u00fcne beyaz \u00f6nl\u00fcklerini b\u0131rakarak protesto edecek.<\/p>\n","protected":false},"author":1,"featured_media":66707,"comment_status":"closed","ping_status":"open","sticky":false,"template":"","format":"standard","meta":{"footnotes":""},"categories":[30],"tags":[159,1239,177,77,4708],"class_list":["post-66706","post","type-post","status-publish","format-standard","has-post-thumbnail","hentry","category-saglik","tag-hasta","tag-hekim","tag-saglik","tag-soz","tag-uzman"],"_links":{"self":[{"href":"https:\/\/haberulus.net\/index.php?rest_route=\/wp\/v2\/posts\/66706","targetHints":{"allow":["GET"]}}],"collection":[{"href":"https:\/\/haberulus.net\/index.php?rest_route=\/wp\/v2\/posts"}],"about":[{"href":"https:\/\/haberulus.net\/index.php?rest_route=\/wp\/v2\/types\/post"}],"author":[{"embeddable":true,"href":"https:\/\/haberulus.net\/index.php?rest_route=\/wp\/v2\/users\/1"}],"replies":[{"embeddable":true,"href":"https:\/\/haberulus.net\/index.php?rest_route=%2Fwp%2Fv2%2Fcomments&post=66706"}],"version-history":[{"count":1,"href":"https:\/\/haberulus.net\/index.php?rest_route=\/wp\/v2\/posts\/66706\/revisions"}],"predecessor-version":[{"id":66708,"href":"https:\/\/haberulus.net\/index.php?rest_route=\/wp\/v2\/posts\/66706\/revisions\/66708"}],"wp:featuredmedia":[{"embeddable":true,"href":"https:\/\/haberulus.net\/index.php?rest_route=\/wp\/v2\/media\/66707"}],"wp:attachment":[{"href":"https:\/\/haberulus.net\/index.php?rest_route=%2Fwp%2Fv2%2Fmedia&parent=66706"}],"wp:term":[{"taxonomy":"category","embeddable":true,"href":"https:\/\/haberulus.net\/index.php?rest_route=%2Fwp%2Fv2%2Fcategories&post=66706"},{"taxonomy":"post_tag","embeddable":true,"href":"https:\/\/haberulus.net\/index.php?rest_route=%2Fwp%2Fv2%2Ftags&post=66706"}],"curies":[{"name":"wp","href":"https:\/\/api.w.org\/{rel}","templated":true}]}}