{"id":66751,"date":"2022-12-25T13:21:02","date_gmt":"2022-12-25T13:21:02","guid":{"rendered":"https:\/\/haberulus.net\/?p=66751"},"modified":"2022-12-25T13:21:02","modified_gmt":"2022-12-25T13:21:02","slug":"hak-isten-turk-ise-masadan-kalkma-tepkisi-hukumeti-isverenle-basbasa-biraktiniz","status":"publish","type":"post","link":"https:\/\/haberulus.net\/?p=66751","title":{"rendered":"HAK-\u0130\u015e\u2019ten T\u00dcRK-\u0130\u015e\u2019e masadan kalkma tepkisi: H\u00fck\u00fcmeti i\u015fverenle ba\u015fba\u015fa b\u0131rakt\u0131n\u0131z"},"content":{"rendered":"<div>HAK-\u0130\u015e Genel Ba\u015fkan\u0131 Mahmut Arslan, asgari \u00fccret s\u00fcreciyle ilgili, \u201cMasadan kalkman\u0131n, \u2018bu rakamlar olursa kabul ederiz\u2019 demenin bizim a\u00e7\u0131m\u0131zdan kabul edilir taraf\u0131 yok. \u00c7\u00fcnk\u00fc bunu yapt\u0131\u011f\u0131n\u0131zda h\u00fck\u00fcmeti orada i\u015fverenle ba\u015f ba\u015fa b\u0131rak\u0131yorsunuz. Bu da i\u015f\u00e7ilerin aleyhine bir durum. T\u00dcRK-\u0130\u015e, masadan kalkmasayd\u0131 rakam belki de daha y\u00fcksek olabilirdi\u201d de\u011ferlendirmesinde bulundu.<\/div>\n<div>\n<div>\n<p>Arslan, asgari \u00fccret g\u00f6r\u00fc\u015fmeleri s\u00fcrecinde hem Asgari \u00dccret Teispt Komisyonu\u2019nun i\u015fini zorla\u015ft\u0131rmamak hem de kamuoyunu yanl\u0131\u015f y\u00f6nlendirmemek i\u00e7in HAK-\u0130\u015e olarak rakam telaffuz etmediklerini an\u0131msatt\u0131.<\/p>\n<p>HAK-\u0130\u015e\u2019in asgari \u00fccretle ilgili yapt\u0131\u011f\u0131 kapsaml\u0131 ara\u015ft\u0131rma ve \u00e7al\u0131\u015ft\u0131\u011f\u0131 rakamlar\u0131n bulundu\u011funu vurgulayan Arslan, o s\u00fcre\u00e7te talep etmesi halinde bu rakamlar\u0131 \u00c7al\u0131\u015fma ve Sosyal G\u00fcvenlik Bakan\u0131 Vedat Bilgin\u2019e sunmaya da haz\u0131r olduklar\u0131n\u0131 belirtti.<\/p>\n<p><img decoding=\"async\" src=\"https:\/\/i01.sozcucdn.com\/wp-content\/uploads\/2022\/12\/25\/aa-20221222-29809119-29809117-cumhurbaskani_erdogan_yeni_asgari_ucreti_acikladi.jpg\" alt=\"\" title=\"\"><\/p>\n<p><b>\u2018M\u00dcZAKEREDEN KA\u00c7MAK KABUL ED\u0130LEMEZ\u2019<\/b><\/p>\n<p>Arslan, Asgari \u00dccret Tespit Komisyonunda i\u015f\u00e7i kesimini temsil edenlerin t\u00fcm \u00e7al\u0131\u015fanlara kar\u015f\u0131 sorumlu olduklar\u0131n\u0131n bilinciyle hareket etmesi gerekti\u011fine dikkati \u00e7ekerek, \u015f\u00f6yle devam etti:<\/p>\n<p>\u201cT\u00dcRK-\u0130\u015e\u2019in \u00fc\u00e7\u00fcnc\u00fc toplant\u0131n\u0131n ard\u0131ndan rakam belirtip, \u2018bu kabul edilirse masada oluruz\u2019 ifadesini kesinlikle do\u011fru bulmuyoruz. Her \u015feyden \u00f6nce b\u00fct\u00fcn i\u015f\u00e7ileri temsilen Asgari \u00dccret Tespit Komisyonunda olan bir konfederasyonun sonuna kadar masada olmas\u0131 gerekiyor.<\/p>\n<p>M\u00fczakere edersin, taleplerinde \u0131srar edersin ve son ana kadar da bu taleplerin ger\u00e7ekle\u015fmesi i\u00e7in masada olmak zorundas\u0131n. Masadan kalkman\u0131n, \u2018bu rakamlar olursa kabul ederiz\u2019 demenin bizim a\u00e7\u0131m\u0131zdan kabul edilir taraf\u0131 yok. \u00c7\u00fcnk\u00fc bunu yapt\u0131\u011f\u0131n\u0131zda h\u00fck\u00fcmeti orada i\u015fverenle ba\u015f ba\u015fa b\u0131rak\u0131yorsunuz. Bu da i\u015f\u00e7ilerin aleyhine bir durum. T\u00dcRK-\u0130\u015e, masadan kalkmasayd\u0131 rakam belki de daha y\u00fcksek olabilirdi.<\/p>\n<p>Sorumluluktan ka\u00e7mak, masada m\u00fczakereden ka\u00e7mak ve T\u00fcrkiye\u2019nin en b\u00fcy\u00fck s\u00f6zle\u015fmesi niteli\u011findeki bir platformu bo\u015f b\u0131rakmak asla kabul edilebilir bir \u015fey de\u011fil\u201d (AA)<\/p>\n<\/div>\n<\/div>\n","protected":false},"excerpt":{"rendered":"<p>HAK-\u0130\u015e Genel Ba\u015fkan\u0131 Mahmut Arslan, asgari \u00fccret g\u00f6r\u00fc\u015fmeleri s\u00fcrecinde T\u00dcRK-\u0130\u015e&#8217;in masadan kalkmas\u0131n\u0131 ele\u015ftirerek, &#8220;T\u00dcRK-\u0130\u015e, masadan kalkmasayd\u0131 rakam belki de daha y\u00fcksek olabilirdi&#8221; dedi.<\/p>\n","protected":false},"author":1,"featured_media":66752,"comment_status":"closed","ping_status":"open","sticky":false,"template":"","format":"standard","meta":{"footnotes":""},"categories":[25],"tags":[59,188,3524,10399,4409],"class_list":["post-66751","post","type-post","status-publish","format-standard","has-post-thumbnail","hentry","category-ekonomi","tag-asgari-ucret","tag-bas","tag-kabul","tag-masada","tag-rakam"],"_links":{"self":[{"href":"https:\/\/haberulus.net\/index.php?rest_route=\/wp\/v2\/posts\/66751","targetHints":{"allow":["GET"]}}],"collection":[{"href":"https:\/\/haberulus.net\/index.php?rest_route=\/wp\/v2\/posts"}],"about":[{"href":"https:\/\/haberulus.net\/index.php?rest_route=\/wp\/v2\/types\/post"}],"author":[{"embeddable":true,"href":"https:\/\/haberulus.net\/index.php?rest_route=\/wp\/v2\/users\/1"}],"replies":[{"embeddable":true,"href":"https:\/\/haberulus.net\/index.php?rest_route=%2Fwp%2Fv2%2Fcomments&post=66751"}],"version-history":[{"count":1,"href":"https:\/\/haberulus.net\/index.php?rest_route=\/wp\/v2\/posts\/66751\/revisions"}],"predecessor-version":[{"id":66753,"href":"https:\/\/haberulus.net\/index.php?rest_route=\/wp\/v2\/posts\/66751\/revisions\/66753"}],"wp:featuredmedia":[{"embeddable":true,"href":"https:\/\/haberulus.net\/index.php?rest_route=\/wp\/v2\/media\/66752"}],"wp:attachment":[{"href":"https:\/\/haberulus.net\/index.php?rest_route=%2Fwp%2Fv2%2Fmedia&parent=66751"}],"wp:term":[{"taxonomy":"category","embeddable":true,"href":"https:\/\/haberulus.net\/index.php?rest_route=%2Fwp%2Fv2%2Fcategories&post=66751"},{"taxonomy":"post_tag","embeddable":true,"href":"https:\/\/haberulus.net\/index.php?rest_route=%2Fwp%2Fv2%2Ftags&post=66751"}],"curies":[{"name":"wp","href":"https:\/\/api.w.org\/{rel}","templated":true}]}}