{"id":67366,"date":"2022-12-27T13:52:06","date_gmt":"2022-12-27T13:52:06","guid":{"rendered":"https:\/\/haberulus.net\/?p=67366"},"modified":"2022-12-27T13:52:06","modified_gmt":"2022-12-27T13:52:06","slug":"trabzonspor-istanbula-gitti","status":"publish","type":"post","link":"https:\/\/haberulus.net\/?p=67366","title":{"rendered":"Trabzonspor, \u0130stanbul\u2019a gitti"},"content":{"rendered":"<p>Spor Toto S\u00fcper Lig\u2019in 16\u2019nc\u0131 haftas\u0131nda Fatih Karag\u00fcmr\u00fck ile yar\u0131n kar\u015f\u0131la\u015facak Trabzonspor, m\u00fcsabakan\u0131n haz\u0131rl\u0131klar\u0131n\u0131 tamamlad\u0131. Mehmet Ali Y\u0131lmaz Tesisleri\u2019nde teknik direkt\u00f6r Abdullah Avc\u0131 y\u00f6netiminde saat 11.00\u2019de idman yapan bordo-mavililer, kar\u015f\u0131la\u015fma \u00f6ncesi taktik \u00e7al\u0131\u015fmas\u0131\u00a0yapt\u0131. Ma\u00e7 \u00f6ncesi son haz\u0131rl\u0131klar\u0131n\u0131 yapan oyuncular saat 16.00\u2019da Trabzon Havaliman\u0131ndan \u00f6zel u\u00e7akla \u0130stanbul\u2019a hareket etti.<\/p>\n<p>Trabzonspor\u2019un Fatih Karag\u00fcmr\u00fck kafilesinde; Mountassir Lahtimi, Emrehan Gedikli, Kerem \u015een, Yusuf Erdo\u011fan, Bruno Peres ile tedavileri s\u00fcren Stefano Denswil, Dorukhan Tok\u00f6z ve Serkan Asan yer almazken, U19 tak\u0131m\u0131ndan y\u00fckselen ve A tak\u0131ma h\u0131zla adapte olan gen\u00e7 oyuncu Arif Bo\u015fluk ile uzun s\u00fcreli sakatl\u0131ktan kurtulan Edin Visca ise kafilede\u00a0yer ald\u0131.<\/p>\n<p>Trabzonspor\u2019un 23 ki\u015fiden olu\u015fan kamp kafilesinde \u015fu isimler yer ald\u0131: U\u011furcan \u00c7ak\u0131r, Muhammet Taha Tepe, Hakan Ayd\u0131n, Jens Stryger Larsen, Eren Elmal\u0131, Arif Bo\u015fluk, Vitor Hugo, H\u00fcseyin T\u00fcrkmen, Marc Bartra, Siopis, Do\u011fucan Haspolat, Marek Hamsik, Gbamin, Enis Bardhi, Abd\u00fclkadir \u00d6m\u00fcr, Bakasetas, Yusuf Yaz\u0131c\u0131, Trezeguet, Edin Visca, Djaniny Semedo, Maxi Gomez,\u00a0 Umut Bozok, Naci \u00dcn\u00fcvar.<\/p>\n<p><img decoding=\"async\" src=\"https:\/\/i01.sozcucdn.com\/wp-content\/uploads\/2022\/12\/27\/resim2_22053594.jpg\" alt=\"\" title=\"\"><\/p>\n","protected":false},"excerpt":{"rendered":"<p>Trabzonspor, S\u00fcper Lig&#8217;de yar\u0131n kar\u015f\u0131la\u015faca\u011f\u0131 Fatih Karag\u00fcmr\u00fck ma\u00e7\u0131 haz\u0131rl\u0131klar\u0131n\u0131 tamamlad\u0131ktan sonra havayoluyla \u0130stanbul&#8217;a hareket etti.<\/p>\n","protected":false},"author":1,"featured_media":67367,"comment_status":"closed","ping_status":"open","sticky":false,"template":"","format":"standard","meta":{"footnotes":""},"categories":[31],"tags":[],"class_list":["post-67366","post","type-post","status-publish","format-standard","has-post-thumbnail","hentry","category-spor"],"_links":{"self":[{"href":"https:\/\/haberulus.net\/index.php?rest_route=\/wp\/v2\/posts\/67366","targetHints":{"allow":["GET"]}}],"collection":[{"href":"https:\/\/haberulus.net\/index.php?rest_route=\/wp\/v2\/posts"}],"about":[{"href":"https:\/\/haberulus.net\/index.php?rest_route=\/wp\/v2\/types\/post"}],"author":[{"embeddable":true,"href":"https:\/\/haberulus.net\/index.php?rest_route=\/wp\/v2\/users\/1"}],"replies":[{"embeddable":true,"href":"https:\/\/haberulus.net\/index.php?rest_route=%2Fwp%2Fv2%2Fcomments&post=67366"}],"version-history":[{"count":1,"href":"https:\/\/haberulus.net\/index.php?rest_route=\/wp\/v2\/posts\/67366\/revisions"}],"predecessor-version":[{"id":67368,"href":"https:\/\/haberulus.net\/index.php?rest_route=\/wp\/v2\/posts\/67366\/revisions\/67368"}],"wp:featuredmedia":[{"embeddable":true,"href":"https:\/\/haberulus.net\/index.php?rest_route=\/wp\/v2\/media\/67367"}],"wp:attachment":[{"href":"https:\/\/haberulus.net\/index.php?rest_route=%2Fwp%2Fv2%2Fmedia&parent=67366"}],"wp:term":[{"taxonomy":"category","embeddable":true,"href":"https:\/\/haberulus.net\/index.php?rest_route=%2Fwp%2Fv2%2Fcategories&post=67366"},{"taxonomy":"post_tag","embeddable":true,"href":"https:\/\/haberulus.net\/index.php?rest_route=%2Fwp%2Fv2%2Ftags&post=67366"}],"curies":[{"name":"wp","href":"https:\/\/api.w.org\/{rel}","templated":true}]}}