{"id":67372,"date":"2022-12-27T14:21:03","date_gmt":"2022-12-27T14:21:03","guid":{"rendered":"https:\/\/haberulus.net\/?p=67372"},"modified":"2022-12-27T14:21:03","modified_gmt":"2022-12-27T14:21:03","slug":"anadolu-efes-besiktastan-furkan-haltaliyi-kiraladi","status":"publish","type":"post","link":"https:\/\/haberulus.net\/?p=67372","title":{"rendered":"Anadolu Efes, Be\u015fikta\u015f\u2019tan Furkan Haltal\u0131\u2019y\u0131 kiralad\u0131"},"content":{"rendered":"<p>Anadolu Efes Basketbol Tak\u0131m\u0131, Be\u015fikta\u015f Emlakjet\u2019te forma giyen Furkan Haltal\u0131\u2019y\u0131 kiral\u0131k olarak renklerine ba\u011flad\u0131.<\/p>\n<p>Lacivert-beyazl\u0131 kul\u00fcpten yap\u0131lan a\u00e7\u0131klamada, pivot pozisyonunda g\u00f6rev alan 20 ya\u015f\u0131ndaki basketbolcu ile sezon sonuna kadar s\u00f6zle\u015fme imzaland\u0131\u011f\u0131 bildirildi.<\/p>\n<p>T\u00fcrkiye Sigorta Basketbol S\u00fcper Ligi\u2019nde bu sezon 9 ma\u00e7ta forma giyen Furkan Haltal\u0131, 5.7 say\u0131 ve 3.8 ribaunt ortalamalar\u0131yla m\u00fccadele etti.<\/p>\n<p><b>EFES\u2019TEN \u0130K\u0130 OYUNCU BE\u015e\u0130KTA\u015e\u2019A<\/b><\/p>\n<p>Siyah-beyazl\u0131lar da Furkan\u2019\u0131n kar\u015f\u0131l\u0131\u011f\u0131nda Anadolu Efes\u2019ten Egemen G\u00fcven ve \u00d6mer Can \u0130lyaso\u011flu\u2019yu kadrosuna katt\u0131.<\/p>\n","protected":false},"excerpt":{"rendered":"<p>Anadolu Efes, Be\u015fikta\u015f Emlakjet&#8217;in 20 ya\u015f\u0131ndaki milli oyuncusu Furkan Haltal\u0131&#8217;y\u0131 sezon sonuna kadar kadrosuna katt\u0131.<\/p>\n","protected":false},"author":1,"featured_media":67373,"comment_status":"closed","ping_status":"open","sticky":false,"template":"","format":"standard","meta":{"footnotes":""},"categories":[31],"tags":[],"class_list":["post-67372","post","type-post","status-publish","format-standard","has-post-thumbnail","hentry","category-spor"],"_links":{"self":[{"href":"https:\/\/haberulus.net\/index.php?rest_route=\/wp\/v2\/posts\/67372","targetHints":{"allow":["GET"]}}],"collection":[{"href":"https:\/\/haberulus.net\/index.php?rest_route=\/wp\/v2\/posts"}],"about":[{"href":"https:\/\/haberulus.net\/index.php?rest_route=\/wp\/v2\/types\/post"}],"author":[{"embeddable":true,"href":"https:\/\/haberulus.net\/index.php?rest_route=\/wp\/v2\/users\/1"}],"replies":[{"embeddable":true,"href":"https:\/\/haberulus.net\/index.php?rest_route=%2Fwp%2Fv2%2Fcomments&post=67372"}],"version-history":[{"count":1,"href":"https:\/\/haberulus.net\/index.php?rest_route=\/wp\/v2\/posts\/67372\/revisions"}],"predecessor-version":[{"id":67374,"href":"https:\/\/haberulus.net\/index.php?rest_route=\/wp\/v2\/posts\/67372\/revisions\/67374"}],"wp:featuredmedia":[{"embeddable":true,"href":"https:\/\/haberulus.net\/index.php?rest_route=\/wp\/v2\/media\/67373"}],"wp:attachment":[{"href":"https:\/\/haberulus.net\/index.php?rest_route=%2Fwp%2Fv2%2Fmedia&parent=67372"}],"wp:term":[{"taxonomy":"category","embeddable":true,"href":"https:\/\/haberulus.net\/index.php?rest_route=%2Fwp%2Fv2%2Fcategories&post=67372"},{"taxonomy":"post_tag","embeddable":true,"href":"https:\/\/haberulus.net\/index.php?rest_route=%2Fwp%2Fv2%2Ftags&post=67372"}],"curies":[{"name":"wp","href":"https:\/\/api.w.org\/{rel}","templated":true}]}}