{"id":67414,"date":"2022-12-27T17:35:03","date_gmt":"2022-12-27T17:35:03","guid":{"rendered":"https:\/\/haberulus.net\/?p=67414"},"modified":"2022-12-27T17:35:03","modified_gmt":"2022-12-27T17:35:03","slug":"fenerbahcede-valencia-soku","status":"publish","type":"post","link":"https:\/\/haberulus.net\/?p=67414","title":{"rendered":"Fenerbah\u00e7e\u2019de Valencia \u015foku"},"content":{"rendered":"<p>Spor Toto S\u00fcper Lig\u2019in 16. haftas\u0131nda Ataka\u015f Hatayspor\u2019u konuk eden Fenerbah\u00e7e\u2019de teknik direkt\u00f6r Jorge Jesus, son oynad\u0131klar\u0131 Trabzonspor kar\u015f\u0131la\u015fmas\u0131na g\u00f6re 1\u2019i zorunlu 2 de\u011fi\u015fiklikle tak\u0131m\u0131n\u0131 sahaya s\u00fcrd\u00fc.<\/p>\n<p>Deneyimli teknik adam, \u00dclker Stad\u0131\u2019nda oynanan kar\u015f\u0131la\u015fmada, Trabzonspor ma\u00e7\u0131nda k\u0131rm\u0131z\u0131 kart g\u00f6ren cezal\u0131 Miguel Crespo\u2019nun yerine Miha Zajc\u2019\u0131 ilk 11\u2019de oynatt\u0131. 68 ya\u015f\u0131ndaki \u00e7al\u0131\u015ft\u0131r\u0131c\u0131, Serdar Aziz\u2019in yerine ise Diego Rossi\u2019yi ilk 11\u2019de g\u00f6revlendirdi.<\/p>\n<p><b>VALENCIA KADRODAN \u00c7IKARILDI<\/b><\/p>\n<p>Fenerbah\u00e7e\u2019nin golc\u00fc oyuncusu Enner Valencia, Hatayspor ma\u00e7\u0131n\u0131n kadrosundan \u00e7\u0131kar\u0131ld\u0131.<\/p>\n<p>M\u00fcsabakada yer almas\u0131 beklenen Ekvadorlu golc\u00fcn\u00fcn, ma\u00e7 \u00f6ncesi dizindeki a\u011fr\u0131lar nedeniyle kadroya al\u0131nmad\u0131\u011f\u0131 \u00f6\u011frenildi.<\/p>\n<p><b>FENERBAH\u00c7E\u2019DE 5 EKS\u0130K<\/b><\/p>\n<p>Fenerbah\u00e7e, Hatayspor kar\u015f\u0131s\u0131nda 5 oyuncusundan faydalanamad\u0131.<\/p>\n<p>Sar\u0131-lacivertlilerde cezal\u0131 Miguel Crespo\u2019nun yan\u0131 s\u0131ra sakatl\u0131\u011f\u0131 bulunan Enner Valencia ve Joao Pedro ile hen\u00fcz haz\u0131r durumda olmayan Naz\u0131m Sangare ve Luan Peres kadroda yer almad\u0131.<\/p>\n","protected":false},"excerpt":{"rendered":"<p>Fenerbah\u00e7e&#8217;nin Hatayspor ile oynad\u0131\u011f\u0131 kar\u015f\u0131la\u015fmada tak\u0131m\u0131n en golc\u00fcs\u00fc Enner Valencia, ma\u00e7a saatler kala dizindeki a\u011fr\u0131 nedeniyle kadrodan \u00e7\u0131kar\u0131ld\u0131.<\/p>\n","protected":false},"author":1,"featured_media":67415,"comment_status":"closed","ping_status":"open","sticky":false,"template":"","format":"standard","meta":{"footnotes":""},"categories":[31],"tags":[],"class_list":["post-67414","post","type-post","status-publish","format-standard","has-post-thumbnail","hentry","category-spor"],"_links":{"self":[{"href":"https:\/\/haberulus.net\/index.php?rest_route=\/wp\/v2\/posts\/67414","targetHints":{"allow":["GET"]}}],"collection":[{"href":"https:\/\/haberulus.net\/index.php?rest_route=\/wp\/v2\/posts"}],"about":[{"href":"https:\/\/haberulus.net\/index.php?rest_route=\/wp\/v2\/types\/post"}],"author":[{"embeddable":true,"href":"https:\/\/haberulus.net\/index.php?rest_route=\/wp\/v2\/users\/1"}],"replies":[{"embeddable":true,"href":"https:\/\/haberulus.net\/index.php?rest_route=%2Fwp%2Fv2%2Fcomments&post=67414"}],"version-history":[{"count":1,"href":"https:\/\/haberulus.net\/index.php?rest_route=\/wp\/v2\/posts\/67414\/revisions"}],"predecessor-version":[{"id":67416,"href":"https:\/\/haberulus.net\/index.php?rest_route=\/wp\/v2\/posts\/67414\/revisions\/67416"}],"wp:featuredmedia":[{"embeddable":true,"href":"https:\/\/haberulus.net\/index.php?rest_route=\/wp\/v2\/media\/67415"}],"wp:attachment":[{"href":"https:\/\/haberulus.net\/index.php?rest_route=%2Fwp%2Fv2%2Fmedia&parent=67414"}],"wp:term":[{"taxonomy":"category","embeddable":true,"href":"https:\/\/haberulus.net\/index.php?rest_route=%2Fwp%2Fv2%2Fcategories&post=67414"},{"taxonomy":"post_tag","embeddable":true,"href":"https:\/\/haberulus.net\/index.php?rest_route=%2Fwp%2Fv2%2Ftags&post=67414"}],"curies":[{"name":"wp","href":"https:\/\/api.w.org\/{rel}","templated":true}]}}