{"id":67546,"date":"2022-12-28T09:09:08","date_gmt":"2022-12-28T09:09:08","guid":{"rendered":"https:\/\/haberulus.net\/?p=67546"},"modified":"2022-12-28T09:09:08","modified_gmt":"2022-12-28T09:09:08","slug":"bilimsel-arastirma-aralikli-oruc-yaslanmayi-geciktirmiyor","status":"publish","type":"post","link":"https:\/\/haberulus.net\/?p=67546","title":{"rendered":"Bilimsel ara\u015ft\u0131rma: Aral\u0131kl\u0131 oru\u00e7 ya\u015flanmay\u0131 geciktirmiyor"},"content":{"rendered":"<p><span><span>Kourtney Kardashian ve Chris Pratt gibi \u00fcnl\u00fclerin de tercih etti\u011fi aral\u0131kl\u0131 oru\u00e7, g\u00fcn i\u00e7erisindeki belirli saatler aras\u0131nda yemek yemeyi tavsiye eden bir beslenme bi\u00e7imi. Kilo kayb\u0131 a\u00e7\u0131s\u0131ndan etkili sonu\u00e7lar sa\u011flayan aral\u0131kl\u0131 orucun, ya\u015flanmay\u0131 yava\u015flatt\u0131\u011f\u0131 iddialar\u0131 da kafa kar\u0131\u015ft\u0131rm\u0131\u015ft\u0131.<\/span><\/span><\/p>\n<p><span>Aral\u0131kl\u0131 oru\u00e7 \u00e7ok reva\u00e7ta olsa da, bilim insanlar\u0131 hala uzun \u00f6m\u00fcr \u00fczerindeki etkisini de\u011ferlendiriyorlar. Ge\u00e7en ay, ABD\u2019deki Tennessee \u00dcniversitesi\u2019nden ara\u015ft\u0131rmac\u0131lar, bu diyetin erken \u00f6l\u00fcm art\u0131\u015f\u0131n\u0131 y\u00fczde 30 art\u0131rabilece\u011fini bildirdi.<\/span><\/p>\n<p><span>Daily Mail\u2019in haberine g\u00f6re, Alman N\u00f6rodejeneratif Hastal\u0131klar Merkezi\u2019nden bir ekip de, s\u00fcreli olarak yemek yememenin ya\u015flanmay\u0131 \u00f6nlemede etkili oldu\u011funu g\u00f6steren somut bir kan\u0131t olmad\u0131\u011f\u0131n\u0131 s\u00f6yledi.<\/span><\/p>\n<div><img decoding=\"async\" src=\"https:\/\/i01.sozcucdn.com\/wp-content\/uploads\/2022\/12\/28\/depophotos_17542000-660x465.jpg\" alt=\"\" title=\"\"><\/p>\n<p>Aral\u0131kl\u0131 oru\u00e7, akt\u00f6r Chris Pratt\u2019in de favorisi\u2026<\/p>\n<\/div>\n<p><b>ARALIKLI ORUCUN ETK\u0130S\u0130 YOK<\/b><\/p>\n<p>\u00c7al\u0131\u015fmada, diyet yapan farelerde \u00e7ok \u00e7e\u015fitli v\u00fccut fonksiyonlar\u0131nda ya\u015fa ba\u011fl\u0131 de\u011fi\u015fiklikler kapsaml\u0131 bir \u015fekilde incelendi.<\/p>\n<p><span>Sa\u011fl\u0131k kontrol\u00fc, g\u00f6rme keskinli\u011fi, refleksler ve kardiyovask\u00fcler fonksiyon gibi bir dizi ko\u015fulun yan\u0131 s\u0131ra farelerin ke\u015fif aktivitesi, imm\u00fcnolojik parametreler, kan h\u00fccresi say\u0131lar\u0131 ve dokudaki ya\u015flanmayla ili\u015fkili hastal\u0131k belirtileri gibi di\u011fer \u00f6zellikleri \u00f6l\u00e7t\u00fc.<\/span><\/p>\n<p><span>Sonu\u00e7lar\u0131 de\u011ferlendiren ara\u015ft\u0131rmac\u0131lar, daha ya\u015fl\u0131 farelerin oldu\u011fundan daha gen\u00e7 g\u00f6r\u00fcnd\u00fc\u011f\u00fc zaman bile bunun diyet d\u0131\u015f\u0131ndaki nedenlerle meydana geldi\u011fi sonucuna vard\u0131lar.<\/span><\/p>\n<p><span>Ara\u015ft\u0131rmada yer alan Helmholtz Zentrum M\u00fcnchen\u2019deki Deneysel Genetik Enstit\u00fcs\u00fc ve Alman Fare Klini\u011fi ba\u015fkan\u0131 Profes\u00f6r Martin Hrab\u0115 de Angelis de, \u201cSonu\u00e7 olarak, her iki fare grubunun da benzer \u015fekillerde ya\u015fland\u0131\u011f\u0131n\u0131 bulduk. Aral\u0131kl\u0131 orucun genel olarak bunda \u00e7ok az etkisi oldu.\u201d dedi.<\/span><\/p>\n","protected":false},"excerpt":{"rendered":"<p>Yap\u0131lan bir ara\u015ft\u0131rma, son y\u0131llarda pop\u00fcler hale gelen aral\u0131kl\u0131 oru\u00e7 diyetinin (intermittent fasting), sosyal medyada iddia edildi\u011finin aksine, ya\u015flanmay\u0131 engellemedi\u011fini ortaya koydu.<\/p>\n","protected":false},"author":1,"featured_media":67547,"comment_status":"closed","ping_status":"open","sticky":false,"template":"","format":"standard","meta":{"footnotes":""},"categories":[30],"tags":[9125,1644],"class_list":["post-67546","post","type-post","status-publish","format-standard","has-post-thumbnail","hentry","category-saglik","tag-aralikli","tag-fare"],"_links":{"self":[{"href":"https:\/\/haberulus.net\/index.php?rest_route=\/wp\/v2\/posts\/67546","targetHints":{"allow":["GET"]}}],"collection":[{"href":"https:\/\/haberulus.net\/index.php?rest_route=\/wp\/v2\/posts"}],"about":[{"href":"https:\/\/haberulus.net\/index.php?rest_route=\/wp\/v2\/types\/post"}],"author":[{"embeddable":true,"href":"https:\/\/haberulus.net\/index.php?rest_route=\/wp\/v2\/users\/1"}],"replies":[{"embeddable":true,"href":"https:\/\/haberulus.net\/index.php?rest_route=%2Fwp%2Fv2%2Fcomments&post=67546"}],"version-history":[{"count":1,"href":"https:\/\/haberulus.net\/index.php?rest_route=\/wp\/v2\/posts\/67546\/revisions"}],"predecessor-version":[{"id":67548,"href":"https:\/\/haberulus.net\/index.php?rest_route=\/wp\/v2\/posts\/67546\/revisions\/67548"}],"wp:featuredmedia":[{"embeddable":true,"href":"https:\/\/haberulus.net\/index.php?rest_route=\/wp\/v2\/media\/67547"}],"wp:attachment":[{"href":"https:\/\/haberulus.net\/index.php?rest_route=%2Fwp%2Fv2%2Fmedia&parent=67546"}],"wp:term":[{"taxonomy":"category","embeddable":true,"href":"https:\/\/haberulus.net\/index.php?rest_route=%2Fwp%2Fv2%2Fcategories&post=67546"},{"taxonomy":"post_tag","embeddable":true,"href":"https:\/\/haberulus.net\/index.php?rest_route=%2Fwp%2Fv2%2Ftags&post=67546"}],"curies":[{"name":"wp","href":"https:\/\/api.w.org\/{rel}","templated":true}]}}