{"id":67806,"date":"2022-12-28T19:21:05","date_gmt":"2022-12-28T19:21:05","guid":{"rendered":"https:\/\/haberulus.net\/?p=67806"},"modified":"2022-12-28T19:21:05","modified_gmt":"2022-12-28T19:21:05","slug":"ito-baskani-avdagicten-eyt-aciklamasi-son-derece-olumlu-karsiliyoruz","status":"publish","type":"post","link":"https:\/\/haberulus.net\/?p=67806","title":{"rendered":"\u0130TO Ba\u015fkan\u0131 Avdagi\u00e7\u2019ten EYT a\u00e7\u0131klamas\u0131: Son derece olumlu kar\u015f\u0131l\u0131yoruz"},"content":{"rendered":"<p>\u0130TO Ba\u015fkan\u0131 Avdagi\u00e7, emeklilikte ya\u015fa tak\u0131lanlar (EYT) d\u00fczenlemesi konusunda yap\u0131lan \u00e7al\u0131\u015fmalara ili\u015fkin sosyal medyadan yapt\u0131\u011f\u0131 a\u00e7\u0131klamada \u015funlar\u0131 kaydetti:<\/p>\n<p>\u201cEYT&#8217;nin t\u00fcm kesimleri kapsayacak \u015fekilde \u00e7\u0131kmas\u0131n\u0131, i\u015f d\u00fcnyam\u0131z\u0131n t\u00fcm payda\u015flar\u0131 i\u00e7in son derece olumlu kar\u015f\u0131l\u0131yoruz. EYT \u00e7al\u0131\u015fma hayat\u0131m\u0131z i\u00e7in bir tazelenme f\u0131rsat\u0131d\u0131r. Hem emeklili\u011fe hak kazananlar\u0131n hem de i\u015fg\u00fcc\u00fcne yeni dahil olacaklar\u0131n beklentileri ger\u00e7ekle\u015fecek. \u00c7al\u0131\u015fanlar\u0131m\u0131z bu imkandan yararlan\u0131rken i\u015f d\u00fcnyas\u0131 olarak \u00fcretimin idamesi i\u00e7in \u00fczerimize d\u00fc\u015feni yapman\u0131n gayreti i\u00e7ine olaca\u011f\u0131z. Cumhurba\u015fkan\u0131m\u0131z\u0131n, i\u015fletmelerin \u00fczerinde olu\u015facak k\u0131dem tazminat\u0131 y\u00fck\u00fcn\u00fcn hafifletilmesi i\u00e7in a\u00e7\u0131klad\u0131\u011f\u0131 KGF kredi paketini \u00e7ok \u00f6nemsiyoruz.\u201d<\/p>\n<p>\u0130\u015fletmelerin EYT s\u00fcrecini en uygun \u015fekilde y\u00fcr\u00fctece\u011fini belirten Avdagi\u00e7, \u201cBunun organizasyonel haz\u0131rl\u0131\u011f\u0131 ve planlamas\u0131 i\u00e7indeyiz. \u015eirketlerimiz, i\u015flerin idamesini sa\u011flay\u0131p \u00fcretimde s\u00fcrd\u00fcr\u00fclebilirli\u011fi temin edecek tedbirleri alacakt\u0131r.\u201d de\u011ferlendirmesinde bulundu. (AA)<\/p>\n","protected":false},"excerpt":{"rendered":"<p>\u0130stanbul Ticaret Odas\u0131 Ba\u015fkan\u0131 \u015eekib Avdagi\u00e7, &#8220;\u0130\u015fletmelerimiz EYT s\u00fcrecini en uygun \u015fekilde y\u00fcr\u00fctecektir. Bunun organizasyonel haz\u0131rl\u0131\u011f\u0131 ve planlamas\u0131 i\u00e7indeyiz. \u015eirketlerimiz, i\u015flerin idamesini sa\u011flay\u0131p \u00fcretimde s\u00fcrd\u00fcr\u00fclebilirli\u011fi temin edecek tedbirleri alacakt\u0131r.&#8221; ifadesini kulland\u0131.<\/p>\n","protected":false},"author":1,"featured_media":67807,"comment_status":"closed","ping_status":"open","sticky":false,"template":"","format":"standard","meta":{"footnotes":""},"categories":[25],"tags":[83],"class_list":["post-67806","post","type-post","status-publish","format-standard","has-post-thumbnail","hentry","category-ekonomi","tag-is"],"_links":{"self":[{"href":"https:\/\/haberulus.net\/index.php?rest_route=\/wp\/v2\/posts\/67806","targetHints":{"allow":["GET"]}}],"collection":[{"href":"https:\/\/haberulus.net\/index.php?rest_route=\/wp\/v2\/posts"}],"about":[{"href":"https:\/\/haberulus.net\/index.php?rest_route=\/wp\/v2\/types\/post"}],"author":[{"embeddable":true,"href":"https:\/\/haberulus.net\/index.php?rest_route=\/wp\/v2\/users\/1"}],"replies":[{"embeddable":true,"href":"https:\/\/haberulus.net\/index.php?rest_route=%2Fwp%2Fv2%2Fcomments&post=67806"}],"version-history":[{"count":1,"href":"https:\/\/haberulus.net\/index.php?rest_route=\/wp\/v2\/posts\/67806\/revisions"}],"predecessor-version":[{"id":67808,"href":"https:\/\/haberulus.net\/index.php?rest_route=\/wp\/v2\/posts\/67806\/revisions\/67808"}],"wp:featuredmedia":[{"embeddable":true,"href":"https:\/\/haberulus.net\/index.php?rest_route=\/wp\/v2\/media\/67807"}],"wp:attachment":[{"href":"https:\/\/haberulus.net\/index.php?rest_route=%2Fwp%2Fv2%2Fmedia&parent=67806"}],"wp:term":[{"taxonomy":"category","embeddable":true,"href":"https:\/\/haberulus.net\/index.php?rest_route=%2Fwp%2Fv2%2Fcategories&post=67806"},{"taxonomy":"post_tag","embeddable":true,"href":"https:\/\/haberulus.net\/index.php?rest_route=%2Fwp%2Fv2%2Ftags&post=67806"}],"curies":[{"name":"wp","href":"https:\/\/api.w.org\/{rel}","templated":true}]}}