{"id":67827,"date":"2022-12-29T05:35:03","date_gmt":"2022-12-29T05:35:03","guid":{"rendered":"https:\/\/haberulus.net\/?p=67827"},"modified":"2022-12-29T05:35:03","modified_gmt":"2022-12-29T05:35:03","slug":"isverene-prim-desteginde-sure-uzadi","status":"publish","type":"post","link":"https:\/\/haberulus.net\/?p=67827","title":{"rendered":"\u0130\u015fverene prim deste\u011finde s\u00fcre uzad\u0131"},"content":{"rendered":"<p>\u00c7al\u0131\u015fan sigorta primlerinin i\u015fveren hisselerine ait tutar\u0131 i\u00e7in i\u015fverenlere \u0130\u015fsizlik Sigortas\u0131 Fonu \u00fczerinden sa\u011flanan destek 2023 y\u0131l\u0131 sonuna kadar s\u00fcrecek.<\/p>\n<p>Resmi Gazete\u2019nin bug\u00fcnk\u00fc say\u0131s\u0131nda yay\u0131mlanan Cumhurba\u015fkan\u0131 karar\u0131na g\u00f6re, i\u015fsizlik sigortas\u0131 kanununun ge\u00e7ici 10. maddesinde yer alan, \u00e7al\u0131\u015fanlar\u0131n prime esas kazan\u00e7lar\u0131 \u00fczerinden hesaplanan sigorta primlerinin i\u015fveren hisselerine ait b\u00f6l\u00fcm\u00fc i\u00e7in verilen deste\u011fin 31 Aral\u0131k 2023 tarihine kadar s\u00fcrmesi kararla\u015ft\u0131r\u0131ld\u0131.<\/p>\n<p>S\u00f6z konusu madde h\u00fckm\u00fc uyar\u0131nca Cumhurba\u015fkan\u0131\u2019n\u0131n bu maddenin uygulanma s\u00fcresini 2023 y\u0131l\u0131 sonuna kadar uzatma yetkisi bulunuyor. (REUTERS)<\/p>\n","protected":false},"excerpt":{"rendered":"<p>\u00c7al\u0131\u015fan sigorta primlerinin i\u015fveren hisselerine ait tutar\u0131 i\u00e7in i\u015fverenlere \u0130\u015fsizlik Sigortas\u0131 Fonu \u00fczerinden sa\u011flanan destek 2023 y\u0131l\u0131 sonuna kadar s\u00fcrecek.<\/p>\n","protected":false},"author":1,"featured_media":67828,"comment_status":"closed","ping_status":"open","sticky":false,"template":"","format":"standard","meta":{"footnotes":""},"categories":[25],"tags":[],"class_list":["post-67827","post","type-post","status-publish","format-standard","has-post-thumbnail","hentry","category-ekonomi"],"_links":{"self":[{"href":"https:\/\/haberulus.net\/index.php?rest_route=\/wp\/v2\/posts\/67827","targetHints":{"allow":["GET"]}}],"collection":[{"href":"https:\/\/haberulus.net\/index.php?rest_route=\/wp\/v2\/posts"}],"about":[{"href":"https:\/\/haberulus.net\/index.php?rest_route=\/wp\/v2\/types\/post"}],"author":[{"embeddable":true,"href":"https:\/\/haberulus.net\/index.php?rest_route=\/wp\/v2\/users\/1"}],"replies":[{"embeddable":true,"href":"https:\/\/haberulus.net\/index.php?rest_route=%2Fwp%2Fv2%2Fcomments&post=67827"}],"version-history":[{"count":1,"href":"https:\/\/haberulus.net\/index.php?rest_route=\/wp\/v2\/posts\/67827\/revisions"}],"predecessor-version":[{"id":67829,"href":"https:\/\/haberulus.net\/index.php?rest_route=\/wp\/v2\/posts\/67827\/revisions\/67829"}],"wp:featuredmedia":[{"embeddable":true,"href":"https:\/\/haberulus.net\/index.php?rest_route=\/wp\/v2\/media\/67828"}],"wp:attachment":[{"href":"https:\/\/haberulus.net\/index.php?rest_route=%2Fwp%2Fv2%2Fmedia&parent=67827"}],"wp:term":[{"taxonomy":"category","embeddable":true,"href":"https:\/\/haberulus.net\/index.php?rest_route=%2Fwp%2Fv2%2Fcategories&post=67827"},{"taxonomy":"post_tag","embeddable":true,"href":"https:\/\/haberulus.net\/index.php?rest_route=%2Fwp%2Fv2%2Ftags&post=67827"}],"curies":[{"name":"wp","href":"https:\/\/api.w.org\/{rel}","templated":true}]}}