{"id":67848,"date":"2022-12-29T06:21:04","date_gmt":"2022-12-29T06:21:04","guid":{"rendered":"https:\/\/haberulus.net\/?p=67848"},"modified":"2022-12-29T06:21:04","modified_gmt":"2022-12-29T06:21:04","slug":"korkulan-oldu-sinirlari-acan-cinden-gelen-yolcularin-yarisinda-covid-19-cikti","status":"publish","type":"post","link":"https:\/\/haberulus.net\/?p=67848","title":{"rendered":"Korkulan oldu: S\u0131n\u0131rlar\u0131 a\u00e7an \u00c7in\u2019den gelen yolcular\u0131n yar\u0131s\u0131nda Covid-19 \u00e7\u0131kt\u0131"},"content":{"rendered":"<p>2019\u2019un son haftalar\u0131nda Wuhan\u2019da ortaya \u00e7\u0131kt\u0131ktan sonra k\u00fcresel bir salg\u0131n halini alan corona vir\u00fcs\u00fc 3 y\u0131l\u0131 a\u015fk\u0131n bir s\u00fcredir 6 milyondan fazla insan\u0131 \u00f6ld\u00fcrmeye ve milyonlarca insana bula\u015ft\u0131.<\/p>\n<div> <\/div>\n<p>\u00a0<\/p>\n<p>Salg\u0131n Omicron varyant\u0131yla yay\u0131l\u0131m\u0131n\u0131 art\u0131r\u0131rken, \u00c7in\u2019in ge\u00e7en haftalarda ald\u0131\u011f\u0131 yasaklar\u0131 ve k\u0131s\u0131tlamalar\u0131 gev\u015fetme karar\u0131 ise tart\u0131\u015f\u0131lmaya devam ediliyor\u2026 Salg\u0131n\u0131n ba\u015flad\u0131\u011f\u0131 g\u00fcnden beri etkilili\u011fi kan\u0131tlanm\u0131\u015f mRNA bazl\u0131 Covid-19 a\u015f\u0131s\u0131 kullanmayan \u00c7in\u2019de ge\u00e7en haftalarda \u201cs\u0131f\u0131r Covid\u201d politikas\u0131 rafa kalkm\u0131\u015f ve s\u0131n\u0131rlar a\u00e7\u0131lm\u0131\u015ft\u0131.<\/p>\n<p>Fakat yasaklar\u0131n ve k\u0131s\u0131tlamalar\u0131n gev\u015fetilmesinden sonra \u00c7in\u2019de vaka ve \u00f6l\u00fcm say\u0131lar\u0131 h\u0131zla artarken s\u0131n\u0131rlar\u0131n a\u00e7\u0131lmas\u0131yla yeni mutasyonlar\u0131n k\u00fcresel \u00f6l\u00e7ekte yay\u0131labilece\u011fi \u00f6ne s\u00fcr\u00fclm\u00fc\u015ft\u00fc. \u00c7in genelindeki hastanelerde doluluk oran\u0131 tavan yaparken sosyal medyada payla\u015f\u0131lan bir\u00e7ok g\u00f6r\u00fcnt\u00fcde hastalar\u0131n hastane koridorlar\u0131nda yatmak zorunda kald\u0131\u011f\u0131 ve hastanelerde yer olmad\u0131\u011f\u0131 g\u00f6r\u00fclm\u00fc\u015ft\u00fc.<\/p>\n<p>Bu g\u00f6r\u00fcnt\u00fclerden k\u0131sa bir s\u00fcre sonra ise \u0130talya\u2019dan endi\u015fe yaratan bir a\u00e7\u0131klama geldi. S\u0131n\u0131rlar\u0131n a\u00e7\u0131lmas\u0131yla \u00c7inli turistler bir\u00e7ok \u00fclkeye tatile gitmek i\u00e7in yola \u00e7\u0131karken \u0130talya, \u00c7in\u2019den gelecek turistlerden \u201czorunlu Covid-19 testi\u201d istemeye ba\u015flad\u0131.<\/p>\n<p><strong>\u201cAMACIMIZ VATANDA\u015eI KORUMAK\u201d<\/strong><\/p>\n<p>\u0130talya Sa\u011fl\u0131k Bakan\u0131 Orazio Schillaci, \u201cAl\u0131nan yeni kararlar \u0130talyan halk\u0131n\u0131 vir\u00fcs\u00fcn yeni varyantlar\u0131ndan korumak ve vir\u00fcs\u00fc takip etmek amac\u0131yla al\u0131nm\u0131\u015ft\u0131r\u201d dedi.<\/p>\n<p>\u00d6te yandan \u0130talya\u2019n\u0131n ald\u0131\u011f\u0131 bu karar\u0131n arkas\u0131nda \u00c7in\u2019den \u0130talya\u2019ya giden u\u00e7aklardaki yolcular\u0131n neredeyse yar\u0131s\u0131n\u0131n Covid-19 testinin pozitif \u00e7\u0131kmas\u0131 oldu\u011fu \u00f6ne s\u00fcr\u00fcld\u00fc. Bat\u0131 medyas\u0131nda yer alan haberlerde \u015eangay ve Pekin\u2019den gelen iki u\u00e7aktaki yolcular\u0131n y\u00fczde 50\u2019sinin testinin pozitif \u00e7\u0131kt\u0131\u011f\u0131 kay\u0131tlara ge\u00e7ti.<\/p>\n<p>Uzmanlar, \u00c7in\u2019den gelen yolcular\u0131n k\u0131s\u0131tlamalar olmaks\u0131z\u0131n hasta bir \u015fekilde \u00fclkeden \u00e7\u0131kmalar\u0131n\u0131n yeni salg\u0131nlar\u0131 tetikleyece\u011fini ve Covid-19\u2019un yeni mutasyonlara evrilmesine sebep olaca\u011f\u0131n\u0131 belirtti.<\/p>\n<p><strong>BAZI \u00dcLKELER ZORUNLU TEST GET\u0130RD\u0130<\/strong><\/p>\n<p>\u00c7in\u2019in s\u0131n\u0131rlar\u0131n\u0131 a\u00e7mas\u0131ndan sonra bir\u00e7ok \u00fclke vatanda\u015flar\u0131n\u0131 korumak i\u00e7in harekete ge\u00e7ti. \u0130talya\u2019n\u0131n yan\u0131 s\u0131ra ABD, Japonya, Tayvan ve Hindistan, \u00c7inli turistlere zorunlu Covid-19 testi uygulamas\u0131na ge\u00e7ildi\u011fini duyurdu.<\/p>\n<p>Avustralya ve \u0130ngiltere \u00c7in\u2019den gelen yolculara \u00f6zel bir k\u0131s\u0131tlama ve zorunluluk getirilmeyece\u011fini aktar\u0131rken, Ankara\u2019dan da konuyla ilgili bir a\u00e7\u0131klama gelmedi.<\/p>\n","protected":false},"excerpt":{"rendered":"<p>S\u0131k\u0131 Covid-19 yasaklar\u0131n\u0131 kald\u0131rarak s\u0131n\u0131rlar\u0131 a\u00e7ma karar\u0131 alan \u00c7in&#8217;den korku ve panik yaratan haberler gelmeye devam ediyor.<\/p>\n","protected":false},"author":1,"featured_media":67849,"comment_status":"closed","ping_status":"open","sticky":false,"template":"","format":"standard","meta":{"footnotes":""},"categories":[30],"tags":[793,10487,159,559,985],"class_list":["post-67848","post","type-post","status-publish","format-standard","has-post-thumbnail","hentry","category-saglik","tag-cin","tag-cinde","tag-hasta","tag-italya","tag-test"],"_links":{"self":[{"href":"https:\/\/haberulus.net\/index.php?rest_route=\/wp\/v2\/posts\/67848","targetHints":{"allow":["GET"]}}],"collection":[{"href":"https:\/\/haberulus.net\/index.php?rest_route=\/wp\/v2\/posts"}],"about":[{"href":"https:\/\/haberulus.net\/index.php?rest_route=\/wp\/v2\/types\/post"}],"author":[{"embeddable":true,"href":"https:\/\/haberulus.net\/index.php?rest_route=\/wp\/v2\/users\/1"}],"replies":[{"embeddable":true,"href":"https:\/\/haberulus.net\/index.php?rest_route=%2Fwp%2Fv2%2Fcomments&post=67848"}],"version-history":[{"count":1,"href":"https:\/\/haberulus.net\/index.php?rest_route=\/wp\/v2\/posts\/67848\/revisions"}],"predecessor-version":[{"id":67850,"href":"https:\/\/haberulus.net\/index.php?rest_route=\/wp\/v2\/posts\/67848\/revisions\/67850"}],"wp:featuredmedia":[{"embeddable":true,"href":"https:\/\/haberulus.net\/index.php?rest_route=\/wp\/v2\/media\/67849"}],"wp:attachment":[{"href":"https:\/\/haberulus.net\/index.php?rest_route=%2Fwp%2Fv2%2Fmedia&parent=67848"}],"wp:term":[{"taxonomy":"category","embeddable":true,"href":"https:\/\/haberulus.net\/index.php?rest_route=%2Fwp%2Fv2%2Fcategories&post=67848"},{"taxonomy":"post_tag","embeddable":true,"href":"https:\/\/haberulus.net\/index.php?rest_route=%2Fwp%2Fv2%2Ftags&post=67848"}],"curies":[{"name":"wp","href":"https:\/\/api.w.org\/{rel}","templated":true}]}}