{"id":67857,"date":"2022-12-29T07:21:04","date_gmt":"2022-12-29T07:21:04","guid":{"rendered":"https:\/\/haberulus.net\/?p=67857"},"modified":"2022-12-29T07:21:04","modified_gmt":"2022-12-29T07:21:04","slug":"ekonomiye-guven-aralikta-artti","status":"publish","type":"post","link":"https:\/\/haberulus.net\/?p=67857","title":{"rendered":"Ekonomiye g\u00fcven aral\u0131kta artt\u0131"},"content":{"rendered":"<p>Ekonomik g\u00fcven endeksi kas\u0131m ay\u0131nda 96,9 iken, aral\u0131k ay\u0131nda y\u00fczde 0,7 oran\u0131nda artarak 97,6 de\u011ferini ald\u0131 ancak e\u015fik seviye olan 100\u2019\u00fcn alt\u0131nda kald\u0131.<\/p>\n<p>T\u00dc\u0130K\u2019e g\u00f6re, bir \u00f6nceki aya g\u00f6re aral\u0131k ay\u0131nda reel kesim (imalat sanayi) g\u00fcven endeksi y\u00fczde 0,3 oran\u0131nda artarak 101,6 de\u011ferini, hizmet sekt\u00f6r\u00fc g\u00fcven endeksi y\u00fczde 1,7 oran\u0131nda artarak 120,1 de\u011ferini, perakende ticaret sekt\u00f6r\u00fc g\u00fcven endeksi y\u00fczde 4,5 oran\u0131nda artarak 127,5 de\u011ferini, in\u015faat sekt\u00f6r\u00fc g\u00fcven endeksi y\u00fczde 1,2 oran\u0131nda artarak 92,6 de\u011ferini ald\u0131. T\u00fcketici g\u00fcven endeksi y\u00fczde 1,3 oran\u0131nda azalarak 75,6 de\u011ferini ald\u0131.<br \/><img decoding=\"async\" src=\"https:\/\/i01.sozcucdn.com\/wp-content\/uploads\/2022\/12\/29\/guven-4.jpg\" alt=\"\" title=\"\"><\/p>\n<p>Ekonomik g\u00fcven endeksi, t\u00fcketici ve \u00fcreticilerin genel ekonomik duruma ili\u015fkin de\u011ferlendirme, beklenti ve e\u011filimlerini \u00f6zetleyen bir bile\u015fik endeks. Endeks, mevsim etkilerinden ar\u0131nd\u0131r\u0131lm\u0131\u015f t\u00fcketici g\u00fcven endeksi, reel kesim, hizmet, perakende ticaret ve in\u015faat sekt\u00f6rleri g\u00fcven endekslerinin alt endekslerinin a\u011f\u0131rl\u0131kland\u0131r\u0131larak birle\u015ftirilmesinden olu\u015fuyor.<\/p>\n<p>Ekonomik g\u00fcven endeksinin 100\u2019den b\u00fcy\u00fck olmas\u0131 genel ekonomik duruma ili\u015fkin iyimserli\u011fi, 100\u2019den k\u00fc\u00e7\u00fck olmas\u0131 ise genel ekonomik duruma ili\u015fkin k\u00f6t\u00fcmserli\u011fi g\u00f6stermektedir.<\/p>\n","protected":false},"excerpt":{"rendered":"<p>T\u00dc\u0130K, ekonomik g\u00fcven endeksinin aral\u0131kta bir \u00f6nceki aya g\u00f6re y\u00fczde 0,7 oran\u0131nda artt\u0131\u011f\u0131n\u0131 a\u00e7\u0131klad\u0131.<\/p>\n","protected":false},"author":1,"featured_media":67858,"comment_status":"closed","ping_status":"open","sticky":false,"template":"","format":"standard","meta":{"footnotes":""},"categories":[25],"tags":[4095,666,1520],"class_list":["post-67857","post","type-post","status-publish","format-standard","has-post-thumbnail","hentry","category-ekonomi","tag-degerini","tag-ekonomik","tag-guven"],"_links":{"self":[{"href":"https:\/\/haberulus.net\/index.php?rest_route=\/wp\/v2\/posts\/67857","targetHints":{"allow":["GET"]}}],"collection":[{"href":"https:\/\/haberulus.net\/index.php?rest_route=\/wp\/v2\/posts"}],"about":[{"href":"https:\/\/haberulus.net\/index.php?rest_route=\/wp\/v2\/types\/post"}],"author":[{"embeddable":true,"href":"https:\/\/haberulus.net\/index.php?rest_route=\/wp\/v2\/users\/1"}],"replies":[{"embeddable":true,"href":"https:\/\/haberulus.net\/index.php?rest_route=%2Fwp%2Fv2%2Fcomments&post=67857"}],"version-history":[{"count":1,"href":"https:\/\/haberulus.net\/index.php?rest_route=\/wp\/v2\/posts\/67857\/revisions"}],"predecessor-version":[{"id":67859,"href":"https:\/\/haberulus.net\/index.php?rest_route=\/wp\/v2\/posts\/67857\/revisions\/67859"}],"wp:featuredmedia":[{"embeddable":true,"href":"https:\/\/haberulus.net\/index.php?rest_route=\/wp\/v2\/media\/67858"}],"wp:attachment":[{"href":"https:\/\/haberulus.net\/index.php?rest_route=%2Fwp%2Fv2%2Fmedia&parent=67857"}],"wp:term":[{"taxonomy":"category","embeddable":true,"href":"https:\/\/haberulus.net\/index.php?rest_route=%2Fwp%2Fv2%2Fcategories&post=67857"},{"taxonomy":"post_tag","embeddable":true,"href":"https:\/\/haberulus.net\/index.php?rest_route=%2Fwp%2Fv2%2Ftags&post=67857"}],"curies":[{"name":"wp","href":"https:\/\/api.w.org\/{rel}","templated":true}]}}