{"id":68016,"date":"2022-12-29T11:21:06","date_gmt":"2022-12-29T11:21:06","guid":{"rendered":"https:\/\/haberulus.net\/?p=68016"},"modified":"2022-12-29T11:21:06","modified_gmt":"2022-12-29T11:21:06","slug":"engelleri-karateyle-asti","status":"publish","type":"post","link":"https:\/\/haberulus.net\/?p=68016","title":{"rendered":"Engelleri karateyle a\u015ft\u0131"},"content":{"rendered":"<p>Y\u00fczmeyle ilgilenen Berkay Sar\u0131aslan, babas\u0131n\u0131n y\u00f6nlendirmesiyle 2,5 y\u0131l \u00f6nce karate de yapmaya ba\u015flad\u0131. K\u0131sa s\u00fcrede bu bran\u015fta ilerleme g\u00f6steren Berkay, azmi ve \u00e7al\u0131\u015fkanl\u0131\u011f\u0131yla takdir topluyor.<\/p>\n<p>\u0130lki Kocaeli\u2019de 24-25 Aral\u0131k\u2019ta d\u00fczenlenen Para-Karate T\u00fcrkiye \u015eampiyonas\u0131\u2019na kat\u0131lan Berkay, kata dal\u0131nda bronz madalyan\u0131n sahibi oldu. T\u00fcrkiye Karate Federasyonu lisans\u0131 sahibi Berkay\u2019\u0131n en b\u00fcy\u00fck hedefi, milli sporcu olmak.<\/p>\n<p><b>\u201cBERKAY \u00c7OK UYUMLU B\u0130R SPORCU\u201d<\/b><\/p>\n<p>Antren\u00f6r \u0130brahim Damar, Berkay Sar\u0131aslan ile 2,5 y\u0131ld\u0131r \u00e7al\u0131\u015ft\u0131klar\u0131n\u0131 s\u00f6yledi.<\/p>\n<p>Berkay\u2019\u0131n Para-Karate T\u00fcrkiye \u015eampiyonas\u0131\u2019nda \u00f6nemli bir ba\u015far\u0131 elde etti\u011fini dile getiren Damar, \u201cBu kategoride milli tak\u0131m da kurulacak ve Avrupa \u015eampiyonas\u0131 i\u00e7in se\u00e7meler yap\u0131lacak\u201d diye konu\u015ftu.<\/p>\n<p>Damar, Berkay\u2019\u0131n uyumlu ve bir\u00e7ok ki\u015fiye de \u00f6rnek bir sporcu oldu\u011funu anlatarak, \u201cBerkay\u2019\u0131 ailesi getirdi bize. Engelli gruplar\u0131nda \u00e7ok fazla talep olmuyor. Ailesi \u00e7ok bilin\u00e7li bir aile. Y\u00fczmeyle birlikte bir de Uzak Do\u011fu sporu yap\u0131ls\u0131n istendi. Biz de karate bran\u015f\u0131n\u0131 yaymak istedi\u011fimizden aileyi geri \u00e7evirmedik. Kata dal\u0131nda kendilerine yard\u0131mc\u0131 olabilece\u011fimizi s\u00f6yledik. \u015eu anda i\u015fitme engelli bir sporcumuz var, zihinsel engelli olarak da Berkay var. Bizim i\u00e7in de farkl\u0131 bir tecr\u00fcbe oldu. Biz de Berkay ile kendimizi geli\u015ftirdik. \u00c7al\u0131\u015fmalar\u0131m\u0131z gayet iyi gidiyor, kendisini s\u0131nava soktuk ve sar\u0131 kemeri oldu. D\u00fczenli olarak s\u0131navlara girmeye devam edecek\u201d ifadelerini kulland\u0131.<\/p>\n<p><b>\u201cKEND\u0130NE G\u00dcVEN\u0130 \u0130LERLED\u0130\u201d<\/b><\/p>\n<p>Berkay Sar\u0131aslan da karate yapmay\u0131 ve y\u00fczmeyi \u00e7ok sevdi\u011fini ifade ederek, \u201cMilli tak\u0131ma girmek istiyorum. Onun i\u00e7in \u00e7ok \u00e7al\u0131\u015f\u0131yorum\u201d dedi.<\/p>\n<p>Baba Nedim Sar\u0131aslan ise o\u011flunun karate sporunu severek yapt\u0131\u011f\u0131n\u0131 belirterek, \u201c\u0130ki \u00e7ocu\u011fum var. Berkay ile spor dallar\u0131 aras\u0131nda ko\u015fu\u015fturuyoruz. Hocalar\u0131m\u0131z sayesinde in\u015fallah devam\u0131n\u0131 getirece\u011fiz. Hem y\u00fczmeye hem karateye devam edece\u011fiz. Bu sayede hem Berkay hem de biz sosyalle\u015ftik. Konu\u015fmas\u0131 olsun, kendine \u00f6z g\u00fcveni olsun ilerledi. Hedefimiz milli tak\u0131m. Y\u00fczmede belirli bir noktaya geldik ama karatede hedefimiz milli tak\u0131ma girmek\u201d a\u00e7\u0131klamas\u0131nda bulundu. (AA)<\/p>\n","protected":false},"excerpt":{"rendered":"<p>Bolu&#8217;da ya\u015fayan 16 ya\u015f\u0131ndaki down sendromlu Berkay Sar\u0131aslan, milli tak\u0131mda yer alarak ulusal ve uluslararas\u0131 alanda ba\u015far\u0131lar elde etmeyi hedefliyor.<\/p>\n","protected":false},"author":1,"featured_media":68017,"comment_status":"closed","ping_status":"open","sticky":false,"template":"","format":"standard","meta":{"footnotes":""},"categories":[31],"tags":[10504,10505,599,1457,551],"class_list":["post-68016","post","type-post","status-publish","format-standard","has-post-thumbnail","hentry","category-spor","tag-berkay","tag-karate","tag-milli","tag-sari","tag-spor"],"_links":{"self":[{"href":"https:\/\/haberulus.net\/index.php?rest_route=\/wp\/v2\/posts\/68016","targetHints":{"allow":["GET"]}}],"collection":[{"href":"https:\/\/haberulus.net\/index.php?rest_route=\/wp\/v2\/posts"}],"about":[{"href":"https:\/\/haberulus.net\/index.php?rest_route=\/wp\/v2\/types\/post"}],"author":[{"embeddable":true,"href":"https:\/\/haberulus.net\/index.php?rest_route=\/wp\/v2\/users\/1"}],"replies":[{"embeddable":true,"href":"https:\/\/haberulus.net\/index.php?rest_route=%2Fwp%2Fv2%2Fcomments&post=68016"}],"version-history":[{"count":1,"href":"https:\/\/haberulus.net\/index.php?rest_route=\/wp\/v2\/posts\/68016\/revisions"}],"predecessor-version":[{"id":68018,"href":"https:\/\/haberulus.net\/index.php?rest_route=\/wp\/v2\/posts\/68016\/revisions\/68018"}],"wp:featuredmedia":[{"embeddable":true,"href":"https:\/\/haberulus.net\/index.php?rest_route=\/wp\/v2\/media\/68017"}],"wp:attachment":[{"href":"https:\/\/haberulus.net\/index.php?rest_route=%2Fwp%2Fv2%2Fmedia&parent=68016"}],"wp:term":[{"taxonomy":"category","embeddable":true,"href":"https:\/\/haberulus.net\/index.php?rest_route=%2Fwp%2Fv2%2Fcategories&post=68016"},{"taxonomy":"post_tag","embeddable":true,"href":"https:\/\/haberulus.net\/index.php?rest_route=%2Fwp%2Fv2%2Ftags&post=68016"}],"curies":[{"name":"wp","href":"https:\/\/api.w.org\/{rel}","templated":true}]}}