{"id":68097,"date":"2022-12-29T16:51:03","date_gmt":"2022-12-29T16:51:03","guid":{"rendered":"https:\/\/haberulus.net\/?p=68097"},"modified":"2022-12-29T16:51:03","modified_gmt":"2022-12-29T16:51:03","slug":"bakan-akardan-suriye-aciklamasi","status":"publish","type":"post","link":"https:\/\/haberulus.net\/?p=68097","title":{"rendered":"Bakan Akar\u2019dan\u00a0Suriye a\u00e7\u0131klamas\u0131"},"content":{"rendered":"<p>Bakan Hulusi Akar beraberindeki Genelkurmay Ba\u015fkan\u0131 Orgeneral Ya\u015far G\u00fcler ile personelin yeni y\u0131l\u0131n\u0131 kutlad\u0131. Bakan yard\u0131mc\u0131lar\u0131ndan subay, astsubay, sivil memur, uzman erba\u015f ve erlere kadar karargahtaki t\u00fcm personelin yeni y\u0131l\u0131n\u0131 tek tek kutlayan Akar, gazetecilerin g\u00fcndeme ili\u015fkin sorusunu yan\u0131tlad\u0131.<\/p>\n<p>Rusya\u2019n\u0131n ba\u015fkenti Moskova\u2019da d\u00fcn ger\u00e7ekle\u015ftirilen \u00fc\u00e7l\u00fc toplant\u0131n\u0131n yans\u0131malar\u0131na ili\u015fkin soru \u00fczerine Bakan Akar, d\u00fcn M\u0130T Ba\u015fkan\u0131 Hakan Fidan ile birlikte Moskova\u2019da Rusya ve Suriye Savunma Bakanlar\u0131 ve \u0130stihbarat Ba\u015fkanlar\u0131yla bir araya geldiklerini hat\u0131rlatt\u0131.<\/p>\n<p><strong>\u201cSUR\u0130YEL\u0130 KARDE\u015eLER\u0130M\u0130Z\u0130N ALEYH\u0130NE B\u0130R \u015eEY YAPMAMIZ H\u0130\u00c7B\u0130R \u015eEK\u0130LDE S\u00d6Z KONUSU DE\u011e\u0130L\u201d<\/strong><\/p>\n<p>G\u00f6r\u00fc\u015fmede m\u00fclteci sorunu ve Suriye\u2019deki t\u00fcm ter\u00f6r \u00f6rg\u00fctleriyle m\u00fccadele konusunda bilgi ve g\u00f6r\u00fc\u015f al\u0131\u015fveri\u015finde bulunduklar\u0131n\u0131 aktaran Akar, \u015funlar\u0131 s\u00f6yledi:<\/p>\n<p>* \u201cBiz b\u00f6lgemizde bar\u0131\u015f, huzur ve istikrar\u0131n temini ve s\u00fcrd\u00fcr\u00fclmesi i\u00e7in bug\u00fcne kadar \u00fczerimize d\u00fc\u015feni yapt\u0131k. Bundan sonra da yapmaya devam edece\u011fiz. \u015eunu \u00f6zellikle ifade etmek isterim ki bizim T\u00fcrkiye\u2019de ve Suriye\u2019de ya\u015fayan Suriyeli karde\u015flerimizin aleyhine bir \u015fey yapmam\u0131z hi\u00e7bir \u015fekilde s\u00f6z konusu de\u011fildir. Onlar\u0131 zora sokacak bir davran\u0131\u015f i\u00e7inde hi\u00e7bir zaman bulunmad\u0131k, bulunmay\u0131z. Bunu herkes bu \u015fekilde bilmeli ve ona g\u00f6re davranmal\u0131d\u0131r.\u201d<\/p>\n<p>Bakan Akar s\u00f6zlerinin sonunda karada, denizde ve havada zorlu iklim ve arazi \u015fartlar\u0131nda kahramanl\u0131k ve fedakarl\u0131kla g\u00f6rev yapan Mehmet\u00e7ik ile t\u00fcm vatanda\u015flar\u0131n yeni y\u0131l\u0131n\u0131 kutlayarak bar\u0131\u015f, refah, huzur ve karde\u015flik temennilerini dile getirdi. DHA<\/p>\n","protected":false},"excerpt":{"rendered":"<p>Milli Savunma Bakan\u0131 Hulusi Akar, Moskova&#8217;da savunma bakanlar\u0131 ve istihbarat ba\u015fkanlar\u0131 aras\u0131nda ger\u00e7ekle\u015ftirilen \u00fc\u00e7l\u00fc toplant\u0131ya ili\u015fkin, &#8220;Bizim T\u00fcrkiye&#8217;de ve Suriye&#8217;de ya\u015fayan Suriyeli karde\u015flerimizin aleyhine bir \u015fey yapmam\u0131z hi\u00e7bir \u015fekilde s\u00f6z konusu de\u011fildir. Onlar\u0131 zora sokacak bir davran\u0131\u015f i\u00e7inde hi\u00e7bir zaman bulunmad\u0131k, bulunmay\u0131z. Bunu herkes bu \u015fekilde bilmeli ve ona g\u00f6re davranmal\u0131&#8221; dedi.<\/p>\n","protected":false},"author":1,"featured_media":68098,"comment_status":"closed","ping_status":"open","sticky":false,"template":"","format":"standard","meta":{"footnotes":""},"categories":[24],"tags":[1295,366,44],"class_list":["post-68097","post","type-post","status-publish","format-standard","has-post-thumbnail","hentry","category-dunya","tag-akar","tag-bakan","tag-suriye"],"_links":{"self":[{"href":"https:\/\/haberulus.net\/index.php?rest_route=\/wp\/v2\/posts\/68097","targetHints":{"allow":["GET"]}}],"collection":[{"href":"https:\/\/haberulus.net\/index.php?rest_route=\/wp\/v2\/posts"}],"about":[{"href":"https:\/\/haberulus.net\/index.php?rest_route=\/wp\/v2\/types\/post"}],"author":[{"embeddable":true,"href":"https:\/\/haberulus.net\/index.php?rest_route=\/wp\/v2\/users\/1"}],"replies":[{"embeddable":true,"href":"https:\/\/haberulus.net\/index.php?rest_route=%2Fwp%2Fv2%2Fcomments&post=68097"}],"version-history":[{"count":1,"href":"https:\/\/haberulus.net\/index.php?rest_route=\/wp\/v2\/posts\/68097\/revisions"}],"predecessor-version":[{"id":68099,"href":"https:\/\/haberulus.net\/index.php?rest_route=\/wp\/v2\/posts\/68097\/revisions\/68099"}],"wp:featuredmedia":[{"embeddable":true,"href":"https:\/\/haberulus.net\/index.php?rest_route=\/wp\/v2\/media\/68098"}],"wp:attachment":[{"href":"https:\/\/haberulus.net\/index.php?rest_route=%2Fwp%2Fv2%2Fmedia&parent=68097"}],"wp:term":[{"taxonomy":"category","embeddable":true,"href":"https:\/\/haberulus.net\/index.php?rest_route=%2Fwp%2Fv2%2Fcategories&post=68097"},{"taxonomy":"post_tag","embeddable":true,"href":"https:\/\/haberulus.net\/index.php?rest_route=%2Fwp%2Fv2%2Ftags&post=68097"}],"curies":[{"name":"wp","href":"https:\/\/api.w.org\/{rel}","templated":true}]}}