{"id":7113,"date":"2022-07-13T15:35:07","date_gmt":"2022-07-13T15:35:07","guid":{"rendered":"https:\/\/haberulus.net\/?p=7113"},"modified":"2022-07-13T15:35:07","modified_gmt":"2022-07-13T15:35:07","slug":"genis-tanimli-issiz-sayisi-pandemi-oncesine-gore-2-milyon-artti","status":"publish","type":"post","link":"https:\/\/haberulus.net\/?p=7113","title":{"rendered":"Geni\u015f tan\u0131ml\u0131 i\u015fsiz say\u0131s\u0131 pandemi \u00f6ncesine g\u00f6re 2 milyon artt\u0131"},"content":{"rendered":"<p><b>D\u0130SK-AR verilerine g\u00f6re, geni\u015f tan\u0131ml\u0131 i\u015fsizlik pandemi \u00f6ncesine g\u00f6re 2 milyon, bir \u00f6nceki aya g\u00f6re ise 310 bin artt\u0131.<\/b><\/p>\n<p>D\u0130SK-AR, May\u0131s 2022 d\u00f6nemini kapsayan T\u00dc\u0130K taraf\u0131ndan 13 Temmuz 2022&#8217;de yay\u0131mlanan i\u015fsizlik verilerine ili\u015fkin \u0130\u015fsizlik ve \u0130stihdam\u0131n G\u00f6r\u00fcn\u00fcm\u00fc raporunu yay\u0131mlad\u0131.<\/p>\n<p>Rapora g\u00f6re, geni\u015f tan\u0131ml\u0131 i\u015fsiz may\u0131sta pandemi \u00f6ncesi d\u00f6nem olan 2019\u2019un ayn\u0131 ay\u0131na g\u00f6re yakla\u015f\u0131k 2 milyon artarken geni\u015f tan\u0131ml\u0131 i\u015fsizlik oran\u0131 y\u00fczde 22,4, geni\u015f tan\u0131ml\u0131 kad\u0131n i\u015fsizli\u011fi y\u00fczde 29 olarak belirlendi.<\/p>\n<p>T\u00dc\u0130K&#8217;in May\u0131s 2022 Hanehalk\u0131 \u0130\u015fg\u00fcc\u00fc Ara\u015ft\u0131rmas\u0131 sonu\u00e7lar\u0131 bug\u00fcn yay\u0131mland\u0131. T\u00dc\u0130K&#8217;in ara\u015ft\u0131rmas\u0131na g\u00f6re, mevsim etkisinden ar\u0131nd\u0131r\u0131lm\u0131\u015f dar tan\u0131ml\u0131 i\u015fsizlik oran\u0131 y\u00fczde 10,9, mevsim etkisinden ar\u0131nd\u0131r\u0131lm\u0131\u015f geni\u015f tan\u0131ml\u0131 i\u015fsizlik oran\u0131 (\u00e2t\u0131l i\u015fg\u00fcc\u00fc) ise y\u00fczde 22,4 seviyesinde ger\u00e7ekle\u015fti.<\/p>\n<p>D\u0130SK-AR\u2019\u0131n T\u00dc\u0130K&#8217;in at\u0131l i\u015fg\u00fcc\u00fc oran\u0131ndan hareketle yapt\u0131\u011f\u0131 hesaplamaya g\u00f6re mevsim etkisinden ar\u0131nd\u0131r\u0131lm\u0131\u015f geni\u015f tan\u0131ml\u0131 i\u015fsiz say\u0131s\u0131 May\u0131s 2022&#8217;de 8 milyon 387 bin olarak ger\u00e7ekle\u015fti.<\/p>\n<p><b>KADIN \u0130\u015eS\u0130ZL\u0130\u011e\u0130 ALARM VER\u0130YOR<\/b><\/p>\n<p>D\u0130SK-AR raporunda kad\u0131n i\u015f g\u00fcc\u00fcn\u00fcn durumunun alarm verdi\u011fi belirtildi. Zamana ba\u011fl\u0131 eksik istihdam ve i\u015fsizlerin b\u00fct\u00fcnle\u015fik oran\u0131 erkeklerde y\u00fczde 14,9 iken kad\u0131nlarda y\u00fczde 18,3 olarak belirlendi.\u00a0 Ayr\u0131ca May\u0131s 2022 verilerine g\u00f6re i\u015fsizlik t\u00fcrlerinin en y\u00fcksek oldu\u011fu kategori bu ay da y\u00fczde 29 ile geni\u015f tan\u0131ml\u0131 kad\u0131n i\u015fsizli\u011fi oldu.<\/p>\n<p>D\u0130SK raporunda, \u201cUluslararas\u0131 \u00c7al\u0131\u015fma \u00d6rg\u00fct\u00fc&#8217;n\u00fcn (ILO) 17 Ocak 2022&#8217;de yay\u0131mlad\u0131\u011f\u0131 D\u00fcnyada \u0130stihdam ve Sosyal G\u00f6r\u00fcn\u00fcm\u00fc 1 adl\u0131 \u00e7al\u0131\u015fmas\u0131nda salg\u0131ndan kad\u0131nlar\u0131n ve gen\u00e7lerin en k\u00f6t\u00fc etkilenenler aras\u0131nda yer ald\u0131\u011f\u0131, bu sebeple toparlanman\u0131n en yava\u015f yine bu gruplarda ger\u00e7ekle\u015fece\u011fi belirtiliyor. Salg\u0131n sonras\u0131 kad\u0131n i\u015fg\u00fcc\u00fcndeki toparlanman\u0131n erkek i\u015fg\u00fcc\u00fcne g\u00f6re daha yava\u015f olaca\u011f\u0131 ifade ediliyor\u201d ifadelerine yer verildi.<\/p>\n<p><b>\u2018\u00c7ALI\u015eMA S\u00dcRES\u0130 D\u00dc\u015e\u00dcR\u00dcLMEL\u0130\u2019<\/b><\/p>\n<p>D\u0130SK-AR i\u015fsizlik konusundaki \u00f6nerilerini ise \u015f\u00f6yle s\u0131ralad\u0131:<\/p>\n<ul>\n<li>\u201cHerkesin \u00e7al\u0131\u015fmas\u0131 i\u00e7in, herkesin daha az \u00e7al\u0131\u015fmas\u0131\u201d ilkesi do\u011frultusunda haftal\u0131k \u00e7al\u0131\u015fma s\u00fcresi gelir kayb\u0131 olmaks\u0131z\u0131n 37,5 saate, fazla mesailer i\u00e7in uygulanan y\u0131ll\u0131k 270 saat s\u0131n\u0131r\u0131, 90 saate d\u00fc\u015f\u00fcr\u00fclmelidir<\/li>\n<li>Uluslararas\u0131 \u00c7al\u0131\u015fma \u00d6rg\u00fct\u00fc&#8217;n\u00fcn (ILO) \u201cinsana yara\u015f\u0131r i\u015f\u201d yakla\u015f\u0131m\u0131 temelinde herkese g\u00fcvenceli ve nitelikli i\u015fler sa\u011flanmal\u0131d\u0131r.<\/li>\n<li>\u0130\u015f Yasas\u0131n\u0131n 25\/II. Maddesi yeniden d\u00fczenlenmeli ve keyfi i\u015ften \u00e7\u0131karmalar sona ermelidir.<\/li>\n<li>\u0130\u015fsizlik sigortas\u0131 \u00f6dene\u011finden yararlanma ko\u015fullar\u0131 ve \u00f6denek miktar\u0131 iyile\u015ftirilmelidir.<\/li>\n<li>Uluslararas\u0131 \u00e7al\u0131\u015fma normlar\u0131 do\u011frultusunda herkese en az bir ay \u00fccretli y\u0131ll\u0131k izin hakk\u0131 tan\u0131nmal\u0131d\u0131r.<\/li>\n<li>Sendikal hak ve \u00f6zg\u00fcrl\u00fcklerin kullan\u0131m\u0131 g\u00fcvence alt\u0131na al\u0131nmal\u0131, sendikal barajlar kald\u0131r\u0131lmal\u0131, herkesin sendika hakk\u0131n\u0131 \u00f6zg\u00fcrce kullanabilmesi i\u00e7in gerekli yasal d\u00fczenlemeler yap\u0131lmal\u0131d\u0131r.<\/li>\n<li>Kad\u0131n istihdam\u0131n\u0131n art\u0131r\u0131lmas\u0131 ve i\u015fsizli\u011finin azalt\u0131lmas\u0131 i\u00e7in i\u015fg\u00fcc\u00fc piyasalar\u0131ndaki cinsiyet\u00e7i uygulamalara son verilmeli, ev i\u00e7i bak\u0131m hizmetleri devletin gereken nitelikli, yayg\u0131n ve \u00fccretsiz bak\u0131m hizmetlerini sa\u011flamas\u0131 ile kad\u0131n\u0131n \u00fczerinden al\u0131nmal\u0131d\u0131r.<\/li>\n<\/ul>\n","protected":false},"excerpt":{"rendered":"<p>D\u0130SK-AR verilerine g\u00f6re, geni\u015f tan\u0131ml\u0131 i\u015fsizlik pandemi \u00f6ncesine g\u00f6re 2 milyon, bir \u00f6nceki aya g\u00f6re ise 310 bin artt\u0131. D\u0130SK-AR, May\u0131s 2022 &#8230;<\/p>\n","protected":false},"author":1,"featured_media":7114,"comment_status":"open","ping_status":"open","sticky":false,"template":"","format":"standard","meta":{"footnotes":""},"categories":[25],"tags":[128,317,2258,2256,209],"class_list":["post-7113","post","type-post","status-publish","format-standard","has-post-thumbnail","hentry","category-ekonomi","tag-128","tag-calisma","tag-isgucu","tag-issiz","tag-kadin"],"_links":{"self":[{"href":"https:\/\/haberulus.net\/index.php?rest_route=\/wp\/v2\/posts\/7113","targetHints":{"allow":["GET"]}}],"collection":[{"href":"https:\/\/haberulus.net\/index.php?rest_route=\/wp\/v2\/posts"}],"about":[{"href":"https:\/\/haberulus.net\/index.php?rest_route=\/wp\/v2\/types\/post"}],"author":[{"embeddable":true,"href":"https:\/\/haberulus.net\/index.php?rest_route=\/wp\/v2\/users\/1"}],"replies":[{"embeddable":true,"href":"https:\/\/haberulus.net\/index.php?rest_route=%2Fwp%2Fv2%2Fcomments&post=7113"}],"version-history":[{"count":1,"href":"https:\/\/haberulus.net\/index.php?rest_route=\/wp\/v2\/posts\/7113\/revisions"}],"predecessor-version":[{"id":7115,"href":"https:\/\/haberulus.net\/index.php?rest_route=\/wp\/v2\/posts\/7113\/revisions\/7115"}],"wp:featuredmedia":[{"embeddable":true,"href":"https:\/\/haberulus.net\/index.php?rest_route=\/wp\/v2\/media\/7114"}],"wp:attachment":[{"href":"https:\/\/haberulus.net\/index.php?rest_route=%2Fwp%2Fv2%2Fmedia&parent=7113"}],"wp:term":[{"taxonomy":"category","embeddable":true,"href":"https:\/\/haberulus.net\/index.php?rest_route=%2Fwp%2Fv2%2Fcategories&post=7113"},{"taxonomy":"post_tag","embeddable":true,"href":"https:\/\/haberulus.net\/index.php?rest_route=%2Fwp%2Fv2%2Ftags&post=7113"}],"curies":[{"name":"wp","href":"https:\/\/api.w.org\/{rel}","templated":true}]}}