{"id":73194,"date":"2023-03-01T13:05:05","date_gmt":"2023-03-01T13:05:05","guid":{"rendered":"https:\/\/haberulus.net\/?p=73194"},"modified":"2023-03-01T13:05:05","modified_gmt":"2023-03-01T13:05:05","slug":"mhpden-bahcelinin-depremzedelere-sessizlik-olacak-dagilin-gitsin-dedigi-goruntuyle-ilgili-ilk-aciklama","status":"publish","type":"post","link":"https:\/\/haberulus.net\/?p=73194","title":{"rendered":"MHP&#8217;den Bah\u00e7eli&#8217;nin depremzedelere &#8220;Sessizlik olacak, da\u011f\u0131l\u0131n gitsin&#8221; dedi\u011fi g\u00f6r\u00fcnt\u00fcyle ilgili ilk a\u00e7\u0131klama"},"content":{"rendered":"<p>Cumhurba\u015fkan\u0131 Erdo\u011fan, MHP Genel Ba\u015fkan\u0131 Devlet Bah\u00e7eli ve BBP Genel Ba\u015fkan\u0131 Mustafa Destici ile birlikte d\u00fcn deprem b\u00f6lgesi Kahramanmara\u015f&#8217;\u0131n Elbistan il\u00e7esini ziyaret etti. AFAD&#8217;\u0131n Elbistan&#8217;da kurdu\u011fu konteynerkenti ziyaret ettikleri s\u0131rada bir grup depremzede, deprem sonras\u0131nda ya\u015fanan aksakl\u0131klar nedeniyle tepki g\u00f6sterdi.<\/p>\n<p><b>BAH\u00c7EL\u0130: SESS\u0130ZL\u0130K OLACAK, \u0130ND\u0130R\u0130N \u015eUNLARI<\/b><\/p>\n<p>Bah\u00e7eli, depremzedelere, &#8220;B\u00f6ylesi olaylarda, Say\u0131n Cumhurba\u015fkan\u0131m\u0131z\u0131n ve di\u011fer yetkililerin buray\u0131 ziyaretini sabote etmeye hakk\u0131n\u0131z yok. Sessizlik olacak. Da\u011f\u0131l\u0131n gitsin. \u0130ndirin \u015funlar\u0131. Hadi bakal\u0131m&#8221; dedi.<\/p>\n<p><b>MHP GENEL SEKRETER\u0130&#8217;NDEN BAH\u00c7EL\u0130&#8217;N\u0130N G\u00d6R\u00dcNT\u00dcLER\u0130YLE \u0130LG\u0130L\u0130 A\u00c7IKLAMA<\/b><\/p>\n<p>Bah\u00e7eli&#8217;nin g\u00f6r\u00fcnt\u00fcleri ve depremzedelere y\u00f6nelik s\u00f6zleri g\u00fcndem olurken, MHP Genel Sekreteri \u0130smail B\u00fcy\u00fckataman, Bah\u00e7eli&#8217;nin Cumhurba\u015fkan\u0131 Erdo\u011fan&#8217;a tepki g\u00f6steren depremzedelere y\u00f6nelik s\u00f6zlerine ili\u015fkin a\u00e7\u0131klamalarda bulundu.<\/p>\n<p><b>&#8220;T\u00dcRK\u0130YE CUMHUR\u0130YET\u0130 S\u0130YAS\u0130 YA\u011eMACILARA KAR\u015eI M\u00dcCADELE VERMEKTED\u0130R&#8221;<\/b><\/p>\n<p>B\u00fcy\u00fckataman sosyal medya hesab\u0131ndan yapt\u0131\u011f\u0131 payla\u015f\u0131mlarda \u015fu ifadeleri kulland\u0131; &#8220;Asr\u0131n Felaketi&#8217;ni ya\u015fad\u0131\u011f\u0131m\u0131z 6 \u015eubat g\u00fcn\u00fcnden itibaren T\u00fcrkiye Cumhuriyeti bir yandan milletimizin yaralar\u0131n\u0131 sarmak i\u00e7in ola\u011fan\u00fcst\u00fc bir gayretle \u00e7al\u0131\u015f\u0131rken di\u011fer taraftan ya\u015fanan depremlerden siyasi rant elde etmeye \u00e7al\u0131\u015fan siyasi ya\u011fmac\u0131lara kar\u015f\u0131 m\u00fccadele vermektedir. \u0130lk g\u00fcnden itibaren kirli bir oyun tezg\u00e2hlayan Zillet \u0130ttifak\u0131&#8217;n\u0131n ta\u015feronlu\u011funa soyunan trib\u00fcn simsarlar\u0131 da futbol sahalar\u0131n\u0131 siyaset arenas\u0131na \u00e7evirmeye \u00e7al\u0131\u015farak adeta milli iradeye sald\u0131rm\u0131\u015flard\u0131r.<\/p>\n<p><b>&#8220;Z\u0130LLET \u0130TT\u0130FAKI PART\u0130M\u0130Z\u0130 HEDEF ALMI\u015eTIR&#8221;<\/b><\/p>\n<p>Genel Ba\u015fkan\u0131m\u0131z Say\u0131n Devlet Bah\u00e7eli, deprem \u015fehitlerimize sayg\u0131s\u0131zl\u0131k yaparak futbol sahalar\u0131na siyaset bula\u015ft\u0131ran ve statlardan kaos do\u011furmaya heveslenen milli irade kar\u015f\u0131tlar\u0131na ge\u00e7it vermeyen \u00f6rnek bir duru\u015f sergilemi\u015ftir. Milliyet\u00e7i Hareket Partisi&#8217;nin duru\u015fu kar\u015f\u0131s\u0131nda oyunlar\u0131 bozulunca tela\u015fa kap\u0131lan Zillet \u0130ttifak\u0131 aziz milletimizin ac\u0131lar\u0131n\u0131 siyasete malzeme yapmaya ve millet iradesine ipotek koymaya \u00e7al\u0131\u015farak partimizi hedef alm\u0131\u015flard\u0131r.<\/p>\n<p><b>&#8220;DEVLET BAH\u00c7EL\u0130&#8217;N\u0130N HAKARET ETT\u0130\u011e\u0130 \u0130FT\u0130RASINI ATTILAR&#8221;<\/b><\/p>\n<p>Zillet \u0130ttifak\u0131 vekilleri ve medyas\u0131, Genel Ba\u015fkan\u0131m\u0131z Say\u0131n Devlet Bah\u00e7eli&#8217;nin Elbistan ziyareti s\u0131ras\u0131nda &#8220;Elbistan \u0130l Olsun&#8221; pankart\u0131 alt\u0131nda slogan atman\u0131n yeri ve zaman\u0131 olmad\u0131\u011f\u0131n\u0131 dile getirdi\u011fi s\u00f6zlerini \u00e7arp\u0131tarak depremzedelere hakaret etti\u011fi iftiras\u0131n\u0131 atm\u0131\u015flard\u0131r. Felaketin ilk g\u00fcn\u00fcnden itibaren milletimizin ac\u0131lar\u0131n\u0131 istismar ederek siyasi rant pe\u015finde ko\u015fan Zillet \u0130ttifak\u0131 partileri ve zillete payandal\u0131k yapan ufak tefek tek ki\u015filik particikler de bu karalama kampanyas\u0131na dahil olmu\u015f ve ac\u0131lar\u0131m\u0131z\u0131 oya \u00e7evirme yar\u0131\u015f\u0131na girmi\u015flerdir.<\/p>\n<p><b>&#8220;DEPREM B\u00d6LGES\u0130NDE GEZERKEN B\u0130LE ADAYLIK KAVGASI VER\u0130YORLAR&#8221;<\/b><\/p>\n<p>Hen\u00fcz bir aday belirlemeyi dahi beceremeyen Zillet \u0130ttifak\u0131, kendi i\u00e7erisindeki kavgay\u0131, tutars\u0131zl\u0131\u011f\u0131 ve teslimiyet\u00e7i anlay\u0131\u015f\u0131 gizleme tela\u015f\u0131yla milletimizin kar\u015f\u0131s\u0131na her g\u00fcn yeni bir alg\u0131 operasyonu ile \u00e7\u0131kmaya devam etmektedir. Deprem b\u00f6lgelerinde gezerken bile adayl\u0131k kavgas\u0131 yapmaktan vazge\u00e7meyen, birbirlerini geri<\/p>\n<p>zekal\u0131 olmakla tan\u0131mlayan, ya\u015fanan felaketten kaos do\u011furup iktidar dev\u015firmeye heveslenen Zillet \u0130ttifak\u0131&#8217;n\u0131n i\u00e7ine d\u00fc\u015ft\u00fc\u011f\u00fc \u00e7ukur siyaseti a\u00e7\u0131k\u00e7a ortadad\u0131r. T\u00fcrk milleti bu \u00e7ukur siyasetine, zilletten iktidar dev\u015firmeye \u00e7al\u0131\u015fan 6+1 masas\u0131 ve yanc\u0131lar\u0131na, T\u00fcrk futbolunu zillete kurban etmek isteyen siyaset holiganlar\u0131na ve Say\u0131n Genel Ba\u015fkan\u0131m\u0131z\u0131n s\u00f6zlerini \u00e7arp\u0131tarak alg\u0131 operasyonlar\u0131ndan beslenen zillete gereken cevab\u0131 verecektir. Milliyet\u00e7i Hareket Partisi B\u00fcy\u00fck T\u00fcrk milletinin iradesini ipotek alt\u0131na almaya \u00e7al\u0131\u015fanlar\u0131n, ac\u0131lar\u0131n\u0131 istismar edenlerin, istikbalini karga\u015faya mahk\u00fbm etmek isteyenlerin d\u00fcn oldu\u011fu gibi bug\u00fcn de kar\u015f\u0131s\u0131nda, aziz milletimizin ise daima yan\u0131nda olmaya devam edecektir.&#8221;<\/p>\n<p><img decoding=\"async\" src=\"https:\/\/i.hbrcdn.com\/haber\/2023\/03\/01\/mhp-den-bahceli-nin-depremzedelere-sessizlik-15667593_3274_m.jpg\" alt=\"\" title=\"\"><\/p>\n<p><img decoding=\"async\" src=\"https:\/\/i.hbrcdn.com\/haber\/2023\/03\/01\/mhp-den-bahceli-nin-depremzedelere-sessizlik-15667593_9982_m.jpg\" alt=\"\" title=\"\"><\/p>\n<p><img decoding=\"async\" src=\"https:\/\/i.hbrcdn.com\/haber\/2023\/03\/01\/mhp-den-bahceli-nin-depremzedelere-sessizlik-15667593_5286_m.jpg\" alt=\"\" title=\"\"><\/p>\n<p><img decoding=\"async\" src=\"https:\/\/i.hbrcdn.com\/haber\/2023\/03\/01\/mhp-den-bahceli-nin-depremzedelere-sessizlik-15667593_4847_m.jpg\" alt=\"\" title=\"\"><\/p>\n<p><img decoding=\"async\" src=\"https:\/\/i.hbrcdn.com\/haber\/2023\/03\/01\/mhp-den-bahceli-nin-depremzedelere-sessizlik-15667593_1121_m.jpg\" alt=\"\" title=\"\"><\/p>\n<p><img decoding=\"async\" src=\"https:\/\/i.hbrcdn.com\/haber\/2023\/03\/01\/mhp-den-bahceli-nin-depremzedelere-sessizlik-15667593_5753_m.jpg\" alt=\"\" title=\"\"><\/p>\n<p><img decoding=\"async\" src=\"https:\/\/i.hbrcdn.com\/haber\/2023\/03\/01\/mhp-den-bahceli-nin-depremzedelere-sessizlik-15667593_4032_m.jpg\" alt=\"\" title=\"\"><\/p>\n<p><img decoding=\"async\" src=\"https:\/\/i.hbrcdn.com\/haber\/2023\/03\/01\/mhp-den-bahceli-nin-depremzedelere-sessizlik-15667593_3529_m.jpg\" alt=\"\" title=\"\"><\/p>\n<p><img decoding=\"async\" src=\"https:\/\/i.hbrcdn.com\/haber\/2023\/03\/01\/mhp-den-bahceli-nin-depremzedelere-sessizlik-15667593_8377_m.jpg\" alt=\"\" title=\"\"><\/p>\n<p><img decoding=\"async\" src=\"https:\/\/i.hbrcdn.com\/haber\/2023\/03\/01\/mhp-den-bahceli-nin-depremzedelere-sessizlik-15667593_4542_m.jpg\" alt=\"\" title=\"\"><\/p>\n","protected":false},"excerpt":{"rendered":"<p>MHP lideri Devlet Bah\u00e7eli Elbistan ziyareti s\u0131ras\u0131nda tepki g\u00f6steren depremzedelere y\u00f6nelik &#8220;B\u00f6ylesi olaylarda, Say\u0131n Cumhurba\u015fkan\u0131m\u0131z\u0131n ve di\u011fer yetkililerin buray\u0131 ziyaretini sabote etmeye hakk\u0131n\u0131z yok. Sessizlik olacak. Da\u011f\u0131l\u0131n gitsin. \u0130ndirin \u015funlar\u0131&#8221; ifadelerini kulland\u0131. Kamuoyunda geni\u015f yank\u0131 uyand\u0131ran g\u00f6r\u00fcnt\u00fclere ili\u015fkin ilk a\u00e7\u0131klama MHP Genel Sekreteri \u0130smet B\u00fcy\u00fckataman&#8217;dan geldi. B\u00fcy\u00fckataman, g\u00f6r\u00fcnt\u00fc \u00fczerinden yap\u0131lan haberleri iftira ve alg\u0131 operasyonu olarak nitelendirdi.<\/p>\n","protected":false},"author":1,"featured_media":73195,"comment_status":"closed","ping_status":"open","sticky":false,"template":"","format":"standard","meta":{"footnotes":""},"categories":[28],"tags":[1606,1958,4069,87,5100],"class_list":["post-73194","post","type-post","status-publish","format-standard","has-post-thumbnail","hentry","category-politika","tag-bahceli","tag-deprem","tag-siyaset","tag-turk","tag-zillet-ittifaki"],"_links":{"self":[{"href":"https:\/\/haberulus.net\/index.php?rest_route=\/wp\/v2\/posts\/73194","targetHints":{"allow":["GET"]}}],"collection":[{"href":"https:\/\/haberulus.net\/index.php?rest_route=\/wp\/v2\/posts"}],"about":[{"href":"https:\/\/haberulus.net\/index.php?rest_route=\/wp\/v2\/types\/post"}],"author":[{"embeddable":true,"href":"https:\/\/haberulus.net\/index.php?rest_route=\/wp\/v2\/users\/1"}],"replies":[{"embeddable":true,"href":"https:\/\/haberulus.net\/index.php?rest_route=%2Fwp%2Fv2%2Fcomments&post=73194"}],"version-history":[{"count":1,"href":"https:\/\/haberulus.net\/index.php?rest_route=\/wp\/v2\/posts\/73194\/revisions"}],"predecessor-version":[{"id":73196,"href":"https:\/\/haberulus.net\/index.php?rest_route=\/wp\/v2\/posts\/73194\/revisions\/73196"}],"wp:featuredmedia":[{"embeddable":true,"href":"https:\/\/haberulus.net\/index.php?rest_route=\/wp\/v2\/media\/73195"}],"wp:attachment":[{"href":"https:\/\/haberulus.net\/index.php?rest_route=%2Fwp%2Fv2%2Fmedia&parent=73194"}],"wp:term":[{"taxonomy":"category","embeddable":true,"href":"https:\/\/haberulus.net\/index.php?rest_route=%2Fwp%2Fv2%2Fcategories&post=73194"},{"taxonomy":"post_tag","embeddable":true,"href":"https:\/\/haberulus.net\/index.php?rest_route=%2Fwp%2Fv2%2Ftags&post=73194"}],"curies":[{"name":"wp","href":"https:\/\/api.w.org\/{rel}","templated":true}]}}