{"id":73528,"date":"2023-03-02T02:51:04","date_gmt":"2023-03-02T02:51:04","guid":{"rendered":"https:\/\/haberulus.net\/?p=73528"},"modified":"2023-03-02T02:51:04","modified_gmt":"2023-03-02T02:51:04","slug":"ciftciyi-gosterip-tuccara-destek","status":"publish","type":"post","link":"https:\/\/haberulus.net\/?p=73528","title":{"rendered":"\u00c7ift\u00e7iyi g\u00f6sterip t\u00fcccara destek"},"content":{"rendered":"<p>Cumhurba\u015fkan\u0131 Recep Tayyip Erdo\u011fan&#8217;\u0131n depremde zora d\u00fc\u015fen Ad\u0131yamanl\u0131 t\u00fct\u00fcn \u00fcreticilerine verdi\u011fi indirimli \u00d6zel T\u00fcketim Vergisi (\u00d6TV) m\u00fcjdesinin \u00e7ift\u00e7inin do\u011frudan i\u015fine yaramayaca\u011f\u0131, indirimden as\u0131l kazanc\u0131 t\u00fct\u00fcn ticareti yapanlar\u0131n elde edece\u011fi bildirildi. Vergi indirimi yerine \u00e7ift\u00e7inin \u00fcretti\u011fi yaprak t\u00fct\u00fcn fiyat\u0131na ilave devlet deste\u011fi verilmesi \u00f6nerildi.\u00a0 Cumhurba\u015fkan\u0131 Erdo\u011fan deprem b\u00f6lgesini ziyareti s\u0131ras\u0131nda, \u201cK\u0131y\u0131lm\u0131\u015f t\u00fct\u00fcn sat\u0131\u015f\u0131ndaki y\u00fczde 55 olan \u00d6TV oran\u0131n\u0131 yar\u0131ya indiriyoruz. \u00dcreticilerimiz \u015firketlere g\u00f6re daha avantajl\u0131 \u015fekilde \u00fcr\u00fcnlerini pazarlama imkan\u0131 bulabilecektir. D\u00fczenleme birka\u00e7 g\u00fcn i\u00e7inde hayata ge\u00e7ecek\u201d demi\u015fti.<\/p>\n<p><strong>YAPRAK T\u00dcT\u00dcN \u00dcRET\u0130YOR<\/strong><\/p>\n<p>Sigara Harici T\u00fct\u00fcn Mam\u00fclleri \u00dcreticileri Derne\u011fi eski Ba\u015fkan\u0131 G\u00f6khan Ers\u00f6z, \u00e7ift\u00e7inin k\u0131y\u0131lm\u0131\u015f t\u00fct\u00fcn de\u011fil do\u011frudan yaprak t\u00fct\u00fcn \u00fcretti\u011fini, yaprak t\u00fct\u00fcn\u00fcn ise \u00d6TV&#8217;ye tabi olmad\u0131\u011f\u0131n\u0131 s\u00f6yledi. \u00d6TV indirimiyle \u00e7ift\u00e7inin desteklenmesine imkan olmad\u0131\u011f\u0131n\u0131 belirten Ers\u00f6z, \u201c\u00c7ift\u00e7i yaprak t\u00fct\u00fcn\u00fc \u00fcretir, balyalar halinde ya kooperatife ya da t\u00fct\u00fcn i\u015fleme \u015firketlerine satar. Bu sat\u0131\u015f s\u0131ras\u0131nda herhangi bir \u00d6TV \u00f6demez. \u00c7ift\u00e7inin satt\u0131\u011f\u0131 bu t\u00fct\u00fcn i\u015fletmeler taraf\u0131ndan i\u015flenir, k\u0131y\u0131lm\u0131\u015f sarmal\u0131k t\u00fct\u00fcne d\u00f6n\u00fc\u015ft\u00fcr\u00fcl\u00fcp paketlenir, o zaman y\u00fczde 55 \u00d6TV devreye girer. E\u011fer bu \u00fcr\u00fcndeki \u00d6TV y\u00fczde 55&#8217;ten y\u00fczde 27.5&#8217;e d\u00fc\u015f\u00fcr\u00fcl\u00fcrse \u00e7ift\u00e7inin t\u00fct\u00fcn\u00fcn\u00fc i\u015fleyip satanlar, ticaretini yapanlar fiyat\u0131 o oranda indirmezlerse kazan\u00e7 sa\u011flarlar. Bu kazanc\u0131n k\u00fc\u00e7\u00fck bir miktar\u0131 da kooperatif \u00fcyesi \u00e7ift\u00e7iye dolayl\u0131 yoldan gidebilir. \u0130ndirimi fiyata yans\u0131t\u0131rlarsa t\u00fcketici kazan\u00e7 sa\u011flar, \u00fcretici yine kazanamaz\u201d dedi.<\/p>\n<div><img decoding=\"async\" src=\"https:\/\/i01.sozcucdn.com\/wp-content\/uploads\/2023\/03\/02\/7-tutun-gokhan.jpg\" alt=\"\" title=\"\"><\/p>\n<p>G\u00f6khan Ers\u00f6z<\/p>\n<\/div>\n<p><b>\u00c7ift\u00e7i ba\u015ffiyatla desteklenmeli<\/b><\/p>\n<p>G\u00f6khan \u00d6z, depremden zarar g\u00f6ren t\u00fct\u00fcn \u00fcreticisine ba\u015ffiyat al\u0131m deste\u011fi verilmesini \u00f6nerdi. Devlet destekli ba\u015ffiyat\u0131n depremzede \u00fcreticilere uygulanabilece\u011fini belirten \u00d6ze, \u201c\u00c7ift\u00e7inin \u00fcretti\u011fi yaprak t\u00fct\u00fcn fiyat\u0131na bir kat da devlet destek verebilir. B\u00f6ylece \u00e7ift\u00e7inin cebine do\u011frudan para girer. Destek ba\u015fkalar\u0131na gitmemi\u015f olur\u201d dedi. Vergi indirimi \u00f6nerisinin daha \u00f6nce g\u00fcndeme geldi\u011fi ancak Hazine ve Maliye Bakanl\u0131\u011f\u0131&#8217;n\u0131n \u00e7ift\u00e7inin i\u015fine yaramayaca\u011f\u0131 gerek\u00e7esiyle bu talepleri geri \u00e7evirdi\u011fi ifade ediliyor.<\/p>\n<p><b>57 bin t\u00fct\u00fcn \u00fcreticisi etkilenir<\/b><\/p>\n<p><strong>T\u00fcrkiye&#8217;de t\u00fct\u00fcn \u00fcreten \u00e7ift\u00e7i say\u0131s\u0131 57 bin ki\u015fi olurken, 2020 verilerine g\u00f6re toplam \u00fcretim miktar\u0131 950 bin dekar alanda 82 bin 791 tonu buluyor. Toplam t\u00fct\u00fcn \u00fcretiminden depremin etkiledi\u011fi Do\u011fu ve G\u00fcneydo\u011fu Anadolu B\u00f6lgeleri y\u00fczde 29, Akdeniz B\u00f6lgesi ise y\u00fczde 1 pay al\u0131yor.<\/strong><\/p>\n","protected":false},"excerpt":{"rendered":"<p>K\u0131y\u0131lm\u0131\u015f t\u00fct\u00fcndeki \u00d6TV\u2019nin azalt\u0131lmas\u0131n\u0131n \u00fcreticileri destelemek i\u00e7in yetersiz kalaca\u011f\u0131 vurgulan\u0131yor. \u00d6TV indiriminden sonra esas olarak t\u00fct\u00fcn ticareti yapan t\u00fcccarlar\u0131n kazan\u00e7l\u0131 \u00e7\u0131kaca\u011f\u0131 da belirtildi.<\/p>\n","protected":false},"author":1,"featured_media":73529,"comment_status":"closed","ping_status":"open","sticky":false,"template":"","format":"standard","meta":{"footnotes":""},"categories":[25],"tags":[10719,711,3826,5315,510],"class_list":["post-73528","post","type-post","status-publish","format-standard","has-post-thumbnail","hentry","category-ekonomi","tag-ciftcinin","tag-destek","tag-otv","tag-tutun","tag-uretici"],"_links":{"self":[{"href":"https:\/\/haberulus.net\/index.php?rest_route=\/wp\/v2\/posts\/73528","targetHints":{"allow":["GET"]}}],"collection":[{"href":"https:\/\/haberulus.net\/index.php?rest_route=\/wp\/v2\/posts"}],"about":[{"href":"https:\/\/haberulus.net\/index.php?rest_route=\/wp\/v2\/types\/post"}],"author":[{"embeddable":true,"href":"https:\/\/haberulus.net\/index.php?rest_route=\/wp\/v2\/users\/1"}],"replies":[{"embeddable":true,"href":"https:\/\/haberulus.net\/index.php?rest_route=%2Fwp%2Fv2%2Fcomments&post=73528"}],"version-history":[{"count":1,"href":"https:\/\/haberulus.net\/index.php?rest_route=\/wp\/v2\/posts\/73528\/revisions"}],"predecessor-version":[{"id":73530,"href":"https:\/\/haberulus.net\/index.php?rest_route=\/wp\/v2\/posts\/73528\/revisions\/73530"}],"wp:featuredmedia":[{"embeddable":true,"href":"https:\/\/haberulus.net\/index.php?rest_route=\/wp\/v2\/media\/73529"}],"wp:attachment":[{"href":"https:\/\/haberulus.net\/index.php?rest_route=%2Fwp%2Fv2%2Fmedia&parent=73528"}],"wp:term":[{"taxonomy":"category","embeddable":true,"href":"https:\/\/haberulus.net\/index.php?rest_route=%2Fwp%2Fv2%2Fcategories&post=73528"},{"taxonomy":"post_tag","embeddable":true,"href":"https:\/\/haberulus.net\/index.php?rest_route=%2Fwp%2Fv2%2Ftags&post=73528"}],"curies":[{"name":"wp","href":"https:\/\/api.w.org\/{rel}","templated":true}]}}